{"id":53403,"date":"2023-10-09T01:52:27","date_gmt":"2023-10-09T01:52:27","guid":{"rendered":"https:\/\/www.bitacoracdmx.com\/?p=53403"},"modified":"2023-10-09T01:52:27","modified_gmt":"2023-10-09T01:52:27","slug":"en-el-marco-del-oktober-fest-2023-de-fussen-bmw-motorrad-volcom-presenta-en-exclusiva-a-dld","status":"publish","type":"post","link":"https:\/\/www.bitacoracdmx.com\/?p=53403","title":{"rendered":"En el marco del OKTOBER FEST 2023 de F\u00dcSSEN BMW MOTORRAD, VOLCOM presenta en exclusiva a DLD"},"content":{"rendered":"<p>[fusion_builder_container hundred_percent=&#8221;no&#8221; equal_height_columns=&#8221;no&#8221; menu_anchor=&#8221;&#8221; hide_on_mobile=&#8221;small-visibility,medium-visibility,large-visibility&#8221; class=&#8221;&#8221; id=&#8221;&#8221; background_color=&#8221;&#8221; background_image=&#8221;&#8221; background_position=&#8221;center center&#8221; background_repeat=&#8221;no-repeat&#8221; fade=&#8221;no&#8221; background_parallax=&#8221;none&#8221; parallax_speed=&#8221;0.3&#8243; video_mp4=&#8221;&#8221; video_webm=&#8221;&#8221; video_ogv=&#8221;&#8221; video_url=&#8221;&#8221; video_aspect_ratio=&#8221;16:9&#8243; video_loop=&#8221;yes&#8221; video_mute=&#8221;yes&#8221; overlay_color=&#8221;&#8221; video_preview_image=&#8221;&#8221; border_size=&#8221;&#8221; border_color=&#8221;&#8221; border_style=&#8221;solid&#8221; padding_top=&#8221;&#8221; padding_bottom=&#8221;&#8221; padding_left=&#8221;&#8221; padding_right=&#8221;&#8221;][fusion_builder_row][fusion_builder_column type=&#8221;1_1&#8243; layout=&#8221;1_1&#8243; background_position=&#8221;left top&#8221; background_color=&#8221;&#8221; border_size=&#8221;&#8221; border_color=&#8221;&#8221; border_style=&#8221;solid&#8221; border_position=&#8221;all&#8221; spacing=&#8221;yes&#8221; background_image=&#8221;&#8221; background_repeat=&#8221;no-repeat&#8221; padding_top=&#8221;&#8221; padding_right=&#8221;&#8221; padding_bottom=&#8221;&#8221; padding_left=&#8221;&#8221; margin_top=&#8221;0px&#8221; margin_bottom=&#8221;0px&#8221; class=&#8221;&#8221; id=&#8221;&#8221; animation_type=&#8221;&#8221; animation_speed=&#8221;0.3&#8243; animation_direction=&#8221;left&#8221; hide_on_mobile=&#8221;small-visibility,medium-visibility,large-visibility&#8221; center_content=&#8221;no&#8221; last=&#8221;no&#8221; min_height=&#8221;&#8221; hover_type=&#8221;none&#8221; link=&#8221;&#8221;][fusion_text]<\/p>\n<p>REDACCI\u00d3N<\/p>\n<p><i>La cita ser\u00e1 este\u00a0<\/i><b><i>s\u00e1bado 7 de octubre<\/i><\/b><i>\u00a0en punto de las 20:00, donde el p\u00fablico podr\u00e1 vivir esta \u00fanica experiencia dentro del evento\u00a0<b>F\u00dcSSEN<\/b>\u00a0<b>BMW MOTORRAD\u00a0<\/b>del\u00a0<b>Oktober Fest 2023<\/b><\/i><\/p>\n<p><b>VOLCOM\u00a0<\/b>es una marca que naci\u00f3 para inspirar en perseguir nuestras pasiones, con la visi\u00f3n de convertir los obst\u00e1culos en oportunidades. Es por ello, que lo que resta del 2023 y todo el 2024, llevar\u00e1 a cabo diversas actividades, eventos y sinergias como la de este\u00a0<b>s\u00e1bado 07 de Octubre<\/b>\u00a0dentro del evento\u00a0<b>F\u00dcSSEN<\/b>\u00a0<b>BMW MOTORRAD\u00a0<\/b>del\u00a0<b>Oktober Fest 2023<\/b>, donde\u00a0<b>VOLCOM\u00a0<\/b>presenta en exclusiva a la banda\u00a0<b>DLD<\/b>, agrupaci\u00f3n que comparten el mismo\u00a0<i>ADN<\/i>\u00a0que\u00a0<b>VOLCOM<\/b>.<\/p>\n<p><b>VOLCOM<\/b>\u00a0se suma al\u00a0<b>Oktober Fest 2023<\/b>\u00a0como patrocinador de este imperdible evento de\u00a0<b>F\u00dcSSEN<\/b>, donde un aproximado de mil asistentes vivir\u00e1n un abanico de experiencias durante m\u00e1s de 10 horas<b>. Oktober Fest<\/b>\u00a0despliega un abanico de opciones para comer, beber, adquirir, compartir y vivir, a trav\u00e9s de una atm\u00f3sfera de libertad propia de la comunidad\u00a0<i>biker de\u00a0<\/i><b>BMW<\/b><i>.<\/i><\/p>\n<p>Desde que el lugar abra sus puertas, los asistentes estar\u00e1n destinados a pasar un poderoso s\u00e1bado.\u00a0<b>Oktober Fest<\/b>\u00a0es un evento para disfrutar de degustaciones de un sinf\u00edn de cervezas alemanas, buena gastronom\u00eda, fascinantes conferencias y mucha m\u00fasica.\u00a0<b>Oktober 2023\u00a0<\/b>se perfila para que cada a\u00f1o sea una mejor edici\u00f3n. Para\u00a0<b>VOLCOM<\/b>\u00a0es un placer que este\u00a0<b>s\u00e1bado 7 de octubre<\/b>\u00a0en punto de las 20:00, el p\u00fablico pueda vivir esta \u00fanica experiencia.<\/p>\n<p><b><u>\u00a0<\/u><\/b><b><u>Acerca de VOLCOM<\/u><\/b><\/p>\n<p><b>VOLCOM<\/b>\u00a0fue fundado en 1991 por dos emprendedores apasionados, quienes basaron el esp\u00edritu de la compa\u00f1\u00eda en sus experiencias en los deportes sobre tablas: Skate, Surf &amp; Snowboard. El primer mantra de la compa\u00f1\u00eda &#8220;Youth Against Establishment&#8221; reflejaba el esp\u00edritu de la juventud rebelde. Desde esos inicios,\u00a0<b>VOLCOM<\/b>\u00a0ha sido propagado a trav\u00e9s del mundo.<\/p>\n<p>Hoy el mantra de la marca &#8220;True To This&#8221; (fiel a mi pasi\u00f3n) est\u00e1 conectando a una audiencia m\u00e1s grande a trav\u00e9s de \u201cLa B\u00fasqueda Irracional de Nuestras Pasiones\u201d, lo que conlleva una diversidad de consumidor que no se detiene, al que le apasionan los deportes, o la m\u00fasica, o la cultura, o la ciencia o el arte.<\/p>\n<p><b>VOLCOM<\/b>\u00a0es pues una marca que asume todos los v\u00e9rtices de la inclusi\u00f3n.\u00a0<b>VOLCOM<\/b>\u00a0es sustentabilidad, congruencia, creatividad, y su sello de libertad lo aplica a trav\u00e9s de la sinergia en la colaboraci\u00f3n de diversos dise\u00f1adores, artistas y atletas<b>. VOLCOM<\/b>\u00a0es una marca exclusiva de venta en l\u00ednea que abarca la l\u00ednea para mujeres, hombres y adolescentes. Puedes conocer m\u00e1s de\u00a0<b>VOLCOM<\/b>\u00a0en\u00a0<a href=\"http:\/\/www.volcom.com.mx\/\" target=\"_blank\" rel=\"noopener noreferrer\" data-auth=\"NotApplicable\" data-linkindex=\"0\">www.volcom.com.mx<\/a><b><\/b><\/p>\n<p><b><u>Acerca del Oktoberfest<\/u><\/b><\/p>\n<p>Naci\u00f3 en octubre de 1810 en la capital B\u00e1vara para celebrar la boda del principe Luis I de Baviera y Teresa Sajonia-Hildburghausen, desde entonces adquiriendo gran popularidad a nivel internacional. En F\u00dcSSEN BMW MOTORRAD celebran el Oktoberfest anualmente, haciendo sinergia con su comunidad de bikers.<\/p>\n<p>En CDMX, este 07 de octubre ser\u00e1 el segundo a\u00f1o en llevarse a cabo este magno evento lleno de m\u00fasica, comida, premios y amenidades: bebidas, alimentos, activaciones, stands c\/ accesorios. Presentaciones de Dj\u2019s, el show ahora de\u00a0<b>DLD\u00a0<\/b>y la conferencia del youtuber motoviajero \u201cSoy Tribu\u201d.<\/p>\n<p>Este es un evento dirigido a la comunidad\u00a0<b>BMW\u00a0<\/b>y a los consumidores\u00a0<b>VOLCOM,\u00a0<\/b>quienes comparten una similitud de pasiones<b>.\u00a0<\/b>El aforo de asistencia y amenidades estar\u00e1 dividido de la siguiente forma:<\/p>\n<p><i><u>\u00a0<\/u><\/i><i><u>ZONA GENERAL<\/u><\/i>: Acceso Evento, Charla de (Soy Tribu), Stands, \u00c1rea comida, descuentos boutique<\/p>\n<p><i><u>ZONA PREFERENTE<\/u><\/i>: Acceso al evento y VIP, rifas exclusivas con un valor de m\u00e1s de cuatrocientos mil pesos en premios con marcas como BMW Motorrad y Pirelli. Acceso a Show\u00a0<b>DLD<\/b>.<\/p>\n<p><i><u>ZONA VIP<\/u><\/i><i>:<\/i>\u00a0Acceso VIP, Charla de (Soy Tribu), Comida, 2 Lt de cerveza, Flash pass a barras, Welcome kit, Show\u00a0<b>DLD,<\/b>\u00a0Acceso exclusivo a rifas con un valor de m\u00e1s de cuatrocientos mil pesos en premios con marcas como BMW Motorrad y Pirelli.<\/p>\n<p>REDES SOCIALES VOLCOM:<\/p>\n<p>FACEBOOK: @volcomlatam<\/p>\n<p>INSTAGRAM:\u00a0<a href=\"https:\/\/www.instagram.com\/volcom\/\" target=\"_blank\" rel=\"noopener noreferrer\" data-auth=\"NotApplicable\" data-linkindex=\"1\">https:\/\/www.instagram.com\/volcom\/<\/a><\/p>\n<p>X (ANTES TWITTER): @Volcom<\/p>\n<p>YOUTUBE:\u00a0<a href=\"https:\/\/www.youtube.com\/Volcom\" target=\"_blank\" rel=\"noopener noreferrer\" data-auth=\"NotApplicable\" data-linkindex=\"2\">https:\/\/www.youtube.com\/Volcom<\/a><\/p>\n<div dir=\"auto\"><a class=\"x1i10hfl xjbqb8w x6umtig x1b1mbwd xaqea5y xav7gou x9f619 x1ypdohk xt0psk2 xe8uvvx xdj266r x11i5rnm xat24cr x1mh8g0r xexx8yu x4uap5 x18d9i69 xkhd6sd x16tdsg8 x1hl2dhg xggy1nq x1a2a7pz xt0b8zv x1qq9wsj xo1l8bm\" tabindex=\"0\" role=\"link\" href=\"https:\/\/www.facebook.com\/hashtag\/volcom?__eep__=6&amp;__cft__[0]=AZV_y_AT3yRMuyKiYlTVFJForf8WKf_1Y9iuuBRE6X7e4moPcDBGRcDvbBVM009q45UCV0edn50xcYNLN2nnwv_eGF7Ep9XZYll8LUMDW057I1qAhw-_3s_QbZ5GJ9wG9_E&amp;__tn__=*NK-R\">#volcom<\/a><\/div>\n<div dir=\"auto\"><a class=\"x1i10hfl xjbqb8w x6umtig x1b1mbwd xaqea5y xav7gou x9f619 x1ypdohk xt0psk2 xe8uvvx xdj266r x11i5rnm xat24cr x1mh8g0r xexx8yu x4uap5 x18d9i69 xkhd6sd x16tdsg8 x1hl2dhg xggy1nq x1a2a7pz xt0b8zv x1qq9wsj xo1l8bm\" tabindex=\"0\" role=\"link\" href=\"https:\/\/www.facebook.com\/hashtag\/oktoberfest?__eep__=6&amp;__cft__[0]=AZV_y_AT3yRMuyKiYlTVFJForf8WKf_1Y9iuuBRE6X7e4moPcDBGRcDvbBVM009q45UCV0edn50xcYNLN2nnwv_eGF7Ep9XZYll8LUMDW057I1qAhw-_3s_QbZ5GJ9wG9_E&amp;__tn__=*NK-R\">#oktoberfest<\/a><\/div>\n<div dir=\"auto\"><a class=\"x1i10hfl xjbqb8w x6umtig x1b1mbwd xaqea5y xav7gou x9f619 x1ypdohk xt0psk2 xe8uvvx xdj266r x11i5rnm xat24cr x1mh8g0r xexx8yu x4uap5 x18d9i69 xkhd6sd x16tdsg8 x1hl2dhg xggy1nq x1a2a7pz xt0b8zv x1qq9wsj xo1l8bm\" tabindex=\"0\" role=\"link\" href=\"https:\/\/www.facebook.com\/hashtag\/fussenbmw?__eep__=6&amp;__cft__[0]=AZV_y_AT3yRMuyKiYlTVFJForf8WKf_1Y9iuuBRE6X7e4moPcDBGRcDvbBVM009q45UCV0edn50xcYNLN2nnwv_eGF7Ep9XZYll8LUMDW057I1qAhw-_3s_QbZ5GJ9wG9_E&amp;__tn__=*NK-R\">#fussenbmw<\/a><\/div>\n<div dir=\"auto\"><a class=\"x1i10hfl xjbqb8w x6umtig x1b1mbwd xaqea5y xav7gou x9f619 x1ypdohk xt0psk2 xe8uvvx xdj266r x11i5rnm xat24cr x1mh8g0r xexx8yu x4uap5 x18d9i69 xkhd6sd x16tdsg8 x1hl2dhg xggy1nq x1a2a7pz xt0b8zv x1qq9wsj xo1l8bm\" tabindex=\"0\" role=\"link\" href=\"https:\/\/www.facebook.com\/hashtag\/bitacoracdmx?__eep__=6&amp;__cft__[0]=AZV_y_AT3yRMuyKiYlTVFJForf8WKf_1Y9iuuBRE6X7e4moPcDBGRcDvbBVM009q45UCV0edn50xcYNLN2nnwv_eGF7Ep9XZYll8LUMDW057I1qAhw-_3s_QbZ5GJ9wG9_E&amp;__tn__=*NK-R\">#bitacoracdmx<\/a><\/div>\n<div dir=\"auto\"><a class=\"x1i10hfl xjbqb8w x6umtig x1b1mbwd xaqea5y xav7gou x9f619 x1ypdohk xt0psk2 xe8uvvx xdj266r x11i5rnm xat24cr x1mh8g0r xexx8yu x4uap5 x18d9i69 xkhd6sd x16tdsg8 x1hl2dhg xggy1nq x1a2a7pz xt0b8zv x1qq9wsj xo1l8bm\" tabindex=\"0\" role=\"link\" href=\"https:\/\/www.facebook.com\/hashtag\/dld?__eep__=6&amp;__cft__[0]=AZV_y_AT3yRMuyKiYlTVFJForf8WKf_1Y9iuuBRE6X7e4moPcDBGRcDvbBVM009q45UCV0edn50xcYNLN2nnwv_eGF7Ep9XZYll8LUMDW057I1qAhw-_3s_QbZ5GJ9wG9_E&amp;__tn__=*NK-R\">#DLD<\/a><\/div>\n<p>[\/fusion_text][fusion_imageframe image_id=&#8221;53404|medium&#8221; max_width=&#8221;&#8221; style_type=&#8221;&#8221; blur=&#8221;&#8221; stylecolor=&#8221;&#8221; hover_type=&#8221;none&#8221; bordersize=&#8221;&#8221; bordercolor=&#8221;&#8221; borderradius=&#8221;&#8221; align=&#8221;none&#8221; lightbox=&#8221;no&#8221; gallery_id=&#8221;&#8221; lightbox_image=&#8221;&#8221; lightbox_image_id=&#8221;&#8221; alt=&#8221;&#8221; link=&#8221;&#8221; linktarget=&#8221;_self&#8221; hide_on_mobile=&#8221;small-visibility,medium-visibility,large-visibility&#8221; class=&#8221;&#8221; id=&#8221;&#8221; animation_type=&#8221;&#8221; animation_direction=&#8221;left&#8221; animation_speed=&#8221;0.3&#8243; animation_offset=&#8221;&#8221;]https:\/\/www.bitacoracdmx.com\/wp-content\/uploads\/2023\/10\/VOLCOM-Oktober-Fest.-2023-Cartel-300&#215;300.jpg[\/fusion_imageframe][\/fusion_builder_column][\/fusion_builder_row][\/fusion_builder_container]<\/p>\n","protected":false},"excerpt":{"rendered":"<p>[fusion_builder_container hundred_percent=&#8221;no&#8221; equal_height_columns=&#8221;no&#8221; menu_anchor=&#8221;&#8221; hide_on_mobile=&#8221;small-visibility,medium-visibility,large-visibility&#8221; class=&#8221;&#8221; id=&#8221;&#8221; background_color=&#8221;&#8221; background_image=&#8221;&#8221; background_position=&#8221;center center&#8221; background_repeat=&#8221;no-repeat&#8221; fade=&#8221;no&#8221; background_parallax=&#8221;none&#8221; parallax_speed=&#8221;0.3&#8243; video_mp4=&#8221;&#8221; video_webm=&#8221;&#8221; video_ogv=&#8221;&#8221; video_url=&#8221;&#8221; video_aspect_ratio=&#8221;16:9&#8243; video_loop=&#8221;yes&#8221; video_mute=&#8221;yes&#8221; overlay_color=&#8221;&#8221; video_preview_image=&#8221;&#8221; border_size=&#8221;&#8221; border_color=&#8221;&#8221; border_style=&#8221;solid&#8221; padding_top=&#8221;&#8221; padding_bottom=&#8221;&#8221; padding_left=&#8221;&#8221; padding_right=&#8221;&#8221;][fusion_builder_row][fusion_builder_column type=&#8221;1_1&#8243; layout=&#8221;1_1&#8243; background_position=&#8221;left top&#8221; background_color=&#8221;&#8221; border_size=&#8221;&#8221; border_color=&#8221;&#8221; border_style=&#8221;solid&#8221; border_position=&#8221;all&#8221; spacing=&#8221;yes&#8221; background_image=&#8221;&#8221; background_repeat=&#8221;no-repeat&#8221; padding_top=&#8221;&#8221; padding_right=&#8221;&#8221; padding_bottom=&#8221;&#8221; padding_left=&#8221;&#8221; margin_top=&#8221;0px&#8221; margin_bottom=&#8221;0px&#8221; class=&#8221;&#8221; id=&#8221;&#8221; animation_type=&#8221;&#8221; animation_speed=&#8221;0.3&#8243; animation_direction=&#8221;left&#8221; hide_on_mobile=&#8221;small-visibility,medium-visibility,large-visibility&#8221; center_content=&#8221;no&#8221; last=&#8221;no&#8221; min_height=&#8221;&#8221; hover_type=&#8221;none&#8221; link=&#8221;&#8221;][fusion_text] REDACCI\u00d3N La cita ser\u00e1 este\u00a0s\u00e1bado 7 de octubre\u00a0en punto de las 20:00, donde el p\u00fablico podr\u00e1 vivir esta \u00fanica experiencia dentro del evento\u00a0F\u00dcSSEN\u00a0BMW MOTORRAD\u00a0del\u00a0Oktober Fest 2023 VOLCOM\u00a0es una marca que naci\u00f3 para inspirar en perseguir nuestras pasiones, con la visi\u00f3n [&hellip;]<\/p>\n","protected":false},"author":1,"featured_media":53404,"comment_status":"open","ping_status":"open","sticky":false,"template":"","format":"standard","meta":{"footnotes":""},"categories":[9,11],"tags":[],"_links":{"self":[{"href":"https:\/\/www.bitacoracdmx.com\/index.php?rest_route=\/wp\/v2\/posts\/53403"}],"collection":[{"href":"https:\/\/www.bitacoracdmx.com\/index.php?rest_route=\/wp\/v2\/posts"}],"about":[{"href":"https:\/\/www.bitacoracdmx.com\/index.php?rest_route=\/wp\/v2\/types\/post"}],"author":[{"embeddable":true,"href":"https:\/\/www.bitacoracdmx.com\/index.php?rest_route=\/wp\/v2\/users\/1"}],"replies":[{"embeddable":true,"href":"https:\/\/www.bitacoracdmx.com\/index.php?rest_route=%2Fwp%2Fv2%2Fcomments&post=53403"}],"version-history":[{"count":1,"href":"https:\/\/www.bitacoracdmx.com\/index.php?rest_route=\/wp\/v2\/posts\/53403\/revisions"}],"predecessor-version":[{"id":53405,"href":"https:\/\/www.bitacoracdmx.com\/index.php?rest_route=\/wp\/v2\/posts\/53403\/revisions\/53405"}],"wp:featuredmedia":[{"embeddable":true,"href":"https:\/\/www.bitacoracdmx.com\/index.php?rest_route=\/wp\/v2\/media\/53404"}],"wp:attachment":[{"href":"https:\/\/www.bitacoracdmx.com\/index.php?rest_route=%2Fwp%2Fv2%2Fmedia&parent=53403"}],"wp:term":[{"taxonomy":"category","embeddable":true,"href":"https:\/\/www.bitacoracdmx.com\/index.php?rest_route=%2Fwp%2Fv2%2Fcategories&post=53403"},{"taxonomy":"post_tag","embeddable":true,"href":"https:\/\/www.bitacoracdmx.com\/index.php?rest_route=%2Fwp%2Fv2%2Ftags&post=53403"}],"curies":[{"name":"wp","href":"https:\/\/api.w.org\/{rel}","templated":true}]}}