{"id":53406,"date":"2023-10-09T02:03:19","date_gmt":"2023-10-09T02:03:19","guid":{"rendered":"https:\/\/www.bitacoracdmx.com\/?p=53406"},"modified":"2023-10-09T02:03:19","modified_gmt":"2023-10-09T02:03:19","slug":"yousamot-cota-regresa-a-diablos-con-la-intencion-de-aportar-al-equipo-en-la-liga-invernal","status":"publish","type":"post","link":"https:\/\/www.bitacoracdmx.com\/?p=53406","title":{"rendered":"YOUSAMOT COTA regresa a DIABLOS con la intenci\u00f3n de aportar al equipo en la LIGA INVERNAL"},"content":{"rendered":"<p>[fusion_builder_container hundred_percent=&#8221;no&#8221; equal_height_columns=&#8221;no&#8221; menu_anchor=&#8221;&#8221; hide_on_mobile=&#8221;small-visibility,medium-visibility,large-visibility&#8221; class=&#8221;&#8221; id=&#8221;&#8221; background_color=&#8221;&#8221; background_image=&#8221;&#8221; background_position=&#8221;center center&#8221; background_repeat=&#8221;no-repeat&#8221; fade=&#8221;no&#8221; background_parallax=&#8221;none&#8221; parallax_speed=&#8221;0.3&#8243; video_mp4=&#8221;&#8221; video_webm=&#8221;&#8221; video_ogv=&#8221;&#8221; video_url=&#8221;&#8221; video_aspect_ratio=&#8221;16:9&#8243; video_loop=&#8221;yes&#8221; video_mute=&#8221;yes&#8221; overlay_color=&#8221;&#8221; video_preview_image=&#8221;&#8221; border_size=&#8221;&#8221; border_color=&#8221;&#8221; border_style=&#8221;solid&#8221; padding_top=&#8221;&#8221; padding_bottom=&#8221;&#8221; padding_left=&#8221;&#8221; padding_right=&#8221;&#8221;][fusion_builder_row][fusion_builder_column type=&#8221;1_1&#8243; layout=&#8221;1_1&#8243; background_position=&#8221;left top&#8221; background_color=&#8221;&#8221; border_size=&#8221;&#8221; border_color=&#8221;&#8221; border_style=&#8221;solid&#8221; border_position=&#8221;all&#8221; spacing=&#8221;yes&#8221; background_image=&#8221;&#8221; background_repeat=&#8221;no-repeat&#8221; padding_top=&#8221;&#8221; padding_right=&#8221;&#8221; padding_bottom=&#8221;&#8221; padding_left=&#8221;&#8221; margin_top=&#8221;0px&#8221; margin_bottom=&#8221;0px&#8221; class=&#8221;&#8221; id=&#8221;&#8221; animation_type=&#8221;&#8221; animation_speed=&#8221;0.3&#8243; animation_direction=&#8221;left&#8221; hide_on_mobile=&#8221;small-visibility,medium-visibility,large-visibility&#8221; center_content=&#8221;no&#8221; last=&#8221;no&#8221; min_height=&#8221;&#8221; hover_type=&#8221;none&#8221; link=&#8221;&#8221;][fusion_text]<\/p>\n<p>REDACCI\u00d3N<\/p>\n<div>Form\u00f3 parte de la primera generaci\u00f3n de la Academia de Beisbol Alfredo Harp Hel\u00fa, debut\u00f3 en la Liga Mexicana con los Diablos Rojos del M\u00e9xico y fue campe\u00f3n en la Liga Invernal con la escuadra capitalina, ese es el perfil de Yousamot Cota, quien regresa a la organizaci\u00f3n capitalina para formar parte del roster del equipo que participar\u00e1 en la Edici\u00f3n 2023 de este torneo.<\/div>\n<div><br aria-hidden=\"true\" \/>\u201cEstoy muy motivado de poder estar de vuelta en el lugar donde empez\u00f3 mi carrera\u201d, explic\u00f3 Cota. \u201cVengo con toda la intenci\u00f3n de ganarme un lugar y dejar el cien dentro del campo porque estoy muy agradecido de que se me d\u00e9 esta oportunidad\u201d.<\/div>\n<div><br aria-hidden=\"true\" \/>Yousamot inici\u00f3 en 2009 su camino hacia el profesionalismo en la Academia que se ubica en San Bartolo Coyotepec, Oaxaca, y recibi\u00f3 la oportunidad de debutar en la LMB en 2015 con el equipo grande de los Diablos, con quienes estuvo en 2016 y 2017. En esa misma \u00e9poca form\u00f3 parte del equipo de la Liga Invernal, donde ayud\u00f3 a la obtenci\u00f3n del tricampeonato en ese torneo.<\/div>\n<div><br aria-hidden=\"true\" \/>\u201cHe visto que ahora a esta Liga Invernal vienen peloteros de otro nivel, consolidados y eso le da un plus a la liga. Adem\u00e1s, creo que esta tambi\u00e9n es una gran oportunidad para los j\u00f3venes porque aqu\u00ed pueden avanzar m\u00e1s r\u00e1pido en su desarrollo\u201d, continu\u00f3 Cota.<\/div>\n<div><br aria-hidden=\"true\" \/>El nacido en Hermosillo, Sonora, se integr\u00f3 al trabajo de pretemporada de los Diablos Rojos para la Liga Invernal el fin de semana pasado y se ha puesto a trabajar para estar a tono con el resto de jugadores, quienes en su mayor\u00eda reportaron desde el lunes 25 de septiembre.<\/div>\n<div><br aria-hidden=\"true\" \/>\u201cMe gustar\u00eda poder lograr un t\u00edtulo m\u00e1s con este equipo, ser\u00eda algo extraordinario, y vengo listo para poder apoyar en lo que pueda a la organizaci\u00f3n\u201d, explic\u00f3 Cota, quien en el primer juego de pr\u00e1ctica del equipo (el martes frente a la escuadra de Pericotepec), jug\u00f3 en la tercera base.<\/div>\n<div><br aria-hidden=\"true\" \/>Despu\u00e9s de sus tres primeros a\u00f1os con los Diablos, Cota estuvo jugando tanto en la Liga de Chihuahua como en la Liga del Norte de M\u00e9xico. En el 2022 estuvo de regreso en la Liga Mexicana al ser parte de los Bravos de Le\u00f3n. Al estar de vuelta con el conjunto escarlata, Yousamot quiere poner su grano de arena en la Liga Invernal porque desea tener la oportunidad de pelear por un sitio para la Temporada 2024 de la LMB.<\/div>\n<div><br aria-hidden=\"true\" \/>\u201cLa meta de cualquier pelotero es poder estar entre los mejores y para eso hay que trabajar fuerte y seguir en la misma l\u00ednea en la que me he mantenido y espero que se me den los resultados para poder seguir adelante\u201d, sentenci\u00f3.<\/div>\n<div>\n<div dir=\"auto\"><a class=\"x1i10hfl xjbqb8w x6umtig x1b1mbwd xaqea5y xav7gou x9f619 x1ypdohk xt0psk2 xe8uvvx xdj266r x11i5rnm xat24cr x1mh8g0r xexx8yu x4uap5 x18d9i69 xkhd6sd x16tdsg8 x1hl2dhg xggy1nq x1a2a7pz xt0b8zv x1qq9wsj xo1l8bm\" tabindex=\"0\" role=\"link\" href=\"https:\/\/www.facebook.com\/hashtag\/diablosrojos?__eep__=6&amp;__cft__[0]=AZW4i6a7tOhk--O0kaaFNCSi2znJXhwOXU3WZD4DmhL_H-NenBZVgGO4JoOzMG-_uWoGOz_MD_NA-7zY5hnxVyaKAT8fTpTJP91ut_p3DtPrq8wmQwisCKWfp9uSR3lUHHU&amp;__tn__=*NK-R\">#DiablosRojos<\/a><\/div>\n<div dir=\"auto\"><a class=\"x1i10hfl xjbqb8w x6umtig x1b1mbwd xaqea5y xav7gou x9f619 x1ypdohk xt0psk2 xe8uvvx xdj266r x11i5rnm xat24cr x1mh8g0r xexx8yu x4uap5 x18d9i69 xkhd6sd x16tdsg8 x1hl2dhg xggy1nq x1a2a7pz xt0b8zv x1qq9wsj xo1l8bm\" tabindex=\"0\" role=\"link\" href=\"https:\/\/www.facebook.com\/hashtag\/diablosrojosdelmexico?__eep__=6&amp;__cft__[0]=AZW4i6a7tOhk--O0kaaFNCSi2znJXhwOXU3WZD4DmhL_H-NenBZVgGO4JoOzMG-_uWoGOz_MD_NA-7zY5hnxVyaKAT8fTpTJP91ut_p3DtPrq8wmQwisCKWfp9uSR3lUHHU&amp;__tn__=*NK-R\">#diablosrojosdelmexico<\/a><\/div>\n<div dir=\"auto\"><a class=\"x1i10hfl xjbqb8w x6umtig x1b1mbwd xaqea5y xav7gou x9f619 x1ypdohk xt0psk2 xe8uvvx xdj266r x11i5rnm xat24cr x1mh8g0r xexx8yu x4uap5 x18d9i69 xkhd6sd x16tdsg8 x1hl2dhg xggy1nq x1a2a7pz xt0b8zv x1qq9wsj xo1l8bm\" tabindex=\"0\" role=\"link\" href=\"https:\/\/www.facebook.com\/hashtag\/bitacoracdmx?__eep__=6&amp;__cft__[0]=AZW4i6a7tOhk--O0kaaFNCSi2znJXhwOXU3WZD4DmhL_H-NenBZVgGO4JoOzMG-_uWoGOz_MD_NA-7zY5hnxVyaKAT8fTpTJP91ut_p3DtPrq8wmQwisCKWfp9uSR3lUHHU&amp;__tn__=*NK-R\">#bitacoracdmx<\/a><\/div>\n<\/div>\n<p>[\/fusion_text][fusion_imageframe image_id=&#8221;53408|medium&#8221; max_width=&#8221;&#8221; style_type=&#8221;&#8221; blur=&#8221;&#8221; stylecolor=&#8221;&#8221; hover_type=&#8221;none&#8221; bordersize=&#8221;&#8221; bordercolor=&#8221;&#8221; borderradius=&#8221;&#8221; align=&#8221;none&#8221; lightbox=&#8221;no&#8221; gallery_id=&#8221;&#8221; lightbox_image=&#8221;&#8221; lightbox_image_id=&#8221;&#8221; alt=&#8221;&#8221; link=&#8221;&#8221; linktarget=&#8221;_self&#8221; hide_on_mobile=&#8221;small-visibility,medium-visibility,large-visibility&#8221; class=&#8221;&#8221; id=&#8221;&#8221; animation_type=&#8221;&#8221; animation_direction=&#8221;left&#8221; animation_speed=&#8221;0.3&#8243; animation_offset=&#8221;&#8221;]https:\/\/www.bitacoracdmx.com\/wp-content\/uploads\/2023\/10\/YOUSAMOT-COTA-EN-LA-PRACTICA-DE-DIABLOS-300&#215;225.jpg[\/fusion_imageframe][\/fusion_builder_column][\/fusion_builder_row][\/fusion_builder_container]<\/p>\n","protected":false},"excerpt":{"rendered":"<p>[fusion_builder_container hundred_percent=&#8221;no&#8221; equal_height_columns=&#8221;no&#8221; menu_anchor=&#8221;&#8221; hide_on_mobile=&#8221;small-visibility,medium-visibility,large-visibility&#8221; class=&#8221;&#8221; id=&#8221;&#8221; background_color=&#8221;&#8221; background_image=&#8221;&#8221; background_position=&#8221;center center&#8221; background_repeat=&#8221;no-repeat&#8221; fade=&#8221;no&#8221; background_parallax=&#8221;none&#8221; parallax_speed=&#8221;0.3&#8243; video_mp4=&#8221;&#8221; video_webm=&#8221;&#8221; video_ogv=&#8221;&#8221; video_url=&#8221;&#8221; video_aspect_ratio=&#8221;16:9&#8243; video_loop=&#8221;yes&#8221; video_mute=&#8221;yes&#8221; overlay_color=&#8221;&#8221; video_preview_image=&#8221;&#8221; border_size=&#8221;&#8221; border_color=&#8221;&#8221; border_style=&#8221;solid&#8221; padding_top=&#8221;&#8221; padding_bottom=&#8221;&#8221; padding_left=&#8221;&#8221; padding_right=&#8221;&#8221;][fusion_builder_row][fusion_builder_column type=&#8221;1_1&#8243; layout=&#8221;1_1&#8243; background_position=&#8221;left top&#8221; background_color=&#8221;&#8221; border_size=&#8221;&#8221; border_color=&#8221;&#8221; border_style=&#8221;solid&#8221; border_position=&#8221;all&#8221; spacing=&#8221;yes&#8221; background_image=&#8221;&#8221; background_repeat=&#8221;no-repeat&#8221; padding_top=&#8221;&#8221; padding_right=&#8221;&#8221; padding_bottom=&#8221;&#8221; padding_left=&#8221;&#8221; margin_top=&#8221;0px&#8221; margin_bottom=&#8221;0px&#8221; class=&#8221;&#8221; id=&#8221;&#8221; animation_type=&#8221;&#8221; animation_speed=&#8221;0.3&#8243; animation_direction=&#8221;left&#8221; hide_on_mobile=&#8221;small-visibility,medium-visibility,large-visibility&#8221; center_content=&#8221;no&#8221; last=&#8221;no&#8221; min_height=&#8221;&#8221; hover_type=&#8221;none&#8221; link=&#8221;&#8221;][fusion_text] REDACCI\u00d3N Form\u00f3 parte de la primera generaci\u00f3n de la Academia de Beisbol Alfredo Harp Hel\u00fa, debut\u00f3 en la Liga Mexicana con los Diablos Rojos del M\u00e9xico y fue campe\u00f3n en la Liga Invernal con la escuadra capitalina, ese es el [&hellip;]<\/p>\n","protected":false},"author":1,"featured_media":53408,"comment_status":"open","ping_status":"open","sticky":false,"template":"","format":"standard","meta":{"footnotes":""},"categories":[6,9],"tags":[],"_links":{"self":[{"href":"https:\/\/www.bitacoracdmx.com\/index.php?rest_route=\/wp\/v2\/posts\/53406"}],"collection":[{"href":"https:\/\/www.bitacoracdmx.com\/index.php?rest_route=\/wp\/v2\/posts"}],"about":[{"href":"https:\/\/www.bitacoracdmx.com\/index.php?rest_route=\/wp\/v2\/types\/post"}],"author":[{"embeddable":true,"href":"https:\/\/www.bitacoracdmx.com\/index.php?rest_route=\/wp\/v2\/users\/1"}],"replies":[{"embeddable":true,"href":"https:\/\/www.bitacoracdmx.com\/index.php?rest_route=%2Fwp%2Fv2%2Fcomments&post=53406"}],"version-history":[{"count":1,"href":"https:\/\/www.bitacoracdmx.com\/index.php?rest_route=\/wp\/v2\/posts\/53406\/revisions"}],"predecessor-version":[{"id":53409,"href":"https:\/\/www.bitacoracdmx.com\/index.php?rest_route=\/wp\/v2\/posts\/53406\/revisions\/53409"}],"wp:featuredmedia":[{"embeddable":true,"href":"https:\/\/www.bitacoracdmx.com\/index.php?rest_route=\/wp\/v2\/media\/53408"}],"wp:attachment":[{"href":"https:\/\/www.bitacoracdmx.com\/index.php?rest_route=%2Fwp%2Fv2%2Fmedia&parent=53406"}],"wp:term":[{"taxonomy":"category","embeddable":true,"href":"https:\/\/www.bitacoracdmx.com\/index.php?rest_route=%2Fwp%2Fv2%2Fcategories&post=53406"},{"taxonomy":"post_tag","embeddable":true,"href":"https:\/\/www.bitacoracdmx.com\/index.php?rest_route=%2Fwp%2Fv2%2Ftags&post=53406"}],"curies":[{"name":"wp","href":"https:\/\/api.w.org\/{rel}","templated":true}]}}