{"id":53410,"date":"2023-10-09T02:10:31","date_gmt":"2023-10-09T02:10:31","guid":{"rendered":"https:\/\/www.bitacoracdmx.com\/?p=53410"},"modified":"2023-10-09T02:10:31","modified_gmt":"2023-10-09T02:10:31","slug":"alicia-el-ballet-que-estrenara-la-filarmonica-de-las-artes-%e2%80%8b-%e2%80%8b","status":"publish","type":"post","link":"https:\/\/www.bitacoracdmx.com\/?p=53410","title":{"rendered":"ALICIA, el Ballet que estrenar\u00e1 la FILARM\u00d3NICA DE LAS ARTES.\u200b \u200b"},"content":{"rendered":"<p>[fusion_builder_container hundred_percent=&#8221;no&#8221; equal_height_columns=&#8221;no&#8221; menu_anchor=&#8221;&#8221; hide_on_mobile=&#8221;small-visibility,medium-visibility,large-visibility&#8221; class=&#8221;&#8221; id=&#8221;&#8221; background_color=&#8221;&#8221; background_image=&#8221;&#8221; background_position=&#8221;center center&#8221; background_repeat=&#8221;no-repeat&#8221; fade=&#8221;no&#8221; background_parallax=&#8221;none&#8221; parallax_speed=&#8221;0.3&#8243; video_mp4=&#8221;&#8221; video_webm=&#8221;&#8221; video_ogv=&#8221;&#8221; video_url=&#8221;&#8221; video_aspect_ratio=&#8221;16:9&#8243; video_loop=&#8221;yes&#8221; video_mute=&#8221;yes&#8221; overlay_color=&#8221;&#8221; video_preview_image=&#8221;&#8221; border_size=&#8221;&#8221; border_color=&#8221;&#8221; border_style=&#8221;solid&#8221; padding_top=&#8221;&#8221; padding_bottom=&#8221;&#8221; padding_left=&#8221;&#8221; padding_right=&#8221;&#8221;][fusion_builder_row][fusion_builder_column type=&#8221;1_1&#8243; layout=&#8221;1_1&#8243; background_position=&#8221;left top&#8221; background_color=&#8221;&#8221; border_size=&#8221;&#8221; border_color=&#8221;&#8221; border_style=&#8221;solid&#8221; border_position=&#8221;all&#8221; spacing=&#8221;yes&#8221; background_image=&#8221;&#8221; background_repeat=&#8221;no-repeat&#8221; padding_top=&#8221;&#8221; padding_right=&#8221;&#8221; padding_bottom=&#8221;&#8221; padding_left=&#8221;&#8221; margin_top=&#8221;0px&#8221; margin_bottom=&#8221;0px&#8221; class=&#8221;&#8221; id=&#8221;&#8221; animation_type=&#8221;&#8221; animation_speed=&#8221;0.3&#8243; animation_direction=&#8221;left&#8221; hide_on_mobile=&#8221;small-visibility,medium-visibility,large-visibility&#8221; center_content=&#8221;no&#8221; last=&#8221;no&#8221; min_height=&#8221;&#8221; hover_type=&#8221;none&#8221; link=&#8221;&#8221;][fusion_text]<\/p>\n<p>REDACCI\u00d3N<\/p>\n<p class=\"\">\u00b7\u00a0<em>La obra est\u00e1 inspirada en las novelas de fantas\u00eda \u201cAlicia en el pa\u00eds de las maravillas\u201d, \u201cA trav\u00e9s del espejo\u201d y \u201cLo que Alicia encontr\u00f3 all\u00ed\u201d, del matem\u00e1tico Lewis Carrol.<\/em><\/p>\n<p class=\"\">\u00b7\u00a0<em>La selecci\u00f3n musical incluye piezas de Dmitri Shostakovich, Aram Khachaturian, Sergei Prokofiev y Leonard Bernstein; y con bailarines de danza cl\u00e1sica, danza contempor\u00e1nea y danza multidisciplinar.<\/em><\/p>\n<p class=\"\">\u00b7\u00a0<em>ALICIA se presentar\u00e1 el viernes 27, s\u00e1bado 28, lunes 30 y el martes 31 de octubre y mi\u00e9rcoles 1 jueves 2 de noviembre en el Centro Universitario Cultural (CUC).<\/em><\/p>\n<p class=\"\">La Filarm\u00f3nica de las Artes y la Compa\u00f1\u00eda de Danza de las Artes estrenan<em>\u00a0Alicia<\/em>, se trata de un espect\u00e1culo que promete llevar a la audiencia a un viaje inolvidable entre notas musicales y danc\u00edsticas.<\/p>\n<p class=\"\">Inspirado en los delirantes cuentos de Lewis Carrol, \u201cAlicia en el pa\u00eds de las maravillas\u201d, \u201cA trav\u00e9s del espejo\u201d y \u201cLo que Alicia encontr\u00f3 all\u00ed\u201d, este ballet busca trasladar a la audiencia a una experiencia \u00fanica a trav\u00e9s de un agujero de conejo, hacia un lugar donde la l\u00f3gica se tambalea, la danza y la m\u00fasica cobran vida.<\/p>\n<p class=\"\">La llave para acceder a este mundo m\u00e1gico es la sinfon\u00eda. La partitura es una mezcla de piezas de Dmitri Shostakovich, Aram Khachaturian, Sergei Prokofiev y Leonard Bernstein, lo que garantiza que este espect\u00e1culo ser\u00e1 \u00fanico bajo la batuta de Enrique Abraham Velez Godoy.<\/p>\n<p class=\"\"><em>Alicia<\/em>\u00a0es una obra creada en exclusiva para reinterpretar la gran historia acompa\u00f1ada de la m\u00fasica m\u00e1s importante del repertorio universal del Siglo XX. La Compa\u00f1\u00eda de Danza de las Artes celebra un a\u00f1o de creaci\u00f3n y est\u00e1 integrada por 38 bailarines de danza cl\u00e1sica, danza contempor\u00e1nea y danza multidisciplinar.<\/p>\n<p class=\"\">\u201cM\u00e1s que una historia acompa\u00f1ada por m\u00fasica,\u00a0<em>Alicia<\/em>\u00a0es una experiencia que sumergir\u00e1 a los espectadores en un mundo donde la imaginaci\u00f3n se desborda y la l\u00f3gica se tambalea, donde la danza y la m\u00fasica cobran vida\u201d, menciona Morelia Villarino, directora de la Compa\u00f1\u00eda de las Artes.<\/p>\n<p class=\"\">Este espect\u00e1culo cuenta con la participaci\u00f3n en el elenco de Abraham Alvarado, Aranza Castrej\u00f3n, Deborah Alarc\u00f3n, Elliot Islas, Emmanuel Badillo, Enrique Mora, Jimena Ortiz, Karla Hern\u00e1ndez, Katherine Licea, Mario Alfonso Bravo, Paulina Gonz\u00e1lez y Sarai Navarrete.<\/p>\n<p class=\"\">Adem\u00e1s, la obra est\u00e1 dirigida art\u00edsticamente por Morelia Villarino, con direcci\u00f3n de escena a cargo de Omar Olvera, coreograf\u00edas de Miguel Hern\u00e1ndez y un vestuario dise\u00f1ado por Consuelo Solis y Eduardo Comus.<\/p>\n<p class=\"\">Cuenta con la participaci\u00f3n especial de Galo Blac\u00e1zar como actor invitado, quien agrega un toque especial a esta producci\u00f3n, ya extraordinaria.<\/p>\n<p class=\"\"><em>Alicia<\/em>\u00a0se presentar\u00e1 el viernes 27, s\u00e1bado 28, lunes 30, martes 31 de octubre (Funci\u00f3n Especial de Halloween) y mi\u00e9rcoles 1 y jueves 2 de noviembre (Funci\u00f3n Especial de D\u00eda de Muertos)en elCentro Universitario Cultural (CUC), ubicado en Odontolog\u00eda 35, en Copilco Universidad, en la Ciudad de M\u00e9xico.<\/p>\n<p class=\"\">Los boletos para disfrutar del ballet\u00a0<em>Alicia<\/em>\u00a0tienen un costo de 350 y 300 pesos y se pueden adquirir en Boletopolis:<\/p>\n<p class=\"\">\u200b<a href=\"https:\/\/click.convertkit-mail2.com\/n4u25ev3nzsvh8rl4zvi6h7ng85gg\/owhkhqhr864mozbv\/aHR0cHM6Ly9ib2xldG9wb2xpcy5jb20vZXMvYWdydXBhY2lvbi9maWxhcm1vbmljYWRlbGFzYXJ0ZXM=\" target=\"_blank\" rel=\"noopener noreferrer\" data-auth=\"NotApplicable\" data-linkindex=\"0\">https:\/\/boletopolis.com\/es\/agrupacion\/filarmonicadelasartes<\/a>\u200b<\/p>\n<p class=\"\"><strong>REDES SOCIALES DE LA COMPA\u00d1\u00cdA<\/strong><\/p>\n<p class=\"\">\u200b<a href=\"https:\/\/click.convertkit-mail2.com\/n4u25ev3nzsvh8rl4zvi6h7ng85gg\/z2hghnh3dko209hp\/aHR0cHM6Ly93d3cuZmFjZWJvb2suY29tL2ZpbGFybW9uaWNhZGVsYXNhcnRlcw==\" target=\"_blank\" rel=\"noopener noreferrer\" data-auth=\"NotApplicable\" data-linkindex=\"1\">FB: filarmonicadelasartes<\/a>\u200b<\/p>\n<p class=\"\">\u200b<a href=\"https:\/\/click.convertkit-mail2.com\/n4u25ev3nzsvh8rl4zvi6h7ng85gg\/p8heh9hz729w83iq\/aHR0cHM6Ly93d3cuaW5zdGFncmFtLmNvbS9mZGVsYXNhcnRlcy8_aGw9ZXMtbGE=\" target=\"_blank\" rel=\"noopener noreferrer\" data-auth=\"NotApplicable\" data-linkindex=\"2\">IG: fdelasartes<\/a><\/p>\n<div dir=\"auto\"><a class=\"x1i10hfl xjbqb8w x6umtig x1b1mbwd xaqea5y xav7gou x9f619 x1ypdohk xt0psk2 xe8uvvx xdj266r x11i5rnm xat24cr x1mh8g0r xexx8yu x4uap5 x18d9i69 xkhd6sd x16tdsg8 x1hl2dhg xggy1nq x1a2a7pz xt0b8zv x1qq9wsj xo1l8bm\" tabindex=\"0\" role=\"link\" href=\"https:\/\/www.facebook.com\/hashtag\/filarmonicadelasartes?__eep__=6&amp;__cft__[0]=AZU8SP-VEL7zhfh2ceustqaVVdyb0SiqD6R3_6NxJ6Zg16tGyh-2JUybrAQQTPOKMUXMFvnntlgsok-Ew5cBau7QSXqfwhlBdZVUOToUyJmjiBzBjGNMGqrQZKPZwVpKUTR_uHnVFpT8R3TQSiUua9X9&amp;__tn__=*NK-R\">#filarmonicadelasartes<\/a><\/div>\n<div dir=\"auto\"><a class=\"x1i10hfl xjbqb8w x6umtig x1b1mbwd xaqea5y xav7gou x9f619 x1ypdohk xt0psk2 xe8uvvx xdj266r x11i5rnm xat24cr x1mh8g0r xexx8yu x4uap5 x18d9i69 xkhd6sd x16tdsg8 x1hl2dhg xggy1nq x1a2a7pz xt0b8zv x1qq9wsj xo1l8bm\" tabindex=\"0\" role=\"link\" href=\"https:\/\/www.facebook.com\/hashtag\/balletalicia?__eep__=6&amp;__cft__[0]=AZU8SP-VEL7zhfh2ceustqaVVdyb0SiqD6R3_6NxJ6Zg16tGyh-2JUybrAQQTPOKMUXMFvnntlgsok-Ew5cBau7QSXqfwhlBdZVUOToUyJmjiBzBjGNMGqrQZKPZwVpKUTR_uHnVFpT8R3TQSiUua9X9&amp;__tn__=*NK-R\">#balletalicia<\/a><\/div>\n<div dir=\"auto\"><a class=\"x1i10hfl xjbqb8w x6umtig x1b1mbwd xaqea5y xav7gou x9f619 x1ypdohk xt0psk2 xe8uvvx xdj266r x11i5rnm xat24cr x1mh8g0r xexx8yu x4uap5 x18d9i69 xkhd6sd x16tdsg8 x1hl2dhg xggy1nq x1a2a7pz xt0b8zv x1qq9wsj xo1l8bm\" tabindex=\"0\" role=\"link\" href=\"https:\/\/www.facebook.com\/hashtag\/centrouniversitariocultural?__eep__=6&amp;__cft__[0]=AZU8SP-VEL7zhfh2ceustqaVVdyb0SiqD6R3_6NxJ6Zg16tGyh-2JUybrAQQTPOKMUXMFvnntlgsok-Ew5cBau7QSXqfwhlBdZVUOToUyJmjiBzBjGNMGqrQZKPZwVpKUTR_uHnVFpT8R3TQSiUua9X9&amp;__tn__=*NK-R\">#CentroUniversitarioCultural<\/a><\/div>\n<p>[\/fusion_text][fusion_imageframe image_id=&#8221;53407|medium&#8221; max_width=&#8221;&#8221; style_type=&#8221;&#8221; blur=&#8221;&#8221; stylecolor=&#8221;&#8221; hover_type=&#8221;none&#8221; bordersize=&#8221;&#8221; bordercolor=&#8221;&#8221; borderradius=&#8221;&#8221; align=&#8221;none&#8221; lightbox=&#8221;no&#8221; gallery_id=&#8221;&#8221; lightbox_image=&#8221;&#8221; lightbox_image_id=&#8221;&#8221; alt=&#8221;&#8221; link=&#8221;&#8221; linktarget=&#8221;_self&#8221; hide_on_mobile=&#8221;small-visibility,medium-visibility,large-visibility&#8221; class=&#8221;&#8221; id=&#8221;&#8221; animation_type=&#8221;&#8221; animation_direction=&#8221;left&#8221; animation_speed=&#8221;0.3&#8243; animation_offset=&#8221;&#8221;]https:\/\/www.bitacoracdmx.com\/wp-content\/uploads\/2023\/10\/383228282_888521409298298_5862521708660611199_n-232&#215;300.jpg[\/fusion_imageframe][\/fusion_builder_column][\/fusion_builder_row][\/fusion_builder_container]<\/p>\n","protected":false},"excerpt":{"rendered":"<p>[fusion_builder_container hundred_percent=&#8221;no&#8221; equal_height_columns=&#8221;no&#8221; menu_anchor=&#8221;&#8221; hide_on_mobile=&#8221;small-visibility,medium-visibility,large-visibility&#8221; class=&#8221;&#8221; id=&#8221;&#8221; background_color=&#8221;&#8221; background_image=&#8221;&#8221; background_position=&#8221;center center&#8221; background_repeat=&#8221;no-repeat&#8221; fade=&#8221;no&#8221; background_parallax=&#8221;none&#8221; parallax_speed=&#8221;0.3&#8243; video_mp4=&#8221;&#8221; video_webm=&#8221;&#8221; video_ogv=&#8221;&#8221; video_url=&#8221;&#8221; video_aspect_ratio=&#8221;16:9&#8243; video_loop=&#8221;yes&#8221; video_mute=&#8221;yes&#8221; overlay_color=&#8221;&#8221; video_preview_image=&#8221;&#8221; border_size=&#8221;&#8221; border_color=&#8221;&#8221; border_style=&#8221;solid&#8221; padding_top=&#8221;&#8221; padding_bottom=&#8221;&#8221; padding_left=&#8221;&#8221; padding_right=&#8221;&#8221;][fusion_builder_row][fusion_builder_column type=&#8221;1_1&#8243; layout=&#8221;1_1&#8243; background_position=&#8221;left top&#8221; background_color=&#8221;&#8221; border_size=&#8221;&#8221; border_color=&#8221;&#8221; border_style=&#8221;solid&#8221; border_position=&#8221;all&#8221; spacing=&#8221;yes&#8221; background_image=&#8221;&#8221; background_repeat=&#8221;no-repeat&#8221; padding_top=&#8221;&#8221; padding_right=&#8221;&#8221; padding_bottom=&#8221;&#8221; padding_left=&#8221;&#8221; margin_top=&#8221;0px&#8221; margin_bottom=&#8221;0px&#8221; class=&#8221;&#8221; id=&#8221;&#8221; animation_type=&#8221;&#8221; animation_speed=&#8221;0.3&#8243; animation_direction=&#8221;left&#8221; hide_on_mobile=&#8221;small-visibility,medium-visibility,large-visibility&#8221; center_content=&#8221;no&#8221; last=&#8221;no&#8221; min_height=&#8221;&#8221; hover_type=&#8221;none&#8221; link=&#8221;&#8221;][fusion_text] REDACCI\u00d3N \u00b7\u00a0La obra est\u00e1 inspirada en las novelas de fantas\u00eda \u201cAlicia en el pa\u00eds de las maravillas\u201d, \u201cA trav\u00e9s del espejo\u201d y \u201cLo que Alicia encontr\u00f3 all\u00ed\u201d, del matem\u00e1tico Lewis Carrol. \u00b7\u00a0La selecci\u00f3n musical incluye piezas de Dmitri Shostakovich, Aram [&hellip;]<\/p>\n","protected":false},"author":1,"featured_media":53407,"comment_status":"open","ping_status":"open","sticky":false,"template":"","format":"standard","meta":{"footnotes":""},"categories":[5,9],"tags":[],"_links":{"self":[{"href":"https:\/\/www.bitacoracdmx.com\/index.php?rest_route=\/wp\/v2\/posts\/53410"}],"collection":[{"href":"https:\/\/www.bitacoracdmx.com\/index.php?rest_route=\/wp\/v2\/posts"}],"about":[{"href":"https:\/\/www.bitacoracdmx.com\/index.php?rest_route=\/wp\/v2\/types\/post"}],"author":[{"embeddable":true,"href":"https:\/\/www.bitacoracdmx.com\/index.php?rest_route=\/wp\/v2\/users\/1"}],"replies":[{"embeddable":true,"href":"https:\/\/www.bitacoracdmx.com\/index.php?rest_route=%2Fwp%2Fv2%2Fcomments&post=53410"}],"version-history":[{"count":1,"href":"https:\/\/www.bitacoracdmx.com\/index.php?rest_route=\/wp\/v2\/posts\/53410\/revisions"}],"predecessor-version":[{"id":53411,"href":"https:\/\/www.bitacoracdmx.com\/index.php?rest_route=\/wp\/v2\/posts\/53410\/revisions\/53411"}],"wp:featuredmedia":[{"embeddable":true,"href":"https:\/\/www.bitacoracdmx.com\/index.php?rest_route=\/wp\/v2\/media\/53407"}],"wp:attachment":[{"href":"https:\/\/www.bitacoracdmx.com\/index.php?rest_route=%2Fwp%2Fv2%2Fmedia&parent=53410"}],"wp:term":[{"taxonomy":"category","embeddable":true,"href":"https:\/\/www.bitacoracdmx.com\/index.php?rest_route=%2Fwp%2Fv2%2Fcategories&post=53410"},{"taxonomy":"post_tag","embeddable":true,"href":"https:\/\/www.bitacoracdmx.com\/index.php?rest_route=%2Fwp%2Fv2%2Ftags&post=53410"}],"curies":[{"name":"wp","href":"https:\/\/api.w.org\/{rel}","templated":true}]}}