{"id":53412,"date":"2023-10-09T02:31:19","date_gmt":"2023-10-09T02:31:19","guid":{"rendered":"https:\/\/www.bitacoracdmx.com\/?p=53412"},"modified":"2023-10-09T02:31:19","modified_gmt":"2023-10-09T02:31:19","slug":"anuncian-el-festival-skandalo-teques-el-mayor-acto-musical-del-ano-en-su-genero-en-morelos","status":"publish","type":"post","link":"https:\/\/www.bitacoracdmx.com\/?p=53412","title":{"rendered":"Anuncian el Festival SKANDALO TEQUES, el mayor acto musical del a\u00f1o en su g\u00e9nero en MORELOS"},"content":{"rendered":"<p>[fusion_builder_container hundred_percent=&#8221;no&#8221; equal_height_columns=&#8221;no&#8221; menu_anchor=&#8221;&#8221; hide_on_mobile=&#8221;small-visibility,medium-visibility,large-visibility&#8221; class=&#8221;&#8221; id=&#8221;&#8221; background_color=&#8221;&#8221; background_image=&#8221;&#8221; background_position=&#8221;center center&#8221; background_repeat=&#8221;no-repeat&#8221; fade=&#8221;no&#8221; background_parallax=&#8221;none&#8221; parallax_speed=&#8221;0.3&#8243; video_mp4=&#8221;&#8221; video_webm=&#8221;&#8221; video_ogv=&#8221;&#8221; video_url=&#8221;&#8221; video_aspect_ratio=&#8221;16:9&#8243; video_loop=&#8221;yes&#8221; video_mute=&#8221;yes&#8221; overlay_color=&#8221;&#8221; video_preview_image=&#8221;&#8221; border_size=&#8221;&#8221; border_color=&#8221;&#8221; border_style=&#8221;solid&#8221; padding_top=&#8221;&#8221; padding_bottom=&#8221;&#8221; padding_left=&#8221;&#8221; padding_right=&#8221;&#8221;][fusion_builder_row][fusion_builder_column type=&#8221;1_1&#8243; layout=&#8221;1_1&#8243; background_position=&#8221;left top&#8221; background_color=&#8221;&#8221; border_size=&#8221;&#8221; border_color=&#8221;&#8221; border_style=&#8221;solid&#8221; border_position=&#8221;all&#8221; spacing=&#8221;yes&#8221; background_image=&#8221;&#8221; background_repeat=&#8221;no-repeat&#8221; padding_top=&#8221;&#8221; padding_right=&#8221;&#8221; padding_bottom=&#8221;&#8221; padding_left=&#8221;&#8221; margin_top=&#8221;0px&#8221; margin_bottom=&#8221;0px&#8221; class=&#8221;&#8221; id=&#8221;&#8221; animation_type=&#8221;&#8221; animation_speed=&#8221;0.3&#8243; animation_direction=&#8221;left&#8221; hide_on_mobile=&#8221;small-visibility,medium-visibility,large-visibility&#8221; center_content=&#8221;no&#8221; last=&#8221;no&#8221; min_height=&#8221;&#8221; hover_type=&#8221;none&#8221; link=&#8221;&#8221;][fusion_text]<\/p>\n<p>REDACCI\u00d3N<\/p>\n<p><i>*El evento se llevar\u00e1 a cabo en el Lago de Tequesquitengo, en el municipio de Jojutla, Morelos, este S\u00e1bado 18 de noviembre a partir de las 17:00 horas.<\/i><\/p>\n<p><i>*Boletos a la venta en el Sistema Boletia en\u00a0<a href=\"https:\/\/festival-skandalo.boletia.com\/\" target=\"_blank\" rel=\"noopener noreferrer\" data-auth=\"NotApplicable\" data-linkindex=\"0\">https:\/\/festival-skandalo.boletia.com\/<\/a>\u00a0<\/i><\/p>\n<p>El municipio de Jojutla ser\u00e1 el epicentro de una experiencia \u00fanica gracias al Festival Sk\u00e1ndalo Teques, que ha sido presentado bajo una cartelera musical impecable que contar\u00e1 con la presentaci\u00f3n de diversos artistas, encabezados por la Maldita Vecindad y la Sonora Santanera, en el marco de \u00e9sa gira conjunta que han dado en llamar \u201cTour La Vecindad Santanera\u201d que tan buenos comentarios ha arrojado en los lugares a donde han llevado su propuesta, adem\u00e1s de la presentaci\u00f3n de El Gran Silencio, Los Estramb\u00f3ticos y La Tremenda Korte, que interpretar\u00e1n sus inigualables \u00e9xitos y complementar\u00e1n la cartelera musical que se tiene preparada para el Lago de Tequesquitengo este S\u00e1bado 18 de noviembre a partir de las 17:00 horas. Boletos a la venta en el Sistema Boletia en\u00a0<a href=\"https:\/\/festival-skandalo.boletia.com\/\" target=\"_blank\" rel=\"noopener noreferrer\" data-auth=\"NotApplicable\" data-linkindex=\"1\">https:\/\/festival-skandalo.boletia.com\/<\/a><\/p>\n<p>Una fusi\u00f3n de m\u00fasica jam\u00e1s antes vista, dos agrupaciones que a trav\u00e9s de los a\u00f1os han generado \u00e9xitos. La Maldita Vecindad y los Hijos del Quinto Patio, acreedores de innumerables premios, han luchado por la equidad de las razas y en contra de la discriminaci\u00f3n, es por eso que han logrado colocar \u00e9xitos como Kumbala, Pachuco, Sol\u00edn, entre otros temas. La Sonora Santanera de Carlos Colorado con Mar\u00eda Fernanda, se ha consolidado popularmente mediante un estilo singular influenciado por el danz\u00f3n, el mambo, el bolero, la rumba, el chachach\u00e1, la guaracha y la cumbia, colocando canciones en el gusto del p\u00fablico como perfume de gardenias, bomboro, la boa, entre otras. La Vecindad Santanera, un concepto pachuco, rumbero con sabor a la Santanera. Ambos ofrecer\u00e1n lo mejor de si este 18 de Noviembre como el plato estelar de Skandalo Teques.<\/p>\n<p>Con el estreno de temas de su \u00faltimo \u00e1lbum discogr\u00e1fico \u201cAudiophilia Subliminal Dub Hi Fi\u201d y una recopilaci\u00f3n con los \u00e9xitos de los treinta a\u00f1os de El Gran Silencio, la banda dar\u00e1 concierto en el Festival Skandalo Teques este 18 de Noviembre. Su participaci\u00f3n en este evento servir\u00e1 para adelantar la segunda parte de \u201cAudiophilia Subliminal Dub Hi Fi\u201d, pues adem\u00e1s de coincidir con su aniversario n\u00famero 31, ser\u00e1 a finales del mes de noviembre pr\u00f3ximo cuando lancen la segunda parte de \u00e1lbum discogr\u00e1fico que decidieron partir con 10 canciones por cada uno. El Gran Silencio es una banda mexicana de rock and roll en espa\u00f1ol, originaria de la ciudad de Monterrey, Nuevo Le\u00f3n, fundada en el a\u00f1o 1992, que fusiona una variedad de ska, rock, reggae, dancehall, rap y hip-hop con m\u00fasica latinoamericana tradicional como cumbia, vallenato y norte\u00f1o.<\/p>\n<p>La hermandad en el ska mexicano est\u00e1 m\u00e1s que viva, y Los Estramb\u00f3ticos lo han demostrado siempre como ahora, como parte de Skandalo Teques, el cual aprovechar\u00e1n para presentar un medley muy especial lanzado recientemente en plataformas de 12 minutos de duraci\u00f3n titulado &#8220;Las Clases de Cha Chaska&#8221;, para el cual invitaron a personalidades como Dr. Shenka (Pante\u00f3n Rococ\u00f3), Amandititita y Big Javy (Inspector), entre otras. El nombre de esta fusi\u00f3n de larga duraci\u00f3n alude al cha cha ska, la identidad que Los Estramb\u00f3ticos adoptaron para el demo que grabaron, hace 30 a\u00f1os, al fusionar distintos g\u00e9neros musicales. Los temas que componen el medley son &#8220;El Cuchillo&#8221;, &#8220;Mi Parte Viva&#8221;, &#8220;La Cerveza y el Dolor&#8221;, &#8220;El Ni\u00f1o Objeto&#8221;, &#8220;Espergesia&#8221;, &#8220;Mi Tamagochi&#8221; y &#8220;Peter Punk&#8221;, esto como parte de la larga lista de \u00e9xitos que sonar\u00e1n \u00e9se d\u00eda en la Arena Teques.<\/p>\n<p>El elenco de invitados incluye a La Tremenda Korte, una banda que se caracteriza por su estilo distintivo y letras que frecuentemente abordan cuestiones sociales y pol\u00edticas. En 1994 nace La Tremenda Korte, llamada as\u00ed en homenaje al programa radiof\u00f3nico \u201cLa tremenda corte\u201d siendo Manuelloko fundador de esta banda de Ska. En 1996 lanzan su primer demo \u201cSilencio en la Korte\u201d teniendo 8000 copias vendidas, y en el 2000 sacan su primer disco llamado \u201cVenga la Sentencia\u201d y desde entonces no han dejado de sembrar \u00e9xito tras \u00e9xito en su abultada trayectoria; haciendo giras por todo M\u00e9xico, Argentina y Espa\u00f1a; Han alternado escenario con grupos como Pante\u00f3n Rococ\u00f3, Maldita Vecindad, Caf\u00e9 Tacvba, entre otros artistas.<\/p>\n<p>El Festival Sk\u00e1ndalo Teques est\u00e1 encabezado por la Maldita Vecindad y la Sonora Santanera, en el marco de \u00e9sa gira conjunta que han dado en llamar \u201cTour La Vecindad Santanera\u201d, adem\u00e1s de la presentaci\u00f3n de El Gran Silencio, Los Estramb\u00f3ticos y La Tremenda Korte, que interpretar\u00e1n sus inigualables \u00e9xitos y complementar\u00e1n la cartelera musical que se tiene preparada para el Lago de Tequesquitengo este S\u00e1bado 18 de noviembre a partir de las 17:00 horas. Boletos a la venta en el Sistema Boletia en\u00a0<a href=\"https:\/\/festival-skandalo.boletia.com\/\" target=\"_blank\" rel=\"noopener noreferrer\" data-auth=\"NotApplicable\" data-linkindex=\"2\">https:\/\/festival-skandalo.boletia.com\/<\/a><\/p>\n<div dir=\"auto\"><a class=\"x1i10hfl xjbqb8w x6umtig x1b1mbwd xaqea5y xav7gou x9f619 x1ypdohk xt0psk2 xe8uvvx xdj266r x11i5rnm xat24cr x1mh8g0r xexx8yu x4uap5 x18d9i69 xkhd6sd x16tdsg8 x1hl2dhg xggy1nq x1a2a7pz xt0b8zv x1qq9wsj xo1l8bm\" tabindex=\"0\" role=\"link\" href=\"https:\/\/www.facebook.com\/hashtag\/festivalskandalo?__eep__=6&amp;__cft__[0]=AZUy_w7I1dO1Td3USxOTfZq64ie6BAtQxbrKD1TLNy0rcfefg0lc7xkL5ful59LmatNsz5ZhaHJ0vj0RqZJ-s5tRK-_nBBfZMnuRn98865OkfZjQGXBzBZktfMNG46FVH7k&amp;__tn__=*NK-R\">#festivalskandalo<\/a><\/div>\n<div dir=\"auto\"><a class=\"x1i10hfl xjbqb8w x6umtig x1b1mbwd xaqea5y xav7gou x9f619 x1ypdohk xt0psk2 xe8uvvx xdj266r x11i5rnm xat24cr x1mh8g0r xexx8yu x4uap5 x18d9i69 xkhd6sd x16tdsg8 x1hl2dhg xggy1nq x1a2a7pz xt0b8zv x1qq9wsj xo1l8bm\" tabindex=\"0\" role=\"link\" href=\"https:\/\/www.facebook.com\/hashtag\/lagodetequesquitengo?__eep__=6&amp;__cft__[0]=AZUy_w7I1dO1Td3USxOTfZq64ie6BAtQxbrKD1TLNy0rcfefg0lc7xkL5ful59LmatNsz5ZhaHJ0vj0RqZJ-s5tRK-_nBBfZMnuRn98865OkfZjQGXBzBZktfMNG46FVH7k&amp;__tn__=*NK-R\">#lagodetequesquitengo<\/a><\/div>\n<div dir=\"auto\"><a class=\"x1i10hfl xjbqb8w x6umtig x1b1mbwd xaqea5y xav7gou x9f619 x1ypdohk xt0psk2 xe8uvvx xdj266r x11i5rnm xat24cr x1mh8g0r xexx8yu x4uap5 x18d9i69 xkhd6sd x16tdsg8 x1hl2dhg xggy1nq x1a2a7pz xt0b8zv x1qq9wsj xo1l8bm\" tabindex=\"0\" role=\"link\" href=\"https:\/\/www.facebook.com\/hashtag\/boletia?__eep__=6&amp;__cft__[0]=AZUy_w7I1dO1Td3USxOTfZq64ie6BAtQxbrKD1TLNy0rcfefg0lc7xkL5ful59LmatNsz5ZhaHJ0vj0RqZJ-s5tRK-_nBBfZMnuRn98865OkfZjQGXBzBZktfMNG46FVH7k&amp;__tn__=*NK-R\">#Boletia<\/a><\/div>\n<div dir=\"auto\"><a class=\"x1i10hfl xjbqb8w x6umtig x1b1mbwd xaqea5y xav7gou x9f619 x1ypdohk xt0psk2 xe8uvvx xdj266r x11i5rnm xat24cr x1mh8g0r xexx8yu x4uap5 x18d9i69 xkhd6sd x16tdsg8 x1hl2dhg xggy1nq x1a2a7pz xt0b8zv x1qq9wsj xo1l8bm\" tabindex=\"0\" role=\"link\" href=\"https:\/\/www.facebook.com\/hashtag\/bitacoracdmx?__eep__=6&amp;__cft__[0]=AZUy_w7I1dO1Td3USxOTfZq64ie6BAtQxbrKD1TLNy0rcfefg0lc7xkL5ful59LmatNsz5ZhaHJ0vj0RqZJ-s5tRK-_nBBfZMnuRn98865OkfZjQGXBzBZktfMNG46FVH7k&amp;__tn__=*NK-R\">#bitacoracdmx<\/a><\/div>\n<p>[\/fusion_text][fusion_imageframe image_id=&#8221;53413|medium&#8221; max_width=&#8221;&#8221; style_type=&#8221;&#8221; blur=&#8221;&#8221; stylecolor=&#8221;&#8221; hover_type=&#8221;none&#8221; bordersize=&#8221;&#8221; bordercolor=&#8221;&#8221; borderradius=&#8221;&#8221; align=&#8221;none&#8221; lightbox=&#8221;no&#8221; gallery_id=&#8221;&#8221; lightbox_image=&#8221;&#8221; lightbox_image_id=&#8221;&#8221; alt=&#8221;&#8221; link=&#8221;&#8221; linktarget=&#8221;_self&#8221; hide_on_mobile=&#8221;small-visibility,medium-visibility,large-visibility&#8221; class=&#8221;&#8221; id=&#8221;&#8221; animation_type=&#8221;&#8221; animation_direction=&#8221;left&#8221; animation_speed=&#8221;0.3&#8243; animation_offset=&#8221;&#8221;]https:\/\/www.bitacoracdmx.com\/wp-content\/uploads\/2023\/10\/SKANDALO-TEQUES-NOV-2023-CARTEL-240&#215;300.jpeg[\/fusion_imageframe][\/fusion_builder_column][\/fusion_builder_row][\/fusion_builder_container]<\/p>\n","protected":false},"excerpt":{"rendered":"<p>[fusion_builder_container hundred_percent=&#8221;no&#8221; equal_height_columns=&#8221;no&#8221; menu_anchor=&#8221;&#8221; hide_on_mobile=&#8221;small-visibility,medium-visibility,large-visibility&#8221; class=&#8221;&#8221; id=&#8221;&#8221; background_color=&#8221;&#8221; background_image=&#8221;&#8221; background_position=&#8221;center center&#8221; background_repeat=&#8221;no-repeat&#8221; fade=&#8221;no&#8221; background_parallax=&#8221;none&#8221; parallax_speed=&#8221;0.3&#8243; video_mp4=&#8221;&#8221; video_webm=&#8221;&#8221; video_ogv=&#8221;&#8221; video_url=&#8221;&#8221; video_aspect_ratio=&#8221;16:9&#8243; video_loop=&#8221;yes&#8221; video_mute=&#8221;yes&#8221; overlay_color=&#8221;&#8221; video_preview_image=&#8221;&#8221; border_size=&#8221;&#8221; border_color=&#8221;&#8221; border_style=&#8221;solid&#8221; padding_top=&#8221;&#8221; padding_bottom=&#8221;&#8221; padding_left=&#8221;&#8221; padding_right=&#8221;&#8221;][fusion_builder_row][fusion_builder_column type=&#8221;1_1&#8243; layout=&#8221;1_1&#8243; background_position=&#8221;left top&#8221; background_color=&#8221;&#8221; border_size=&#8221;&#8221; border_color=&#8221;&#8221; border_style=&#8221;solid&#8221; border_position=&#8221;all&#8221; spacing=&#8221;yes&#8221; background_image=&#8221;&#8221; background_repeat=&#8221;no-repeat&#8221; padding_top=&#8221;&#8221; padding_right=&#8221;&#8221; padding_bottom=&#8221;&#8221; padding_left=&#8221;&#8221; margin_top=&#8221;0px&#8221; margin_bottom=&#8221;0px&#8221; class=&#8221;&#8221; id=&#8221;&#8221; animation_type=&#8221;&#8221; animation_speed=&#8221;0.3&#8243; animation_direction=&#8221;left&#8221; hide_on_mobile=&#8221;small-visibility,medium-visibility,large-visibility&#8221; center_content=&#8221;no&#8221; last=&#8221;no&#8221; min_height=&#8221;&#8221; hover_type=&#8221;none&#8221; link=&#8221;&#8221;][fusion_text] REDACCI\u00d3N *El evento se llevar\u00e1 a cabo en el Lago de Tequesquitengo, en el municipio de Jojutla, Morelos, este S\u00e1bado 18 de noviembre a partir de las 17:00 horas. *Boletos a la venta en el Sistema Boletia en\u00a0https:\/\/festival-skandalo.boletia.com\/\u00a0 El municipio [&hellip;]<\/p>\n","protected":false},"author":1,"featured_media":53413,"comment_status":"open","ping_status":"open","sticky":false,"template":"","format":"standard","meta":{"footnotes":""},"categories":[9,11],"tags":[],"_links":{"self":[{"href":"https:\/\/www.bitacoracdmx.com\/index.php?rest_route=\/wp\/v2\/posts\/53412"}],"collection":[{"href":"https:\/\/www.bitacoracdmx.com\/index.php?rest_route=\/wp\/v2\/posts"}],"about":[{"href":"https:\/\/www.bitacoracdmx.com\/index.php?rest_route=\/wp\/v2\/types\/post"}],"author":[{"embeddable":true,"href":"https:\/\/www.bitacoracdmx.com\/index.php?rest_route=\/wp\/v2\/users\/1"}],"replies":[{"embeddable":true,"href":"https:\/\/www.bitacoracdmx.com\/index.php?rest_route=%2Fwp%2Fv2%2Fcomments&post=53412"}],"version-history":[{"count":1,"href":"https:\/\/www.bitacoracdmx.com\/index.php?rest_route=\/wp\/v2\/posts\/53412\/revisions"}],"predecessor-version":[{"id":53414,"href":"https:\/\/www.bitacoracdmx.com\/index.php?rest_route=\/wp\/v2\/posts\/53412\/revisions\/53414"}],"wp:featuredmedia":[{"embeddable":true,"href":"https:\/\/www.bitacoracdmx.com\/index.php?rest_route=\/wp\/v2\/media\/53413"}],"wp:attachment":[{"href":"https:\/\/www.bitacoracdmx.com\/index.php?rest_route=%2Fwp%2Fv2%2Fmedia&parent=53412"}],"wp:term":[{"taxonomy":"category","embeddable":true,"href":"https:\/\/www.bitacoracdmx.com\/index.php?rest_route=%2Fwp%2Fv2%2Fcategories&post=53412"},{"taxonomy":"post_tag","embeddable":true,"href":"https:\/\/www.bitacoracdmx.com\/index.php?rest_route=%2Fwp%2Fv2%2Ftags&post=53412"}],"curies":[{"name":"wp","href":"https:\/\/api.w.org\/{rel}","templated":true}]}}