{"id":53545,"date":"2023-10-12T22:29:17","date_gmt":"2023-10-12T22:29:17","guid":{"rendered":"https:\/\/www.bitacoracdmx.com\/?p=53545"},"modified":"2023-10-12T22:29:17","modified_gmt":"2023-10-12T22:29:17","slug":"200-alebrijes-monumentales-desfilaran-en-el-centro-historico-y-paseo-de-la-reforma","status":"publish","type":"post","link":"https:\/\/www.bitacoracdmx.com\/?p=53545","title":{"rendered":"200 ALEBRIJES MONUMENTALES desfilar\u00e1n en el CENTRO HIST\u00d3RICO y PASEO DE LA REFORMA"},"content":{"rendered":"<p>[fusion_builder_container hundred_percent=&#8221;no&#8221; equal_height_columns=&#8221;no&#8221; menu_anchor=&#8221;&#8221; hide_on_mobile=&#8221;small-visibility,medium-visibility,large-visibility&#8221; class=&#8221;&#8221; id=&#8221;&#8221; background_color=&#8221;&#8221; background_image=&#8221;&#8221; background_position=&#8221;center center&#8221; background_repeat=&#8221;no-repeat&#8221; fade=&#8221;no&#8221; background_parallax=&#8221;none&#8221; parallax_speed=&#8221;0.3&#8243; video_mp4=&#8221;&#8221; video_webm=&#8221;&#8221; video_ogv=&#8221;&#8221; video_url=&#8221;&#8221; video_aspect_ratio=&#8221;16:9&#8243; video_loop=&#8221;yes&#8221; video_mute=&#8221;yes&#8221; overlay_color=&#8221;&#8221; video_preview_image=&#8221;&#8221; border_size=&#8221;&#8221; border_color=&#8221;&#8221; border_style=&#8221;solid&#8221; padding_top=&#8221;&#8221; padding_bottom=&#8221;&#8221; padding_left=&#8221;&#8221; padding_right=&#8221;&#8221;][fusion_builder_row][fusion_builder_column type=&#8221;1_1&#8243; layout=&#8221;1_1&#8243; background_position=&#8221;left top&#8221; background_color=&#8221;&#8221; border_size=&#8221;&#8221; border_color=&#8221;&#8221; border_style=&#8221;solid&#8221; border_position=&#8221;all&#8221; spacing=&#8221;yes&#8221; background_image=&#8221;&#8221; background_repeat=&#8221;no-repeat&#8221; padding_top=&#8221;&#8221; padding_right=&#8221;&#8221; padding_bottom=&#8221;&#8221; padding_left=&#8221;&#8221; margin_top=&#8221;0px&#8221; margin_bottom=&#8221;0px&#8221; class=&#8221;&#8221; id=&#8221;&#8221; animation_type=&#8221;&#8221; animation_speed=&#8221;0.3&#8243; animation_direction=&#8221;left&#8221; hide_on_mobile=&#8221;small-visibility,medium-visibility,large-visibility&#8221; center_content=&#8221;no&#8221; last=&#8221;no&#8221; min_height=&#8221;&#8221; hover_type=&#8221;none&#8221; link=&#8221;&#8221;][fusion_text]<\/p>\n<p>REDACCI\u00d3N<\/p>\n<div>\n<div class=\"\" dir=\"auto\">\n<div id=\":r5m:\" class=\"x1iorvi4 x1pi30zi x1l90r2v x1swvt13\" data-ad-comet-preview=\"message\" data-ad-preview=\"message\">\n<div class=\"x78zum5 xdt5ytf xz62fqu x16ldp7u\">\n<div class=\"xu06os2 x1ok221b\">\n<div class=\"x11i5rnm xat24cr x1mh8g0r x1vvkbs xtlvy1s x126k92a\">\n<div dir=\"auto\">\u25cf El Decimoquinto Desfile y Concurso de Alebrijes Monumentales, organizado por el Museo de Arte Popular, se llevar\u00e1 a cabo el 21 de octubre a las 12 horas y partir\u00e1 del Centro Hist\u00f3rico al \u00c1ngel de la Independencia<\/div>\n<div dir=\"auto\"><\/div>\n<\/div>\n<div class=\"x11i5rnm xat24cr x1mh8g0r x1vvkbs xtlvy1s x126k92a\">\n<div dir=\"auto\">\u25cf En el concurso participar\u00e1n esculturas realizadas por artesanos de los estados de M\u00e9xico, Guanajuato, Hidalgo, Morelos, Puebla, Quer\u00e9taro, San Luis Potos\u00ed, Tlaxcala y Ciudad de M\u00e9xico<\/div>\n<div dir=\"auto\"><\/div>\n<\/div>\n<div class=\"x11i5rnm xat24cr x1mh8g0r x1vvkbs xtlvy1s x126k92a\">\n<div dir=\"auto\">\u25cf Los alebrijes monumentales estar\u00e1n en exhibici\u00f3n en Paseo de la Reforma, entre la Columna de la Independencia y la calle de Lieja hasta el 5 de noviembre<\/div>\n<div dir=\"auto\"><\/div>\n<\/div>\n<div class=\"x11i5rnm xat24cr x1mh8g0r x1vvkbs xtlvy1s x126k92a\">\n<div dir=\"auto\">El Decimoquinto Desfile y Concurso de Alebrijes Monumentales, organizado por el Museo de Arte Popular (MAP), recinto perteneciente a la Secretar\u00eda de Cultura de la Ciudad de M\u00e9xico, se realizar\u00e1 el pr\u00f3ximo 21 de octubre a partir de las 12 horas, en donde 200 creaciones art\u00edsticas hechas por artesanos de diversas entidades de la Rep\u00fablica avanzar\u00e1n del Z\u00f3calo al \u00c1ngel de la Independencia.<\/div>\n<div dir=\"auto\"><\/div>\n<\/div>\n<div class=\"x11i5rnm xat24cr x1mh8g0r x1vvkbs xtlvy1s x126k92a\">\n<div dir=\"auto\">La celebraci\u00f3n, que busca preservar el arte popular mexicano, contar\u00e1 con creaciones aleg\u00f3ricas, fant\u00e1sticas y llenas de colores realizadas por artesanos de la Ciudad de M\u00e9xico, Estado de M\u00e9xico, Guanajuato, Hidalgo, Morelos, Puebla, Quer\u00e9taro, San Luis Potos\u00ed y Tlaxcala, y estar\u00e1 amenizada por espect\u00e1culos de m\u00fasica y danza, encabezados por la Banda de M\u00fasica del Cuartel General del Alto Mando de la Secretar\u00eda de Marina, la cual ha puesto el ritmo y la alegr\u00eda desde las primeras ediciones de la fiesta.<\/div>\n<div dir=\"auto\"><\/div>\n<\/div>\n<div class=\"x11i5rnm xat24cr x1mh8g0r x1vvkbs xtlvy1s x126k92a\">\n<div dir=\"auto\">El desfile tendr\u00e1 un recorrido de aproximadamente tres kil\u00f3metros, que iniciar\u00e1 en la plancha del Centro Hist\u00f3rico para continuar por las avenidas 5 de mayo, Ju\u00e1rez y Paseo de la Reforma hasta la Glorieta de la Columna de la Independencia; al t\u00e9rmino, las figuras fant\u00e1sticas permanecer\u00e1n en exhibici\u00f3n en las aceras norte y sur de Paseo de la Reforma, entre la Columna de la Independencia y la calle de Lieja, a unos pasos de la Estela de Luz, hasta el 5 de noviembre a las 20 horas.<\/div>\n<div dir=\"auto\"><\/div>\n<\/div>\n<div class=\"x11i5rnm xat24cr x1mh8g0r x1vvkbs xtlvy1s x126k92a\">\n<div dir=\"auto\">Por su parte, la ceremonia de premiaci\u00f3n se llevar\u00e1 a cabo el s\u00e1bado 4 de noviembre a partir de las 18:00 horas, en el Museo de Arte Popular, en donde se revelar\u00e1 a los tres primeros lugares del concurso, quienes recibir\u00e1n un est\u00edmulo econ\u00f3mico de 30 mil, 40 mil y 60 mil pesos; paralelamente, 11 obras destacadas tendr\u00e1n est\u00edmulos econ\u00f3micos de 10 mil pesos.<\/div>\n<div dir=\"auto\"><\/div>\n<\/div>\n<div class=\"x11i5rnm xat24cr x1mh8g0r x1vvkbs xtlvy1s x126k92a\">\n<div dir=\"auto\">El Desfile y Concurso de Alebrijes Monumentales tiene como prop\u00f3sito impulsar el trabajo artesanal mexicano, y forma parte de La noche de los alebrijes, festividad organizada por el Museo de Arte Popular, se realiza por segundo a\u00f1o consecutivo, ya que la edici\u00f3n 2020 y 2021 fue suspendida debido a la pandemia del coronavirus.<\/div>\n<div dir=\"auto\"><\/div>\n<\/div>\n<div class=\"x11i5rnm xat24cr x1mh8g0r x1vvkbs xtlvy1s x126k92a\">\n<div dir=\"auto\">Con estas actividades la Secretar\u00eda de Cultura de la Ciudad de M\u00e9xico garantiza el ejercicio de los derechos culturales de los habitantes y visitantes de la capital. Para conocer todas las actividades de la Secretar\u00eda de Cultura capitalina se puede consultar la Cartelera de la Ciudad de M\u00e9xico (<a class=\"x1i10hfl xjbqb8w x6umtig x1b1mbwd xaqea5y xav7gou x9f619 x1ypdohk xt0psk2 xe8uvvx xdj266r x11i5rnm xat24cr x1mh8g0r xexx8yu x4uap5 x18d9i69 xkhd6sd x16tdsg8 x1hl2dhg xggy1nq x1a2a7pz xt0b8zv x1fey0fg\" tabindex=\"0\" role=\"link\" href=\"https:\/\/l.facebook.com\/l.php?u=https%3A%2F%2Fcartelera.cdmx.gob.mx%2F%3Ffbclid%3DIwAR27WzWnaZcBePoHQCCWnsdkq0uX-RlXURvqxfcJ4uyeZar-qZ-jc5dPAG8&amp;h=AT2OlyshRAArE2ksyrAo95ahgCJgwcTF3tas7c-4_F0cXVaisvXoRzr2_URBElR_-qDhZxf5kSUwzJLi-ln3g1BDCsk8KgBzPKKWHMHTs-kxenfWbrsJ9TohgQfDInnsRigD-Etmp9IGUjpkK-t6&amp;__tn__=-UK-R&amp;c[0]=AT3fIYj1uPLMSAvWRHdS6k9EZzAqdnjUjb60z-i00P9R-YnLkvxI8BhHA5hwOVOYhr3QYi0Xwx8rhtWMp7ck2lItO8TYUjjvUZ32zgG86dJZwhnyKrvq6BrLuIQkrHWpFuF0S0Zinbv3IFxeDcfqLGsq9oQbJofF-5gnzycKxDPuSVMV0Q\" target=\"_blank\" rel=\"nofollow noopener noreferrer\">https:\/\/cartelera.cdmx.gob.mx\/<\/a>) y las redes sociales en Facebook, X, Instagram y YouTube.<\/div>\n<\/div>\n<\/div>\n<\/div>\n<\/div>\n<\/div>\n<\/div>\n<div dir=\"auto\"><\/div>\n<div dir=\"auto\">\n<div dir=\"auto\"><a class=\"x1i10hfl xjbqb8w x6umtig x1b1mbwd xaqea5y xav7gou x9f619 x1ypdohk xt0psk2 xe8uvvx xdj266r x11i5rnm xat24cr x1mh8g0r xexx8yu x4uap5 x18d9i69 xkhd6sd x16tdsg8 x1hl2dhg xggy1nq x1a2a7pz xt0b8zv x1qq9wsj xo1l8bm\" tabindex=\"0\" role=\"link\" href=\"https:\/\/www.facebook.com\/hashtag\/alebrijesmonumentales?__eep__=6&amp;__cft__[0]=AZVmjXJfcGecw-pD2kHcfFITq2WFvB3-GIhyDh-UmnJeNTs1r1x2WUenNqfsx9w3OkQjdWXwJikBwITv2VsASVhPNXfE4GQc10uQLYJ4TCYFDwPPmu3nJqfA62WFX2IcFv_Kf25vzD4y2Q7zlKr5jtTGBajoNSjJq5iF4Opxrjv0qbUKWvBxjl_aG9YdN4dnwUw&amp;__tn__=*NK-R\">#alebrijesmonumentales<\/a><\/div>\n<div dir=\"auto\"><a class=\"x1i10hfl xjbqb8w x6umtig x1b1mbwd xaqea5y xav7gou x9f619 x1ypdohk xt0psk2 xe8uvvx xdj266r x11i5rnm xat24cr x1mh8g0r xexx8yu x4uap5 x18d9i69 xkhd6sd x16tdsg8 x1hl2dhg xggy1nq x1a2a7pz xt0b8zv x1qq9wsj xo1l8bm\" tabindex=\"0\" role=\"link\" href=\"https:\/\/www.facebook.com\/hashtag\/secretariadeculturacdmx?__eep__=6&amp;__cft__[0]=AZVmjXJfcGecw-pD2kHcfFITq2WFvB3-GIhyDh-UmnJeNTs1r1x2WUenNqfsx9w3OkQjdWXwJikBwITv2VsASVhPNXfE4GQc10uQLYJ4TCYFDwPPmu3nJqfA62WFX2IcFv_Kf25vzD4y2Q7zlKr5jtTGBajoNSjJq5iF4Opxrjv0qbUKWvBxjl_aG9YdN4dnwUw&amp;__tn__=*NK-R\">#secretariadeculturacdmx<\/a><\/div>\n<div dir=\"auto\"><a class=\"x1i10hfl xjbqb8w x6umtig x1b1mbwd xaqea5y xav7gou x9f619 x1ypdohk xt0psk2 xe8uvvx xdj266r x11i5rnm xat24cr x1mh8g0r xexx8yu x4uap5 x18d9i69 xkhd6sd x16tdsg8 x1hl2dhg xggy1nq x1a2a7pz xt0b8zv x1qq9wsj xo1l8bm\" tabindex=\"0\" role=\"link\" href=\"https:\/\/www.facebook.com\/hashtag\/bitacoracdmx?__eep__=6&amp;__cft__[0]=AZVmjXJfcGecw-pD2kHcfFITq2WFvB3-GIhyDh-UmnJeNTs1r1x2WUenNqfsx9w3OkQjdWXwJikBwITv2VsASVhPNXfE4GQc10uQLYJ4TCYFDwPPmu3nJqfA62WFX2IcFv_Kf25vzD4y2Q7zlKr5jtTGBajoNSjJq5iF4Opxrjv0qbUKWvBxjl_aG9YdN4dnwUw&amp;__tn__=*NK-R\">#bitacoracdmx<\/a><\/div>\n<\/div>\n<div>\n<div id=\":r5n:\" class=\"x1n2onr6\">\n<div class=\"x1n2onr6\">\n<div class=\"x1n2onr6\">\n<div class=\"x1n2onr6\">\n<div class=\"x6ikm8r x10wlt62 x10l6tqk\">\n<div class=\"x6ikm8r x10wlt62\">\n<div class=\"xqtp20y x6ikm8r x10wlt62 x1n2onr6\">\n<div class=\"x10l6tqk x13vifvy\"><\/div>\n<\/div>\n<\/div>\n<\/div>\n<\/div>\n<\/div>\n<\/div>\n<\/div>\n<\/div>\n<p>[\/fusion_text][fusion_imageframe image_id=&#8221;53546|medium&#8221; max_width=&#8221;&#8221; style_type=&#8221;&#8221; blur=&#8221;&#8221; stylecolor=&#8221;&#8221; hover_type=&#8221;none&#8221; bordersize=&#8221;&#8221; bordercolor=&#8221;&#8221; borderradius=&#8221;&#8221; align=&#8221;none&#8221; lightbox=&#8221;no&#8221; gallery_id=&#8221;&#8221; lightbox_image=&#8221;&#8221; lightbox_image_id=&#8221;&#8221; alt=&#8221;&#8221; link=&#8221;&#8221; linktarget=&#8221;_self&#8221; hide_on_mobile=&#8221;small-visibility,medium-visibility,large-visibility&#8221; class=&#8221;&#8221; id=&#8221;&#8221; animation_type=&#8221;&#8221; animation_direction=&#8221;left&#8221; animation_speed=&#8221;0.3&#8243; animation_offset=&#8221;&#8221;]https:\/\/www.bitacoracdmx.com\/wp-content\/uploads\/2023\/10\/WhatsApp-Image-2023-10-12-at-1.29.29-PM-193&#215;300.jpeg[\/fusion_imageframe][\/fusion_builder_column][\/fusion_builder_row][\/fusion_builder_container]<\/p>\n","protected":false},"excerpt":{"rendered":"<p>[fusion_builder_container hundred_percent=&#8221;no&#8221; equal_height_columns=&#8221;no&#8221; menu_anchor=&#8221;&#8221; hide_on_mobile=&#8221;small-visibility,medium-visibility,large-visibility&#8221; class=&#8221;&#8221; id=&#8221;&#8221; background_color=&#8221;&#8221; background_image=&#8221;&#8221; background_position=&#8221;center center&#8221; background_repeat=&#8221;no-repeat&#8221; fade=&#8221;no&#8221; background_parallax=&#8221;none&#8221; parallax_speed=&#8221;0.3&#8243; video_mp4=&#8221;&#8221; video_webm=&#8221;&#8221; video_ogv=&#8221;&#8221; video_url=&#8221;&#8221; video_aspect_ratio=&#8221;16:9&#8243; video_loop=&#8221;yes&#8221; video_mute=&#8221;yes&#8221; overlay_color=&#8221;&#8221; video_preview_image=&#8221;&#8221; border_size=&#8221;&#8221; border_color=&#8221;&#8221; border_style=&#8221;solid&#8221; padding_top=&#8221;&#8221; padding_bottom=&#8221;&#8221; padding_left=&#8221;&#8221; padding_right=&#8221;&#8221;][fusion_builder_row][fusion_builder_column type=&#8221;1_1&#8243; layout=&#8221;1_1&#8243; background_position=&#8221;left top&#8221; background_color=&#8221;&#8221; border_size=&#8221;&#8221; border_color=&#8221;&#8221; border_style=&#8221;solid&#8221; border_position=&#8221;all&#8221; spacing=&#8221;yes&#8221; background_image=&#8221;&#8221; background_repeat=&#8221;no-repeat&#8221; padding_top=&#8221;&#8221; padding_right=&#8221;&#8221; padding_bottom=&#8221;&#8221; padding_left=&#8221;&#8221; margin_top=&#8221;0px&#8221; margin_bottom=&#8221;0px&#8221; class=&#8221;&#8221; id=&#8221;&#8221; animation_type=&#8221;&#8221; animation_speed=&#8221;0.3&#8243; animation_direction=&#8221;left&#8221; hide_on_mobile=&#8221;small-visibility,medium-visibility,large-visibility&#8221; center_content=&#8221;no&#8221; last=&#8221;no&#8221; min_height=&#8221;&#8221; hover_type=&#8221;none&#8221; link=&#8221;&#8221;][fusion_text] REDACCI\u00d3N \u25cf El Decimoquinto Desfile y Concurso de Alebrijes Monumentales, organizado por el Museo de Arte Popular, se llevar\u00e1 a cabo el 21 de octubre a las 12 horas y partir\u00e1 del Centro Hist\u00f3rico al \u00c1ngel de la Independencia \u25cf [&hellip;]<\/p>\n","protected":false},"author":1,"featured_media":53546,"comment_status":"open","ping_status":"open","sticky":false,"template":"","format":"standard","meta":{"footnotes":""},"categories":[5,4,9],"tags":[],"_links":{"self":[{"href":"https:\/\/www.bitacoracdmx.com\/index.php?rest_route=\/wp\/v2\/posts\/53545"}],"collection":[{"href":"https:\/\/www.bitacoracdmx.com\/index.php?rest_route=\/wp\/v2\/posts"}],"about":[{"href":"https:\/\/www.bitacoracdmx.com\/index.php?rest_route=\/wp\/v2\/types\/post"}],"author":[{"embeddable":true,"href":"https:\/\/www.bitacoracdmx.com\/index.php?rest_route=\/wp\/v2\/users\/1"}],"replies":[{"embeddable":true,"href":"https:\/\/www.bitacoracdmx.com\/index.php?rest_route=%2Fwp%2Fv2%2Fcomments&post=53545"}],"version-history":[{"count":1,"href":"https:\/\/www.bitacoracdmx.com\/index.php?rest_route=\/wp\/v2\/posts\/53545\/revisions"}],"predecessor-version":[{"id":53547,"href":"https:\/\/www.bitacoracdmx.com\/index.php?rest_route=\/wp\/v2\/posts\/53545\/revisions\/53547"}],"wp:featuredmedia":[{"embeddable":true,"href":"https:\/\/www.bitacoracdmx.com\/index.php?rest_route=\/wp\/v2\/media\/53546"}],"wp:attachment":[{"href":"https:\/\/www.bitacoracdmx.com\/index.php?rest_route=%2Fwp%2Fv2%2Fmedia&parent=53545"}],"wp:term":[{"taxonomy":"category","embeddable":true,"href":"https:\/\/www.bitacoracdmx.com\/index.php?rest_route=%2Fwp%2Fv2%2Fcategories&post=53545"},{"taxonomy":"post_tag","embeddable":true,"href":"https:\/\/www.bitacoracdmx.com\/index.php?rest_route=%2Fwp%2Fv2%2Ftags&post=53545"}],"curies":[{"name":"wp","href":"https:\/\/api.w.org\/{rel}","templated":true}]}}