{"id":53548,"date":"2023-10-12T22:39:33","date_gmt":"2023-10-12T22:39:33","guid":{"rendered":"https:\/\/www.bitacoracdmx.com\/?p=53548"},"modified":"2023-10-12T22:39:33","modified_gmt":"2023-10-12T22:39:33","slug":"llevaran-los-musicos-de-jose-y-son-rompe-pera-fusion-musical-al-oriente-de-la-capital-en-festival-barrio-baila","status":"publish","type":"post","link":"https:\/\/www.bitacoracdmx.com\/?p=53548","title":{"rendered":"Llevar\u00e1n LOS M\u00daSICOS DE JOS\u00c9 y SON ROMPE PERA fusi\u00f3n musical al oriente de la capital en Festival &#8220;BARRIO BAILA&#8221;"},"content":{"rendered":"<p>[fusion_builder_container hundred_percent=&#8221;no&#8221; equal_height_columns=&#8221;no&#8221; menu_anchor=&#8221;&#8221; hide_on_mobile=&#8221;small-visibility,medium-visibility,large-visibility&#8221; class=&#8221;&#8221; id=&#8221;&#8221; background_color=&#8221;&#8221; background_image=&#8221;&#8221; background_position=&#8221;center center&#8221; background_repeat=&#8221;no-repeat&#8221; fade=&#8221;no&#8221; background_parallax=&#8221;none&#8221; parallax_speed=&#8221;0.3&#8243; video_mp4=&#8221;&#8221; video_webm=&#8221;&#8221; video_ogv=&#8221;&#8221; video_url=&#8221;&#8221; video_aspect_ratio=&#8221;16:9&#8243; video_loop=&#8221;yes&#8221; video_mute=&#8221;yes&#8221; overlay_color=&#8221;&#8221; video_preview_image=&#8221;&#8221; border_size=&#8221;&#8221; border_color=&#8221;&#8221; border_style=&#8221;solid&#8221; padding_top=&#8221;&#8221; padding_bottom=&#8221;&#8221; padding_left=&#8221;&#8221; padding_right=&#8221;&#8221;][fusion_builder_row][fusion_builder_column type=&#8221;1_1&#8243; layout=&#8221;1_1&#8243; background_position=&#8221;left top&#8221; background_color=&#8221;&#8221; border_size=&#8221;&#8221; border_color=&#8221;&#8221; border_style=&#8221;solid&#8221; border_position=&#8221;all&#8221; spacing=&#8221;yes&#8221; background_image=&#8221;&#8221; background_repeat=&#8221;no-repeat&#8221; padding_top=&#8221;&#8221; padding_right=&#8221;&#8221; padding_bottom=&#8221;&#8221; padding_left=&#8221;&#8221; margin_top=&#8221;0px&#8221; margin_bottom=&#8221;0px&#8221; class=&#8221;&#8221; id=&#8221;&#8221; animation_type=&#8221;&#8221; animation_speed=&#8221;0.3&#8243; animation_direction=&#8221;left&#8221; hide_on_mobile=&#8221;small-visibility,medium-visibility,large-visibility&#8221; center_content=&#8221;no&#8221; last=&#8221;no&#8221; min_height=&#8221;&#8221; hover_type=&#8221;none&#8221; link=&#8221;&#8221;][fusion_text]<\/p>\n<p>REDACCI\u00d3N<\/p>\n<p>\u25cf Los m\u00fasicos de Jos\u00e9 se presentar\u00e1n junto con Mochis Bendito el domingo 15 de octubre a las 16 horas en la explanada de la Alcald\u00eda Tl\u00e1huac, mientras que Son Rompe Pera compartir\u00e1 escenario con Dubioza Kolektiv en FARO de Oriente el s\u00e1bado 28 de octubre a las 19 horas<\/p>\n<p>\u25cf &#8220;Barrio Baila&#8221; busca descentralizar la cultura al llevar los espect\u00e1culos y eventos culturales a todas las zonas de la Ciudad de M\u00e9xico<\/p>\n<p>Con el fin de llevar la m\u00fasica y los eventos culturales a todos los rincones de la ciudad,\u00a0<strong>Los m\u00fasicos de Jos\u00e9 y Son Rompe Pera<\/strong>\u00a0tocar\u00e1n este mes de forma gratuita en la\u00a0<strong>explanada de la alcald\u00eda Tl\u00e1huac y en la F\u00e1brica de Artes y Oficios (FARO) de Oriente<\/strong>\u00a0respectivamente en el\u00a0<strong>Festival &#8220;Barrio Baila&#8221;<\/strong>, organizado el\u00a0<strong>Gobierno de la Ciudad de M\u00e9xico<\/strong>, a trav\u00e9s de la\u00a0<strong>Secretar\u00eda de Cultura local<\/strong>.<\/p>\n<p>La banda mexicana Los m\u00fasicos de Jos\u00e9, que cuenta con m\u00e1s de 25 a\u00f1os de trayectoria mezclando ritmos de rock y funk con m\u00fasica instrumental, se presentar\u00e1 el domingo 15 de octubre a las 16 horas en la Explanada de la Alcald\u00eda Tl\u00e1huac, donde compartir\u00e1 escenario con el grupo de rock sierre\u00f1o Mochis Bendito.<\/p>\n<p>Aldo Max, vocalista, saxofonista y tecladista de Los M\u00fasicos de Jos\u00e9, mencion\u00f3 que la banda est\u00e1 muy feliz de tocar para el p\u00fablico de la zona oriente e invit\u00f3 a las personas de todas las edades a acudir al Festival &#8220;Barrio Baila&#8221;.<\/p>\n<p>\u201cLa idea del programa &#8216;Barrio Baila&#8217; es llevar m\u00fasica diversa a lugares donde normalmente no se llevar\u00edan. La verdad estamos muy contentos que nos lleven a la explanada de la alcald\u00eda Tl\u00e1huac, porque nunca hemos tocado ah\u00ed\u201d, declar\u00f3.<\/p>\n<p>El m\u00fasico sostuvo que es fundamental descentralizar la cultura y las artes en beneficio de las comunidades pues llevar eventos culturales a todas las zonas de la ciudad aumenta la calidad de vida de los habitantes.<\/p>\n<p>\u201cYo creo que el arte para una sociedad es como una v\u00e1lvula de escape, una ciudad sin cultura explota, estalla. Es la liberaci\u00f3n de energ\u00eda y el descanso que puede tener a nivel recreativo el cerebro al deleitarse con una buena canci\u00f3n, con una buena pieza arte o simplemente una recreaci\u00f3n como el salir a un concierto, yo siento que son los pivotes que hace que la sociedad funcione y que no nos volvamos locos. Creo que esa ha sido a lo largo de la historia la funci\u00f3n que ha cumplido el arte para la sociedad\u201d, se\u00f1al\u00f3.<\/p>\n<p>Aldo Max dijo que, a pesar de su larga trayectoria, la banda sigue tocando y creando con la misma frescura para hacer las cosas desinteresadamente como desde sus or\u00edgenes en 1996 y reconoci\u00f3 que en la capital del pa\u00eds hay ahora mayor apertura para tocar este tipo de g\u00e9neros.<\/p>\n<p>\u201cNosotros nos mantenemos fieles a nuestra esencia y de alguna forma hemos visto crecer la escena del jazz en la Ciudad de M\u00e9xico. Ha habido un crecimiento en cuanto a lugares y propuestas. Antes no eran tantos lugares las que permit\u00edan tocar estos g\u00e9neros y nos da gusto haber sido parte de esta transformaci\u00f3n de crecimiento de jazz y funk en M\u00e9xico\u201d, a\u00f1adi\u00f3.<\/p>\n<p>La banda surgida en Coyoac\u00e1n est\u00e1 integrada por David L\u00f3pez (guitarra y voz), Paul Spalla (bajo), Alan Varela (trompeta), Gerardo Balandrano (bater\u00eda y voz), Paco G\u00f3mez (saxof\u00f3n tenor, flauta) y Charlot Mc (voz). Cuentan con seis discos de estudio, uno de remezclas y un homenaje al rey del mambo D\u00e1maso P\u00e9rez Prado.<\/p>\n<p>Mientas que Son Rompe Pera, agrupaci\u00f3n formada en Naucalpan, Estado de M\u00e9xico, en 2017, y que fusiona ritmos folcl\u00f3ricos mexicanos con rock, punk, ska, danz\u00f3n, psycho y hacen uso de la marimba tocar\u00e1n junto con la banda originaria de Bosnia y Herzegovina Dubioza Kolektiv el s\u00e1bado 28 de octubre en la FARO de Oriente a partir de las 19:00 horas.<\/p>\n<p>Timothy Bisig, manager de Son Rompe Pera, mencion\u00f3 que es una gran oportunidad para el grupo tocar en la FARO de Oriente, toda vez que tiene muchos fan\u00e1ticos en esa zona de la capital y en este evento gratuito podr\u00e1n ir acompa\u00f1ados de sus familias y amigos.<\/p>\n<p>\u201cSabemos que tenemos muchos fans en toda la ciudad, y a veces les cuesta mucho viajar para verlos tocar. Es un gran orgullo y estamos muy felices de ir a tocar all\u00e1 para la gente, donde incluso los fans pueden llevar a sus amigos, sus pap\u00e1s, a su familia\u201d, apunt\u00f3.<\/p>\n<p>Bisig manifest\u00f3 que es importante poder dar conciertos en la zona oriente ya que las personas pueden disfrutar sin necesidad de desplazarse a largas distancias hacia recintos culturales, donde generalmente se realizan los festivales de m\u00fasica.<\/p>\n<p>\u201cEstamos muy felices de participar en este evento. Para nosotros es muy interesante salir al barrio y a la periferia, donde los chicos vienen. Ellos son de Naucalpan y saben que tambi\u00e9n en Naucalpan nunca vienen ese tipo de eventos y est\u00e1n muy felices de salir al barrio e ir a la periferia y tocar para la gente de all\u00e1\u201d, indic\u00f3.<\/p>\n<p>A\u00f1adi\u00f3 que la banda busca que su m\u00fasica llegue a todos lados, ya que est\u00e1 forma de expresi\u00f3n art\u00edstica es un escape de la vida cotidiana y hace que las personas olviden sus problemas y tengan momentos de diversi\u00f3n.<\/p>\n<p>Son Rompe Pera fue fundada por los hermanos Gama Ruiz, Allan \u201cMongo\u201d Jes\u00fas \u201cKacho\u201d y Jos\u00e9 \u00c1ngel \u201cKilos\u201d, Adem\u00e1s, tambi\u00e9n la banda se compone por el bajista Ricardo \u201cRitchie\u201d L\u00f3pez y el baterista Ra\u00fal Albarr\u00e1n.<\/p>\n<p>El primer \u00e1lbum de la agrupaci\u00f3n\u00a0<em>Batuco<\/em>\u00a0es un homenaje al padre de los hermanos Gama, ya que, gracias a \u00e9l, les surgi\u00f3 su gusto por la m\u00fasica. Aunque el grupo es relativamente joven ya cuenta con un nombre en el medio musical pues se han presentado en Estados Unidos, Sudam\u00e9rica, en distintas ciudades de M\u00e9xico y en el Vive Latino 2022.<\/p>\n<p>Cabe destacar que \u201cBarrio Baila\u201d es un programa de m\u00fasica que se realiza en Parques, FAROS y Centros Culturales de la Ciudad de M\u00e9xico, que de agosto a octubre de este a\u00f1o ofrecer\u00e1 74 conciertos gratuitos a cargo de m\u00e1s de 500 artistas en 25 distintas sedes.<\/p>\n<p>Esta iniciativa tiene el objetivo de descentralizar la cultura al llevarla a diversos espacios, con diferentes g\u00e9neros y programas musicales y art\u00edsticos para todos los gustos, entre los que destacan salsa, cumbia, reggae, electr\u00f3nica, jazz, rock, pop, m\u00fasica cl\u00e1sica y boleros.<\/p>\n<p>Con estas actividades la Secretar\u00eda de Cultura capitalina garantiza el ejercicio de los derechos culturales de los habitantes y visitantes de la capital. Para conocer todas las actividades de la Secretar\u00eda de Cultura capitalina se puede consultar la Cartelera de la Ciudad de M\u00e9xico (<a href=\"https:\/\/cartelera.cdmx.gob.mx\/\">https:\/\/cartelera.cdmx.gob.mx\/<\/a>) y las redes sociales en Facebook, Twitter, Instagram y YouTube.<\/p>\n<div dir=\"auto\"><a class=\"x1i10hfl xjbqb8w x6umtig x1b1mbwd xaqea5y xav7gou x9f619 x1ypdohk xt0psk2 xe8uvvx xdj266r x11i5rnm xat24cr x1mh8g0r xexx8yu x4uap5 x18d9i69 xkhd6sd x16tdsg8 x1hl2dhg xggy1nq x1a2a7pz xt0b8zv x1qq9wsj xo1l8bm\" tabindex=\"0\" role=\"link\" href=\"https:\/\/www.facebook.com\/hashtag\/barriobaila?__eep__=6&amp;__cft__[0]=AZUj1NZaWZMmE385h3h9ki6wT4cYjayJhBGQkzSLaOsbbSlaumF1LVT0Kn2h45QhHumLkSkxla4gcCORCzyKu2WfORE_Ft2thcPa5C16RZq5tn_7etxEZIZzTSrl2uBRabs&amp;__tn__=*NK-R\">#BarrioBaila<\/a><\/div>\n<div dir=\"auto\"><a class=\"x1i10hfl xjbqb8w x6umtig x1b1mbwd xaqea5y xav7gou x9f619 x1ypdohk xt0psk2 xe8uvvx xdj266r x11i5rnm xat24cr x1mh8g0r xexx8yu x4uap5 x18d9i69 xkhd6sd x16tdsg8 x1hl2dhg xggy1nq x1a2a7pz xt0b8zv x1qq9wsj xo1l8bm\" tabindex=\"0\" role=\"link\" href=\"https:\/\/www.facebook.com\/hashtag\/farodeoriente?__eep__=6&amp;__cft__[0]=AZUj1NZaWZMmE385h3h9ki6wT4cYjayJhBGQkzSLaOsbbSlaumF1LVT0Kn2h45QhHumLkSkxla4gcCORCzyKu2WfORE_Ft2thcPa5C16RZq5tn_7etxEZIZzTSrl2uBRabs&amp;__tn__=*NK-R\">#FarodeOriente<\/a><\/div>\n<div dir=\"auto\"><a class=\"x1i10hfl xjbqb8w x6umtig x1b1mbwd xaqea5y xav7gou x9f619 x1ypdohk xt0psk2 xe8uvvx xdj266r x11i5rnm xat24cr x1mh8g0r xexx8yu x4uap5 x18d9i69 xkhd6sd x16tdsg8 x1hl2dhg xggy1nq x1a2a7pz xt0b8zv x1qq9wsj xo1l8bm\" tabindex=\"0\" role=\"link\" href=\"https:\/\/www.facebook.com\/hashtag\/alcaldiatlahuac?__eep__=6&amp;__cft__[0]=AZUj1NZaWZMmE385h3h9ki6wT4cYjayJhBGQkzSLaOsbbSlaumF1LVT0Kn2h45QhHumLkSkxla4gcCORCzyKu2WfORE_Ft2thcPa5C16RZq5tn_7etxEZIZzTSrl2uBRabs&amp;__tn__=*NK-R\">#alcaldiatlahuac<\/a><\/div>\n<div dir=\"auto\"><a class=\"x1i10hfl xjbqb8w x6umtig x1b1mbwd xaqea5y xav7gou x9f619 x1ypdohk xt0psk2 xe8uvvx xdj266r x11i5rnm xat24cr x1mh8g0r xexx8yu x4uap5 x18d9i69 xkhd6sd x16tdsg8 x1hl2dhg xggy1nq x1a2a7pz xt0b8zv x1qq9wsj xo1l8bm\" tabindex=\"0\" role=\"link\" href=\"https:\/\/www.facebook.com\/hashtag\/secretariadeculturacdmx?__eep__=6&amp;__cft__[0]=AZUj1NZaWZMmE385h3h9ki6wT4cYjayJhBGQkzSLaOsbbSlaumF1LVT0Kn2h45QhHumLkSkxla4gcCORCzyKu2WfORE_Ft2thcPa5C16RZq5tn_7etxEZIZzTSrl2uBRabs&amp;__tn__=*NK-R\">#secretariadeculturacdmx<\/a><\/div>\n<p>[\/fusion_text][fusion_gallery layout=&#8221;&#8221; picture_size=&#8221;&#8221; columns=&#8221;&#8221; column_spacing=&#8221;10&#8243; gallery_masonry_grid_ratio=&#8221;&#8221; gallery_masonry_width_double=&#8221;&#8221; hover_type=&#8221;&#8221; lightbox=&#8221;yes&#8221; lightbox_content=&#8221;&#8221; bordersize=&#8221;&#8221; bordercolor=&#8221;&#8221; border_radius=&#8221;&#8221; hide_on_mobile=&#8221;small-visibility,medium-visibility,large-visibility&#8221; class=&#8221;&#8221; id=&#8221;&#8221;][fusion_gallery_image image=&#8221;https:\/\/www.bitacoracdmx.com\/wp-content\/uploads\/2023\/10\/WhatsApp-Image-2023-10-12-at-10.07.48-AM-250&#215;300.jpeg&#8221; image_id=&#8221;53549|medium&#8221; link=&#8221;&#8221; linktarget=&#8221;_self&#8221; \/][fusion_gallery_image image=&#8221;https:\/\/www.bitacoracdmx.com\/wp-content\/uploads\/2023\/10\/WhatsApp-Image-2023-10-12-at-10.07.27-AM-300&#215;300.jpeg&#8221; image_id=&#8221;53550|medium&#8221; link=&#8221;&#8221; linktarget=&#8221;_self&#8221; \/][\/fusion_gallery][\/fusion_builder_column][\/fusion_builder_row][\/fusion_builder_container]<\/p>\n","protected":false},"excerpt":{"rendered":"<p>[fusion_builder_container hundred_percent=&#8221;no&#8221; equal_height_columns=&#8221;no&#8221; menu_anchor=&#8221;&#8221; hide_on_mobile=&#8221;small-visibility,medium-visibility,large-visibility&#8221; class=&#8221;&#8221; id=&#8221;&#8221; background_color=&#8221;&#8221; background_image=&#8221;&#8221; background_position=&#8221;center center&#8221; background_repeat=&#8221;no-repeat&#8221; fade=&#8221;no&#8221; background_parallax=&#8221;none&#8221; parallax_speed=&#8221;0.3&#8243; video_mp4=&#8221;&#8221; video_webm=&#8221;&#8221; video_ogv=&#8221;&#8221; video_url=&#8221;&#8221; video_aspect_ratio=&#8221;16:9&#8243; video_loop=&#8221;yes&#8221; video_mute=&#8221;yes&#8221; overlay_color=&#8221;&#8221; video_preview_image=&#8221;&#8221; border_size=&#8221;&#8221; border_color=&#8221;&#8221; border_style=&#8221;solid&#8221; padding_top=&#8221;&#8221; padding_bottom=&#8221;&#8221; padding_left=&#8221;&#8221; padding_right=&#8221;&#8221;][fusion_builder_row][fusion_builder_column type=&#8221;1_1&#8243; layout=&#8221;1_1&#8243; background_position=&#8221;left top&#8221; background_color=&#8221;&#8221; border_size=&#8221;&#8221; border_color=&#8221;&#8221; border_style=&#8221;solid&#8221; border_position=&#8221;all&#8221; spacing=&#8221;yes&#8221; background_image=&#8221;&#8221; background_repeat=&#8221;no-repeat&#8221; padding_top=&#8221;&#8221; padding_right=&#8221;&#8221; padding_bottom=&#8221;&#8221; padding_left=&#8221;&#8221; margin_top=&#8221;0px&#8221; margin_bottom=&#8221;0px&#8221; class=&#8221;&#8221; id=&#8221;&#8221; animation_type=&#8221;&#8221; animation_speed=&#8221;0.3&#8243; animation_direction=&#8221;left&#8221; hide_on_mobile=&#8221;small-visibility,medium-visibility,large-visibility&#8221; center_content=&#8221;no&#8221; last=&#8221;no&#8221; min_height=&#8221;&#8221; hover_type=&#8221;none&#8221; link=&#8221;&#8221;][fusion_text] REDACCI\u00d3N \u25cf Los m\u00fasicos de Jos\u00e9 se presentar\u00e1n junto con Mochis Bendito el domingo 15 de octubre a las 16 horas en la explanada de la Alcald\u00eda Tl\u00e1huac, mientras que Son Rompe Pera compartir\u00e1 escenario con Dubioza Kolektiv en FARO [&hellip;]<\/p>\n","protected":false},"author":1,"featured_media":53550,"comment_status":"open","ping_status":"open","sticky":false,"template":"","format":"standard","meta":{"footnotes":""},"categories":[9,11],"tags":[],"_links":{"self":[{"href":"https:\/\/www.bitacoracdmx.com\/index.php?rest_route=\/wp\/v2\/posts\/53548"}],"collection":[{"href":"https:\/\/www.bitacoracdmx.com\/index.php?rest_route=\/wp\/v2\/posts"}],"about":[{"href":"https:\/\/www.bitacoracdmx.com\/index.php?rest_route=\/wp\/v2\/types\/post"}],"author":[{"embeddable":true,"href":"https:\/\/www.bitacoracdmx.com\/index.php?rest_route=\/wp\/v2\/users\/1"}],"replies":[{"embeddable":true,"href":"https:\/\/www.bitacoracdmx.com\/index.php?rest_route=%2Fwp%2Fv2%2Fcomments&post=53548"}],"version-history":[{"count":1,"href":"https:\/\/www.bitacoracdmx.com\/index.php?rest_route=\/wp\/v2\/posts\/53548\/revisions"}],"predecessor-version":[{"id":53551,"href":"https:\/\/www.bitacoracdmx.com\/index.php?rest_route=\/wp\/v2\/posts\/53548\/revisions\/53551"}],"wp:featuredmedia":[{"embeddable":true,"href":"https:\/\/www.bitacoracdmx.com\/index.php?rest_route=\/wp\/v2\/media\/53550"}],"wp:attachment":[{"href":"https:\/\/www.bitacoracdmx.com\/index.php?rest_route=%2Fwp%2Fv2%2Fmedia&parent=53548"}],"wp:term":[{"taxonomy":"category","embeddable":true,"href":"https:\/\/www.bitacoracdmx.com\/index.php?rest_route=%2Fwp%2Fv2%2Fcategories&post=53548"},{"taxonomy":"post_tag","embeddable":true,"href":"https:\/\/www.bitacoracdmx.com\/index.php?rest_route=%2Fwp%2Fv2%2Ftags&post=53548"}],"curies":[{"name":"wp","href":"https:\/\/api.w.org\/{rel}","templated":true}]}}