{"id":53555,"date":"2023-10-12T23:01:25","date_gmt":"2023-10-12T23:01:25","guid":{"rendered":"https:\/\/www.bitacoracdmx.com\/?p=53555"},"modified":"2023-10-12T23:01:25","modified_gmt":"2023-10-12T23:01:25","slug":"el-centro-de-produccion-de-danza-contemporanea-presenta-relevantes-temas-de-la-contemporaneidad","status":"publish","type":"post","link":"https:\/\/www.bitacoracdmx.com\/?p=53555","title":{"rendered":"El CENTRO DE PRODUCCI\u00d3N DE DANZA CONTEMPOR\u00c1NEA presenta relevantes temas de la contemporaneidad"},"content":{"rendered":"<p>[fusion_builder_container hundred_percent=&#8221;no&#8221; equal_height_columns=&#8221;no&#8221; menu_anchor=&#8221;&#8221; hide_on_mobile=&#8221;small-visibility,medium-visibility,large-visibility&#8221; class=&#8221;&#8221; id=&#8221;&#8221; background_color=&#8221;&#8221; background_image=&#8221;&#8221; background_position=&#8221;center center&#8221; background_repeat=&#8221;no-repeat&#8221; fade=&#8221;no&#8221; background_parallax=&#8221;none&#8221; parallax_speed=&#8221;0.3&#8243; video_mp4=&#8221;&#8221; video_webm=&#8221;&#8221; video_ogv=&#8221;&#8221; video_url=&#8221;&#8221; video_aspect_ratio=&#8221;16:9&#8243; video_loop=&#8221;yes&#8221; video_mute=&#8221;yes&#8221; overlay_color=&#8221;&#8221; video_preview_image=&#8221;&#8221; border_size=&#8221;&#8221; border_color=&#8221;&#8221; border_style=&#8221;solid&#8221; padding_top=&#8221;&#8221; padding_bottom=&#8221;&#8221; padding_left=&#8221;&#8221; padding_right=&#8221;&#8221;][fusion_builder_row][fusion_builder_column type=&#8221;1_1&#8243; layout=&#8221;1_1&#8243; background_position=&#8221;left top&#8221; background_color=&#8221;&#8221; border_size=&#8221;&#8221; border_color=&#8221;&#8221; border_style=&#8221;solid&#8221; border_position=&#8221;all&#8221; spacing=&#8221;yes&#8221; background_image=&#8221;&#8221; background_repeat=&#8221;no-repeat&#8221; padding_top=&#8221;&#8221; padding_right=&#8221;&#8221; padding_bottom=&#8221;&#8221; padding_left=&#8221;&#8221; margin_top=&#8221;0px&#8221; margin_bottom=&#8221;0px&#8221; class=&#8221;&#8221; id=&#8221;&#8221; animation_type=&#8221;&#8221; animation_speed=&#8221;0.3&#8243; animation_direction=&#8221;left&#8221; hide_on_mobile=&#8221;small-visibility,medium-visibility,large-visibility&#8221; center_content=&#8221;no&#8221; last=&#8221;no&#8221; min_height=&#8221;&#8221; hover_type=&#8221;none&#8221; link=&#8221;&#8221;][fusion_text]<\/p>\n<p>REDACCI\u00d3N<\/p>\n<p class=\"\">\u25cf\u00a0<strong>La compa\u00f1\u00eda del Inbal ofrecer\u00e1 las coreograf\u00edas\u00a0<\/strong><strong><em>Der Moment<\/em><\/strong><strong>\u00a0y\u00a0<\/strong><strong><em>BACANAL<\/em><\/strong><strong>, piezas que abordan los temas de la discriminaci\u00f3n y la falta de comunicaci\u00f3n humana<\/strong><\/p>\n<p class=\"\">\u25cf\u00a0<strong>Se llevar\u00e1n a cabo dos \u00fanicas funciones, los d\u00edas viernes 27 y s\u00e1bado 28 de octubre en el Teatro de la Ciudad Esperanza Iris<\/strong><\/p>\n<p class=\"\">El Centro de Producci\u00f3n de Danza Contempor\u00e1nea (CEPRODAC) del Instituto Nacional de Bellas Artes y Literatura (Inbal) llegar\u00e1 al\u00a0<strong>Teatro de la Ciudad Esperanza Iris<\/strong>\u00a0para presentar dos de sus m\u00e1s recientes coreograf\u00edas que abordan, desde el arte del cuerpo en movimiento, grandes temas de la contemporaneidad en el mundo: la discriminaci\u00f3n y la falta de comunicaci\u00f3n entre los seres humanos.<\/p>\n<p class=\"\">Se trata de\u00a0<strong><em>Der Moment<\/em><\/strong><strong>,\u00a0<\/strong>coreograf\u00eda y dise\u00f1o de vestuario de Jacek Przyby\u0142owicz, un proyecto de cooperaci\u00f3n internacional con el Instituto Adam Mickiewicz de Polonia, y\u00a0<strong><em>BACANAL<\/em><\/strong>, con direcci\u00f3n y coreograf\u00eda de V\u00edctor Manuel Ru\u00edz. Ambas piezas se escenificar\u00e1n en el recinto de Donceles 36, los d\u00edas viernes 27 y s\u00e1bado 28 de octubre, con el apoyo de la\u00a0<strong>Direcci\u00f3n del Sistema de Teatros de la Secretar\u00eda de Cultura de la Ciudad de M\u00e9xico<\/strong>.<\/p>\n<p class=\"\">Con\u00a0<em>Der Moment<\/em>\u00a0se recuerda el levantamiento del Gueto de Varsovia en 1943, considerada hist\u00f3ricamente como una expresi\u00f3n de resistencia y una defensa de la dignidad de la comunidad jud\u00eda deshumanizada por las pol\u00edticas de desprecio nazis.<\/p>\n<p class=\"\">\u201cEn el 80 aniversario de este acto, nos gustar\u00eda recordar estos hechos en un contexto m\u00e1s universal, evocando la experiencia com\u00fan de las naciones que sufren el exterminio y el racismo\u201d, afirma Cecilia Lugo, directora art\u00edstica del CEPRODAC.<\/p>\n<p class=\"\">Con los bailarines integrantes de la compa\u00f1\u00eda, se establece aqu\u00ed un di\u00e1logo transcultural y se recrea la historia de una comunidad inmersa en el sufrimiento y la tristeza, que evoca culturas y figuras en peligro de ser olvidadas, pero sin descuidar la necesidad de preservar la esperanza. \u201cRecordamos que somos necrocommunitas \u2013comunidades de vivos y muertos\u2013\u201c.<\/p>\n<p class=\"\">El t\u00edtulo de la pieza coreogr\u00e1fica evoca un \u201cmomento\u201d convencional, un instante de la memoria de una comunidad que ha desaparecido violentamente. El t\u00edtulo fue tomado del diario m\u00e1s grande publicado en yiddish en Europa Central.\u00a0<em>Der Moment<\/em>\u00a0era entonces una cr\u00f3nica de la comunidad jud\u00eda que viv\u00eda en Polonia, con un enfoque particular en Varsovia, entonces el centro m\u00e1s grande de la di\u00e1spora jud\u00eda en Europa.<\/p>\n<p class=\"\"><em>Der Moment\u00a0<\/em>es una colaboraci\u00f3n con el Instituto Adam Mickiewicz, una instituci\u00f3n cultural financiada por el Ministerio de Cultura y Patrimonio Nacional, cuyo objetivo es crear un inter\u00e9s duradero por la cultura polaca en todo el mundo. El Instituto trabaja con socios extranjeros y promueve un di\u00e1logo cultural internacional de acuerdo con los objetivos y metas de la pol\u00edtica exterior polaca. Ha realizado proyectos culturales en setenta pa\u00edses del mundo.<\/p>\n<p class=\"\">El programa incluye asimismo\u00a0<em>BACANAL<\/em>, coreograf\u00eda con direcci\u00f3n de su autor, V\u00edctor Manuel Ru\u00edz, reconocido bailar\u00edn, core\u00f3grafo, docente e Iluminador mexicano con 40 a\u00f1os de trayectoria art\u00edstica y quien actualmente es director art\u00edstico de la compa\u00f1\u00eda Delfos Danza Contempor\u00e1nea y de la Escuela Profesional de Danza de Mazatl\u00e1n.<\/p>\n<p class=\"\">La pieza es un proyecto que aborda las fiestas, los excesos y la falta de comunicaci\u00f3n entre los seres humanos. Se trata de una pieza de danza contempor\u00e1nea que invita a la reflexi\u00f3n sobre el desarrollo de la violencia y la falta de empat\u00eda y amor, una problem\u00e1tica actual de grandes dimensiones.<\/p>\n<p class=\"\">En consideraci\u00f3n del autor, es una problem\u00e1tica a la que al parecer ya estamos acostumbrados y parece que no se tiene salida pr\u00f3xima. A veces somos agresivos sin darnos cuenta y buscamos desesperadamente desconectarnos de nuestro entorno al precio que sea para poder sobrevivir, afirma.<\/p>\n<p class=\"\"><strong><em>CEPRODAC: Der Moment \/ BACANAL<\/em><\/strong>\u00a0(Polonia-M\u00e9xico) se presentar\u00e1 los d\u00edas viernes 27 de octubre a las 20:30 horas y el s\u00e1bado 28 a las 19:00, en el\u00a0<strong>Teatro de la Ciudad Esperanza Iris\u00a0<\/strong>(Donceles 36, Centro Hist\u00f3rico, Metro Allende).<\/p>\n<p class=\"\"><strong>Admisi\u00f3n:<\/strong>\u00a0<strong>Entrada general, $250<\/strong>. Los boletos se pueden adquirir en la taquilla del teatro y en las plataformas digitales de\u00a0<strong>Ticketmaster<\/strong>.<\/p>\n<p class=\"\">Para conocer la programaci\u00f3n de la\u00a0<strong>Direcci\u00f3n del Sistema de Teatros de la Ciudad de M\u00e9xico<\/strong>\u00a0visite las redes sociales:\u00a0<strong>Facebook\u00a0<\/strong>@TeatrosCdMexico,\u00a0<strong>Twitter<\/strong>\u00a0@TeatrosCdMexico e\u00a0<strong>Instagram<\/strong>\u00a0@teatroscdmexico.<\/p>\n<div dir=\"auto\"><a class=\"x1i10hfl xjbqb8w x6umtig x1b1mbwd xaqea5y xav7gou x9f619 x1ypdohk xt0psk2 xe8uvvx xdj266r x11i5rnm xat24cr x1mh8g0r xexx8yu x4uap5 x18d9i69 xkhd6sd x16tdsg8 x1hl2dhg xggy1nq x1a2a7pz xt0b8zv x1qq9wsj xo1l8bm\" tabindex=\"0\" role=\"link\" href=\"https:\/\/www.facebook.com\/hashtag\/teatrodelaciudadesperanzairis?__eep__=6&amp;__cft__[0]=AZVkRvkjzSfp3nz_k2tqbEi6xQVpUOhiI51iVgs6T7w2iWmyytUWyd_O8BqBZHFeaez9WpIDRQYl-XFRSZcbA-vpEt8S65eaWTGdZRaII-YxxzNHAHZQHIyOngHwN3UQZug&amp;__tn__=*NK-R\">#TeatroDeLaCiudadEsperanzaIris<\/a><\/div>\n<div dir=\"auto\"><a class=\"x1i10hfl xjbqb8w x6umtig x1b1mbwd xaqea5y xav7gou x9f619 x1ypdohk xt0psk2 xe8uvvx xdj266r x11i5rnm xat24cr x1mh8g0r xexx8yu x4uap5 x18d9i69 xkhd6sd x16tdsg8 x1hl2dhg xggy1nq x1a2a7pz xt0b8zv x1qq9wsj xo1l8bm\" tabindex=\"0\" role=\"link\" href=\"https:\/\/www.facebook.com\/hashtag\/bitacoracdmx?__eep__=6&amp;__cft__[0]=AZVkRvkjzSfp3nz_k2tqbEi6xQVpUOhiI51iVgs6T7w2iWmyytUWyd_O8BqBZHFeaez9WpIDRQYl-XFRSZcbA-vpEt8S65eaWTGdZRaII-YxxzNHAHZQHIyOngHwN3UQZug&amp;__tn__=*NK-R\">#bitacoracdmx<\/a><\/div>\n<p>[\/fusion_text][fusion_imageframe image_id=&#8221;53556|medium&#8221; max_width=&#8221;&#8221; style_type=&#8221;&#8221; blur=&#8221;&#8221; stylecolor=&#8221;&#8221; hover_type=&#8221;none&#8221; bordersize=&#8221;&#8221; bordercolor=&#8221;&#8221; borderradius=&#8221;&#8221; align=&#8221;none&#8221; lightbox=&#8221;no&#8221; gallery_id=&#8221;&#8221; lightbox_image=&#8221;&#8221; lightbox_image_id=&#8221;&#8221; alt=&#8221;&#8221; link=&#8221;&#8221; linktarget=&#8221;_self&#8221; hide_on_mobile=&#8221;small-visibility,medium-visibility,large-visibility&#8221; class=&#8221;&#8221; id=&#8221;&#8221; animation_type=&#8221;&#8221; animation_direction=&#8221;left&#8221; animation_speed=&#8221;0.3&#8243; animation_offset=&#8221;&#8221;]https:\/\/www.bitacoracdmx.com\/wp-content\/uploads\/2023\/10\/387075751_906865654166001_546494644821114209_n-212&#215;300.jpg[\/fusion_imageframe][\/fusion_builder_column][\/fusion_builder_row][\/fusion_builder_container]<\/p>\n","protected":false},"excerpt":{"rendered":"<p>[fusion_builder_container hundred_percent=&#8221;no&#8221; equal_height_columns=&#8221;no&#8221; menu_anchor=&#8221;&#8221; hide_on_mobile=&#8221;small-visibility,medium-visibility,large-visibility&#8221; class=&#8221;&#8221; id=&#8221;&#8221; background_color=&#8221;&#8221; background_image=&#8221;&#8221; background_position=&#8221;center center&#8221; background_repeat=&#8221;no-repeat&#8221; fade=&#8221;no&#8221; background_parallax=&#8221;none&#8221; parallax_speed=&#8221;0.3&#8243; video_mp4=&#8221;&#8221; video_webm=&#8221;&#8221; video_ogv=&#8221;&#8221; video_url=&#8221;&#8221; video_aspect_ratio=&#8221;16:9&#8243; video_loop=&#8221;yes&#8221; video_mute=&#8221;yes&#8221; overlay_color=&#8221;&#8221; video_preview_image=&#8221;&#8221; border_size=&#8221;&#8221; border_color=&#8221;&#8221; border_style=&#8221;solid&#8221; padding_top=&#8221;&#8221; padding_bottom=&#8221;&#8221; padding_left=&#8221;&#8221; padding_right=&#8221;&#8221;][fusion_builder_row][fusion_builder_column type=&#8221;1_1&#8243; layout=&#8221;1_1&#8243; background_position=&#8221;left top&#8221; background_color=&#8221;&#8221; border_size=&#8221;&#8221; border_color=&#8221;&#8221; border_style=&#8221;solid&#8221; border_position=&#8221;all&#8221; spacing=&#8221;yes&#8221; background_image=&#8221;&#8221; background_repeat=&#8221;no-repeat&#8221; padding_top=&#8221;&#8221; padding_right=&#8221;&#8221; padding_bottom=&#8221;&#8221; padding_left=&#8221;&#8221; margin_top=&#8221;0px&#8221; margin_bottom=&#8221;0px&#8221; class=&#8221;&#8221; id=&#8221;&#8221; animation_type=&#8221;&#8221; animation_speed=&#8221;0.3&#8243; animation_direction=&#8221;left&#8221; hide_on_mobile=&#8221;small-visibility,medium-visibility,large-visibility&#8221; center_content=&#8221;no&#8221; last=&#8221;no&#8221; min_height=&#8221;&#8221; hover_type=&#8221;none&#8221; link=&#8221;&#8221;][fusion_text] REDACCI\u00d3N \u25cf\u00a0La compa\u00f1\u00eda del Inbal ofrecer\u00e1 las coreograf\u00edas\u00a0Der Moment\u00a0y\u00a0BACANAL, piezas que abordan los temas de la discriminaci\u00f3n y la falta de comunicaci\u00f3n humana \u25cf\u00a0Se llevar\u00e1n a cabo dos \u00fanicas funciones, los d\u00edas viernes 27 y s\u00e1bado 28 de octubre en [&hellip;]<\/p>\n","protected":false},"author":1,"featured_media":53556,"comment_status":"open","ping_status":"open","sticky":false,"template":"","format":"standard","meta":{"footnotes":""},"categories":[5,9],"tags":[],"_links":{"self":[{"href":"https:\/\/www.bitacoracdmx.com\/index.php?rest_route=\/wp\/v2\/posts\/53555"}],"collection":[{"href":"https:\/\/www.bitacoracdmx.com\/index.php?rest_route=\/wp\/v2\/posts"}],"about":[{"href":"https:\/\/www.bitacoracdmx.com\/index.php?rest_route=\/wp\/v2\/types\/post"}],"author":[{"embeddable":true,"href":"https:\/\/www.bitacoracdmx.com\/index.php?rest_route=\/wp\/v2\/users\/1"}],"replies":[{"embeddable":true,"href":"https:\/\/www.bitacoracdmx.com\/index.php?rest_route=%2Fwp%2Fv2%2Fcomments&post=53555"}],"version-history":[{"count":1,"href":"https:\/\/www.bitacoracdmx.com\/index.php?rest_route=\/wp\/v2\/posts\/53555\/revisions"}],"predecessor-version":[{"id":53557,"href":"https:\/\/www.bitacoracdmx.com\/index.php?rest_route=\/wp\/v2\/posts\/53555\/revisions\/53557"}],"wp:featuredmedia":[{"embeddable":true,"href":"https:\/\/www.bitacoracdmx.com\/index.php?rest_route=\/wp\/v2\/media\/53556"}],"wp:attachment":[{"href":"https:\/\/www.bitacoracdmx.com\/index.php?rest_route=%2Fwp%2Fv2%2Fmedia&parent=53555"}],"wp:term":[{"taxonomy":"category","embeddable":true,"href":"https:\/\/www.bitacoracdmx.com\/index.php?rest_route=%2Fwp%2Fv2%2Fcategories&post=53555"},{"taxonomy":"post_tag","embeddable":true,"href":"https:\/\/www.bitacoracdmx.com\/index.php?rest_route=%2Fwp%2Fv2%2Ftags&post=53555"}],"curies":[{"name":"wp","href":"https:\/\/api.w.org\/{rel}","templated":true}]}}