{"id":53755,"date":"2023-10-25T05:29:38","date_gmt":"2023-10-25T05:29:38","guid":{"rendered":"https:\/\/www.bitacoracdmx.com\/?p=53755"},"modified":"2023-10-25T05:29:38","modified_gmt":"2023-10-25T05:29:38","slug":"rompe-la-xxiii-feria-internacional-del-libro-del-zocalo-record-con-un-millon-200-mil-asistentes","status":"publish","type":"post","link":"https:\/\/www.bitacoracdmx.com\/?p=53755","title":{"rendered":"Rompe la XXIII FERIA INTERNACIONAL DEL LIBRO DEL Z\u00d3CALO R\u00c9CORD con un mill\u00f3n 200 mil asistentes"},"content":{"rendered":"<p>[fusion_builder_container hundred_percent=&#8221;no&#8221; equal_height_columns=&#8221;no&#8221; menu_anchor=&#8221;&#8221; hide_on_mobile=&#8221;small-visibility,medium-visibility,large-visibility&#8221; class=&#8221;&#8221; id=&#8221;&#8221; background_color=&#8221;&#8221; background_image=&#8221;&#8221; background_position=&#8221;center center&#8221; background_repeat=&#8221;no-repeat&#8221; fade=&#8221;no&#8221; background_parallax=&#8221;none&#8221; parallax_speed=&#8221;0.3&#8243; video_mp4=&#8221;&#8221; video_webm=&#8221;&#8221; video_ogv=&#8221;&#8221; video_url=&#8221;&#8221; video_aspect_ratio=&#8221;16:9&#8243; video_loop=&#8221;yes&#8221; video_mute=&#8221;yes&#8221; overlay_color=&#8221;&#8221; video_preview_image=&#8221;&#8221; border_size=&#8221;&#8221; border_color=&#8221;&#8221; border_style=&#8221;solid&#8221; padding_top=&#8221;&#8221; padding_bottom=&#8221;&#8221; padding_left=&#8221;&#8221; padding_right=&#8221;&#8221;][fusion_builder_row][fusion_builder_column type=&#8221;1_1&#8243; layout=&#8221;1_1&#8243; background_position=&#8221;left top&#8221; background_color=&#8221;&#8221; border_size=&#8221;&#8221; border_color=&#8221;&#8221; border_style=&#8221;solid&#8221; border_position=&#8221;all&#8221; spacing=&#8221;yes&#8221; background_image=&#8221;&#8221; background_repeat=&#8221;no-repeat&#8221; padding_top=&#8221;&#8221; padding_right=&#8221;&#8221; padding_bottom=&#8221;&#8221; padding_left=&#8221;&#8221; margin_top=&#8221;0px&#8221; margin_bottom=&#8221;0px&#8221; class=&#8221;&#8221; id=&#8221;&#8221; animation_type=&#8221;&#8221; animation_speed=&#8221;0.3&#8243; animation_direction=&#8221;left&#8221; hide_on_mobile=&#8221;small-visibility,medium-visibility,large-visibility&#8221; center_content=&#8221;no&#8221; last=&#8221;no&#8221; min_height=&#8221;&#8221; hover_type=&#8221;none&#8221; link=&#8221;&#8221;][fusion_text]<\/p>\n<p>REDACCI\u00d3N<\/p>\n<p>\u25cf La fiesta de las letras se realiz\u00f3 del 13 al 22 de octubre y cont\u00f3 con la participaci\u00f3n de m\u00e1s de 300 editoriales<\/p>\n<p>\u25cf El evento multitudinario program\u00f3 m\u00e1s de 260 actividades para toda la familia, as\u00ed como presentaciones de libros, conversatorios, conferencias, conciertos, cuentacuentos, proyecciones de cine y homenajes a grandes escritores y pensadores<\/p>\n<p>La\u00a0<strong>XXIII Feria Internacional del Libro del Z\u00f3calo<\/strong>, organizada por el\u00a0<strong>Gobierno de la Ciudad de M\u00e9xico<\/strong>, a trav\u00e9s de la\u00a0<strong>Secretar\u00eda de Cultura local<\/strong>, rompi\u00f3 r\u00e9cord de asistencia con un mill\u00f3n 200 mil personas durante los diez d\u00edas que se present\u00f3, del\u00a0<strong>13 al 22 de octubre<\/strong>.<\/p>\n<p>Con la participaci\u00f3n de 300 editoriales y m\u00e1s de 260 actividades para toda la familia, la edici\u00f3n de este a\u00f1o tuvo tres foros al aire libre, dos de ellos nombrados &#8220;Salvador Allende&#8221; y &#8220;Violeta Parra&#8221;, en homenaje a los 50 a\u00f1os del Golpe de Estado en Chile, y el tercero llamado &#8220;Pancho Villa&#8221; para conmemorar el centenario luctuoso del caudillo de la Revoluci\u00f3n Mexicana.<\/p>\n<p>En tales espacios, las y los asistentes pudieron disfrutar de presentaciones de libros de diversos g\u00e9neros, conversatorios, conferencias, debates, conciertos, espect\u00e1culos de teatro, recitales de poes\u00eda, lectura en voz alta, proyecciones de cine y homenajes a la narradora mexicana Sabina Berman y al historiador argentino Adolfo Gilly.<\/p>\n<p>Los m\u00e1s peque\u00f1os tambi\u00e9n pudieron empaparse de las letras con el Libro club, la Ludoteca, la Bebeteca, talleres, un espacio esc\u00e9nico con cuentacuentos, narraciones de leyendas, espect\u00e1culos de m\u00fasica y teatro, adem\u00e1s de presentaciones de libros para ni\u00f1os.<\/p>\n<p>Entre las presentaciones literarias m\u00e1s destacadas, se encuentra la realizada el mi\u00e9rcoles 17 de octubre con el escritor y periodista\u00a0<strong>Juan Villoro<\/strong>, quien habl\u00f3 de su m\u00e1s reciente libro\u00a0<strong><em>La figura del mundo<\/em><\/strong>, obra sobre las memorias de su padre, el c\u00e9lebre fil\u00f3sofo\u00a0<strong>Luis Villoro<\/strong>, en la que narra an\u00e9cdotas \u00edntimas en tiempos de agitaci\u00f3n pol\u00edtica durante la segunda mitad del siglo XX en el pa\u00eds, y c\u00f3mo el pensador fue considerado una \u201camenaza\u201d al ser poseedor de las obras completas en alem\u00e1n de Carlos Marx y Federico Engels.<\/p>\n<p>En tanto, el s\u00e1bado 21 de octubre, el escritor, guionista y cineasta mexicano Guillermo Arriaga present\u00f3 la novela\u00a0<em>El fantasma de los hechos<\/em>, del escritor italiano Bruno Arpaia, la cual narra diversos momentos en la vida de un agente retirado de la Agencia Central de Investigaciones estadounidense (CIA, por sus siglas en ingl\u00e9s) y c\u00f3mo en la Italia de la posguerra la futura independencia tecnol\u00f3gica del pa\u00eds mediterr\u00e1neo fue boicoteada.<\/p>\n<p>Durante su participaci\u00f3n, Arriaga dijo sentirse \u201cprofundamente honrado\u201d de presentar la obra de Arpaia, quien tambi\u00e9n es traductor de la obra al italiano del guionista mexicano. Mencion\u00f3 que esta novela es valiosa, ya que tiene un gran rigor y conocimiento de la historia de Italia y de las agencias de inteligencia internacional.<\/p>\n<p>En la presentaci\u00f3n, realizada en el Foro \u201cSalvador Allende\u201d, se resalt\u00f3 la necesidad de fomentar y trabajar en la cultura y la educaci\u00f3n, ya que son fundamentales para el desarrollo social.<\/p>\n<p>\u201cSe debe invertir en la cultura porque desde el punto de vista econ\u00f3mico es el motor del desarrollo; y en segundo porque no puede existir democracia sin ciudadanos cultos y adem\u00e1s la cultura es la \u00fanica arma de nosotros, los que no tenemos el poder para contestar a las preguntas complejas del mundo\u201d, dijo el escritor italiano.<\/p>\n<p>En la feria tambi\u00e9n estuvieron grandes personajes como el escritor Alberto Chimal, el narrador gr\u00e1fico Bernardo Fern\u00e1ndez \u2018Bef\u2019, la escritora feminista Marta Lamas, el fil\u00f3sofo \u00d3scar de la Borbolla, el historiador Lorenzo Meyer, y los periodistas H\u00e9ctor de Maule\u00f3n, \u00c1lvaro Delgado y Alejandro P\u00e1ez Varela.<\/p>\n<p>Asimismo, estuvo el titular del Fondo de Cultura Econ\u00f3mica (FCE), Paco Ignacio Taibo II; el periodista y presidente del Sistema P\u00fablico de Radiodifusi\u00f3n del Estado Mexicano (SPR), Jenaro Villamil; los caricaturistas Rafael Pineda \u201cMonero Rap\u00e9\u201d, Rafael Barajas Dur\u00e1n \u201cEl Fisg\u00f3n\u201d, Jos\u00e9 Hern\u00e1ndez \u201c Monero Hern\u00e1ndez\u201d, entre otros.<\/p>\n<p>La visitante Marcela Flores, quien cada a\u00f1o acude a la Feria Internacional del Libro del Z\u00f3calo, declar\u00f3 que est\u00e1 edici\u00f3n le gust\u00f3 porque pudo adquirir m\u00e1s libros a menor precio, dijo ser fan\u00e1tica de la literatura g\u00f3tica y de terror, por ello, mencion\u00f3, el mejor libro que se llev\u00f3 fue\u00a0<em>Cuentos reunidos<\/em>\u00a0de la escritora mexicana Amparo D\u00e1vila.<\/p>\n<p>\u201cCompr\u00e9 varios libros, pero entre los que m\u00e1s me gust\u00f3 fue el de Amparo D\u00e1vila, sus cuentos son una maravilla, su tem\u00e1tica es siempre de obsesi\u00f3n y terror, est\u00e1n padr\u00edsimos\u201d, expres\u00f3.<\/p>\n<p>Entre los asistentes se encontraba la adulta mayor Carolina Alc\u00e1ntara, quien acudi\u00f3 a la feria principalmente para ver las conferencias y presentaciones de escritores y periodistas, a quienes quer\u00eda conocer.<\/p>\n<p>Por su parte, Eduardo Cruz acudi\u00f3 a la Feria con su esposa e hijo y se sorprendi\u00f3 de la cantidad de libros infantiles, as\u00ed como de las actividades para ni\u00f1os que se presentaron. &#8220;Es la primera vez que vengo, me parece muy bien. Yo me llevo varios libros y me gust\u00f3 que hay buena atenci\u00f3n para los ni\u00f1os por parte de los trabajadores. Mi hijo est\u00e1 muy contento porque est\u00e1 aqu\u00ed dibujado\u201d, coment\u00f3.<\/p>\n<p>La edici\u00f3n XXIII de la Feria Internacional del Libro del Z\u00f3calo cont\u00f3 con siete carpas distribuidas a lo largo de la Plancha del Z\u00f3calo donde albergaron diversas editoriales desde independientes hasta de renombre y especializadas.<\/p>\n<p>Con el fin de promover la lectura y acercar el conocimiento a la poblaci\u00f3n se realizaron diversas din\u00e1micas para regalar los libros\u00a0<em>Memorias chilenas 1973<\/em>, de Marc Cooper;\u00a0<em>Tati Allende<\/em>.<em>Una revolucionaria olvidada<\/em>, de Marco \u00c1lvarez Vergara;\u00a0<em>Elena Garro<\/em>.\u00a0<em>La p\u00e9rdida del reino<\/em>, de Emiliano Ruiz Parra;\u00a0<em>Caf\u00e9, esp\u00edas, amantes y nazis<\/em>, de Paco Ignacio Taibo II, y m\u00e1s.<\/p>\n<p>Con estas actividades, la Secretar\u00eda de Cultura capitalina garantiza el ejercicio de los derechos culturales de los habitantes y visitantes de la capital. Para conocer todas las actividades de la dependencia se puede consultar la Cartelera de la Ciudad de M\u00e9xico (<a href=\"https:\/\/cartelera.cdmx.gob.mx\/\">https:\/\/cartelera.cdmx.gob.mx\/<\/a>) y las redes sociales en Facebook, Twitter, Instagram y YouTube.<\/p>\n<div dir=\"auto\"><a class=\"x1i10hfl xjbqb8w x6umtig x1b1mbwd xaqea5y xav7gou x9f619 x1ypdohk xt0psk2 xe8uvvx xdj266r x11i5rnm xat24cr x1mh8g0r xexx8yu x4uap5 x18d9i69 xkhd6sd x16tdsg8 x1hl2dhg xggy1nq x1a2a7pz xt0b8zv x1qq9wsj xo1l8bm\" tabindex=\"0\" role=\"link\" href=\"https:\/\/www.facebook.com\/hashtag\/filzocalo?__eep__=6&amp;__cft__[0]=AZWioIyTHBGuNGqti0gtZLuHS3mlyxwvLHMTIyFArcgGH6w_UjQtDUY-7NqUMfifrQwBLiETE0HZQPToXwL9ei8sM2PujTSt9rJAT6W5ltXCY7XGBL2voPEaRm-ocHb4BxU&amp;__tn__=*NK-R\">#FILZocalo<\/a><\/div>\n<div dir=\"auto\"><a class=\"x1i10hfl xjbqb8w x6umtig x1b1mbwd xaqea5y xav7gou x9f619 x1ypdohk xt0psk2 xe8uvvx xdj266r x11i5rnm xat24cr x1mh8g0r xexx8yu x4uap5 x18d9i69 xkhd6sd x16tdsg8 x1hl2dhg xggy1nq x1a2a7pz xt0b8zv x1qq9wsj xo1l8bm\" tabindex=\"0\" role=\"link\" href=\"https:\/\/www.facebook.com\/hashtag\/secretariadeculturacdmx?__eep__=6&amp;__cft__[0]=AZWioIyTHBGuNGqti0gtZLuHS3mlyxwvLHMTIyFArcgGH6w_UjQtDUY-7NqUMfifrQwBLiETE0HZQPToXwL9ei8sM2PujTSt9rJAT6W5ltXCY7XGBL2voPEaRm-ocHb4BxU&amp;__tn__=*NK-R\">#secretariadeculturacdmx<\/a><\/div>\n<div dir=\"auto\"><a class=\"x1i10hfl xjbqb8w x6umtig x1b1mbwd xaqea5y xav7gou x9f619 x1ypdohk xt0psk2 xe8uvvx xdj266r x11i5rnm xat24cr x1mh8g0r xexx8yu x4uap5 x18d9i69 xkhd6sd x16tdsg8 x1hl2dhg xggy1nq x1a2a7pz xt0b8zv x1qq9wsj xo1l8bm\" tabindex=\"0\" role=\"link\" href=\"https:\/\/www.facebook.com\/hashtag\/bitacoracdmx?__eep__=6&amp;__cft__[0]=AZWioIyTHBGuNGqti0gtZLuHS3mlyxwvLHMTIyFArcgGH6w_UjQtDUY-7NqUMfifrQwBLiETE0HZQPToXwL9ei8sM2PujTSt9rJAT6W5ltXCY7XGBL2voPEaRm-ocHb4BxU&amp;__tn__=*NK-R\">#bitacoracdmx<\/a><\/div>\n<p>[\/fusion_text][fusion_imageframe image_id=&#8221;53756|medium&#8221; max_width=&#8221;&#8221; style_type=&#8221;&#8221; blur=&#8221;&#8221; stylecolor=&#8221;&#8221; hover_type=&#8221;none&#8221; bordersize=&#8221;&#8221; bordercolor=&#8221;&#8221; borderradius=&#8221;&#8221; align=&#8221;none&#8221; lightbox=&#8221;no&#8221; gallery_id=&#8221;&#8221; lightbox_image=&#8221;&#8221; lightbox_image_id=&#8221;&#8221; alt=&#8221;&#8221; link=&#8221;&#8221; linktarget=&#8221;_self&#8221; hide_on_mobile=&#8221;small-visibility,medium-visibility,large-visibility&#8221; class=&#8221;&#8221; id=&#8221;&#8221; animation_type=&#8221;&#8221; animation_direction=&#8221;left&#8221; animation_speed=&#8221;0.3&#8243; animation_offset=&#8221;&#8221;]https:\/\/www.bitacoracdmx.com\/wp-content\/uploads\/2023\/10\/WhatsApp-Image-2023-10-22-at-9.59.57-PM-300&#215;200.jpeg[\/fusion_imageframe][\/fusion_builder_column][\/fusion_builder_row][\/fusion_builder_container]<\/p>\n","protected":false},"excerpt":{"rendered":"<p>[fusion_builder_container hundred_percent=&#8221;no&#8221; equal_height_columns=&#8221;no&#8221; menu_anchor=&#8221;&#8221; hide_on_mobile=&#8221;small-visibility,medium-visibility,large-visibility&#8221; class=&#8221;&#8221; id=&#8221;&#8221; background_color=&#8221;&#8221; background_image=&#8221;&#8221; background_position=&#8221;center center&#8221; background_repeat=&#8221;no-repeat&#8221; fade=&#8221;no&#8221; background_parallax=&#8221;none&#8221; parallax_speed=&#8221;0.3&#8243; video_mp4=&#8221;&#8221; video_webm=&#8221;&#8221; video_ogv=&#8221;&#8221; video_url=&#8221;&#8221; video_aspect_ratio=&#8221;16:9&#8243; video_loop=&#8221;yes&#8221; video_mute=&#8221;yes&#8221; overlay_color=&#8221;&#8221; video_preview_image=&#8221;&#8221; border_size=&#8221;&#8221; border_color=&#8221;&#8221; border_style=&#8221;solid&#8221; padding_top=&#8221;&#8221; padding_bottom=&#8221;&#8221; padding_left=&#8221;&#8221; padding_right=&#8221;&#8221;][fusion_builder_row][fusion_builder_column type=&#8221;1_1&#8243; layout=&#8221;1_1&#8243; background_position=&#8221;left top&#8221; background_color=&#8221;&#8221; border_size=&#8221;&#8221; border_color=&#8221;&#8221; border_style=&#8221;solid&#8221; border_position=&#8221;all&#8221; spacing=&#8221;yes&#8221; background_image=&#8221;&#8221; background_repeat=&#8221;no-repeat&#8221; padding_top=&#8221;&#8221; padding_right=&#8221;&#8221; padding_bottom=&#8221;&#8221; padding_left=&#8221;&#8221; margin_top=&#8221;0px&#8221; margin_bottom=&#8221;0px&#8221; class=&#8221;&#8221; id=&#8221;&#8221; animation_type=&#8221;&#8221; animation_speed=&#8221;0.3&#8243; animation_direction=&#8221;left&#8221; hide_on_mobile=&#8221;small-visibility,medium-visibility,large-visibility&#8221; center_content=&#8221;no&#8221; last=&#8221;no&#8221; min_height=&#8221;&#8221; hover_type=&#8221;none&#8221; link=&#8221;&#8221;][fusion_text] REDACCI\u00d3N \u25cf La fiesta de las letras se realiz\u00f3 del 13 al 22 de octubre y cont\u00f3 con la participaci\u00f3n de m\u00e1s de 300 editoriales \u25cf El evento multitudinario program\u00f3 m\u00e1s de 260 actividades para toda la familia, as\u00ed como [&hellip;]<\/p>\n","protected":false},"author":1,"featured_media":53756,"comment_status":"open","ping_status":"open","sticky":false,"template":"","format":"standard","meta":{"footnotes":""},"categories":[9,10],"tags":[],"_links":{"self":[{"href":"https:\/\/www.bitacoracdmx.com\/index.php?rest_route=\/wp\/v2\/posts\/53755"}],"collection":[{"href":"https:\/\/www.bitacoracdmx.com\/index.php?rest_route=\/wp\/v2\/posts"}],"about":[{"href":"https:\/\/www.bitacoracdmx.com\/index.php?rest_route=\/wp\/v2\/types\/post"}],"author":[{"embeddable":true,"href":"https:\/\/www.bitacoracdmx.com\/index.php?rest_route=\/wp\/v2\/users\/1"}],"replies":[{"embeddable":true,"href":"https:\/\/www.bitacoracdmx.com\/index.php?rest_route=%2Fwp%2Fv2%2Fcomments&post=53755"}],"version-history":[{"count":1,"href":"https:\/\/www.bitacoracdmx.com\/index.php?rest_route=\/wp\/v2\/posts\/53755\/revisions"}],"predecessor-version":[{"id":53757,"href":"https:\/\/www.bitacoracdmx.com\/index.php?rest_route=\/wp\/v2\/posts\/53755\/revisions\/53757"}],"wp:featuredmedia":[{"embeddable":true,"href":"https:\/\/www.bitacoracdmx.com\/index.php?rest_route=\/wp\/v2\/media\/53756"}],"wp:attachment":[{"href":"https:\/\/www.bitacoracdmx.com\/index.php?rest_route=%2Fwp%2Fv2%2Fmedia&parent=53755"}],"wp:term":[{"taxonomy":"category","embeddable":true,"href":"https:\/\/www.bitacoracdmx.com\/index.php?rest_route=%2Fwp%2Fv2%2Fcategories&post=53755"},{"taxonomy":"post_tag","embeddable":true,"href":"https:\/\/www.bitacoracdmx.com\/index.php?rest_route=%2Fwp%2Fv2%2Ftags&post=53755"}],"curies":[{"name":"wp","href":"https:\/\/api.w.org\/{rel}","templated":true}]}}