{"id":54057,"date":"2023-11-12T17:00:17","date_gmt":"2023-11-12T17:00:17","guid":{"rendered":"https:\/\/www.bitacoracdmx.com\/?p=54057"},"modified":"2023-11-12T17:00:17","modified_gmt":"2023-11-12T17:00:17","slug":"disfruta-marti-batres-con-3-mil-500-vecinas-y-vecinos-de-tepito-concierto-de-la-orquesta-filarmonica","status":"publish","type":"post","link":"https:\/\/www.bitacoracdmx.com\/?p=54057","title":{"rendered":"Disfruta MART\u00cd BATRES con 3 MIL 500 vecinas y vecinos de TEPITO concierto de la ORQUESTA FILARM\u00d3NICA"},"content":{"rendered":"<p>[fusion_builder_container hundred_percent=&#8221;no&#8221; equal_height_columns=&#8221;no&#8221; menu_anchor=&#8221;&#8221; hide_on_mobile=&#8221;small-visibility,medium-visibility,large-visibility&#8221; class=&#8221;&#8221; id=&#8221;&#8221; background_color=&#8221;&#8221; background_image=&#8221;&#8221; background_position=&#8221;center center&#8221; background_repeat=&#8221;no-repeat&#8221; fade=&#8221;no&#8221; background_parallax=&#8221;none&#8221; parallax_speed=&#8221;0.3&#8243; video_mp4=&#8221;&#8221; video_webm=&#8221;&#8221; video_ogv=&#8221;&#8221; video_url=&#8221;&#8221; video_aspect_ratio=&#8221;16:9&#8243; video_loop=&#8221;yes&#8221; video_mute=&#8221;yes&#8221; overlay_color=&#8221;&#8221; video_preview_image=&#8221;&#8221; border_size=&#8221;&#8221; border_color=&#8221;&#8221; border_style=&#8221;solid&#8221; padding_top=&#8221;&#8221; padding_bottom=&#8221;&#8221; padding_left=&#8221;&#8221; padding_right=&#8221;&#8221;][fusion_builder_row][fusion_builder_column type=&#8221;1_1&#8243; layout=&#8221;1_1&#8243; background_position=&#8221;left top&#8221; background_color=&#8221;&#8221; border_size=&#8221;&#8221; border_color=&#8221;&#8221; border_style=&#8221;solid&#8221; border_position=&#8221;all&#8221; spacing=&#8221;yes&#8221; background_image=&#8221;&#8221; background_repeat=&#8221;no-repeat&#8221; padding_top=&#8221;&#8221; padding_right=&#8221;&#8221; padding_bottom=&#8221;&#8221; padding_left=&#8221;&#8221; margin_top=&#8221;0px&#8221; margin_bottom=&#8221;0px&#8221; class=&#8221;&#8221; id=&#8221;&#8221; animation_type=&#8221;&#8221; animation_speed=&#8221;0.3&#8243; animation_direction=&#8221;left&#8221; hide_on_mobile=&#8221;small-visibility,medium-visibility,large-visibility&#8221; center_content=&#8221;no&#8221; last=&#8221;no&#8221; min_height=&#8221;&#8221; hover_type=&#8221;none&#8221; link=&#8221;&#8221;][fusion_text]<\/p>\n<p>REDACCI\u00d3N<\/p>\n<p>\u25cf El Jefe de Gobierno destac\u00f3 que el objetivo de este concierto es recordar a la ciudadan\u00eda que la m\u00fasica y el arte es para todas y todos, por lo que eligi\u00f3 el barrio m\u00e1s emblem\u00e1tico de la ciudad; felicit\u00f3 a la Orquesta Filarm\u00f3nica de la Ciudad de M\u00e9xico en su 45 Aniversario y celebr\u00f3 su compromiso popular<\/p>\n<p>\u25cf M\u00e1s de 90 m\u00fasicos interpretaron un programa especial mexicano que incluy\u00f3 piezas de P\u00e9rez Prado, Juventino Rosas, Blas Galindo y Severiano Brise\u00f1o<\/p>\n<p>El\u00a0<strong>Jefe de Gobierno<\/strong>,\u00a0<strong>Mart\u00ed Batres Guadarrama<\/strong>, disfrut\u00f3 del concierto &#8220;Tu Orquesta en Tepito&#8221; acompa\u00f1ado de 3 mil 500 vecinos de este barrio emblem\u00e1tico de capital del pa\u00eds y de sus alrededores. Fue ofrecido por primera vez y de manera gratuita, por la\u00a0<strong>Orquesta Filarm\u00f3nica de la Ciudad de M\u00e9xico<\/strong>\u00a0(OFCM), de la\u00a0<strong>Secretar\u00eda de Cultura<\/strong>, para acercar la m\u00fasica cl\u00e1sica a todo p\u00fablico y garantizar el acceso a la cultura.<\/p>\n<p>\u201cHacemos este concierto aqu\u00ed para emblematizar, para simbolizar, para gritar con todos, que la cultura, el arte, la m\u00fasica, la m\u00fasica cl\u00e1sica, la m\u00fasica culta, toda m\u00fasica y todo arte es derecho del pueblo, para que quede claro que queremos romper barreras y que queremos que la gente tenga la posibilidad de disfrutar fuera de las salas de concierto, en sus propias calles y en su propio barrio de lo mejor, de lo m\u00e1s elevado de la m\u00fasica, del arte y de la cultura&#8221;, expres\u00f3.<\/p>\n<p>Destac\u00f3 que el\u00a0<strong>Barrio de Tepito<\/strong>\u00a0fue el escenario elegido porque en \u00e9l han surgido organizaciones musicales, narradores y muralistas, que han sido ejemplo para otros barrios.<\/p>\n<p>&#8220;Este lugar que algunos identifican como el antiguo Teocaltepiton, barrio del Templo Peque\u00f1o, tiene fama de barrio bravo, pero entre los signos de su bravura est\u00e1n tanto la resistencia a la opresi\u00f3n, como tambi\u00e9n la creaci\u00f3n art\u00edstica. (&#8230;) Que vivan los barrios; que viva Tepito; que viva la Venustiano Carranza; que viva la Cuauht\u00e9moc; y que viva la Orquesta Filarm\u00f3nica de la Ciudad de M\u00e9xico&#8221;, resalt\u00f3.<\/p>\n<p>El mandatario capitalino celebr\u00f3 as\u00ed el 45 Aniversario de la Orquesta Filarm\u00f3nica de la Ciudad de M\u00e9xico, la cual, asegur\u00f3, es una de las orquestas m\u00e1s prestigiadas del pa\u00eds y que refrenda su compromiso popular.<\/p>\n<p>&#8220;Una de las responsabilidades de la Orquesta es salir de las grandes salas de conciertos e instalarse en las colonias y barrios de modo que su gran creaci\u00f3n sea conocida por la mayor cantidad de personas, desde luego, por las personas que pocas veces han tenido la oportunidad de escucharla y de tener contacto con la m\u00fasica cl\u00e1sica o con aquella que algunos llaman la &#8220;m\u00fasica culta. (&#8230;) Felicitaciones por sus 45 a\u00f1os&#8221;, celebr\u00f3.<\/p>\n<p>Por su parte, la secretaria de Cultura, Claudia Curiel de Icaza, asegur\u00f3 que la OFCM es la orquesta m\u00e1s importante de la ciudad y del pa\u00eds, al contar con un amplio repertorio y caracterizarse por su vocaci\u00f3n social.<\/p>\n<p>&#8220;La Orquesta Filarm\u00f3nica es suya y es de la ciudad porque tiene una vocaci\u00f3n social que no tiene ninguna otra, es la orquesta que m\u00e1s repertorio mexicano ha presentado; la que m\u00e1s ha salido a la calle, no se queda nada m\u00e1s en las salas de concierto, esperando a que vaya el p\u00fablico. Viene aqu\u00ed a verlos a ustedes y a presentarles un repertorio mexicano maravilloso&#8221;, destac\u00f3.<\/p>\n<p>El Jefe de Gobierno y los asistentes disfrutaron de m\u00e1s de 90 m\u00fasicos que interpretaron un programa que incluy\u00f3 Sones de Mariachi, de Blas Galindo; Vals Sobre las Olas, de Juventino Rosas; Dios nunca muere, de Macedonio Alcal\u00e1; Danz\u00f3n N\u00ba. 2, de Arturo M\u00e1rquez; Huapango, de Jos\u00e9 Pablo Moncayo; El Sinaloense, de Severiano Brise\u00f1o; y que culmin\u00f3 con un Popurr\u00ed de Mambos, de D\u00e1maso P\u00e9rez Prado.<\/p>\n<p>El concierto de m\u00fasica mexicana fue conducido por el director hu\u00e9sped, Eduardo \u00c1lvarez, quien es uno de los conductores de orquesta mexicanos m\u00e1s destacados de su generaci\u00f3n, con m\u00e1s de 40 a\u00f1os de carrera musical, 23 de los cuales estuvo al frente de la Orquesta Filarm\u00f3nica de Acapulco, donde fue reconocido por el Gobierno del Estado de Guerrero como Director General Em\u00e9rito. Adem\u00e1s, ha fungido como coordinador general de las giras en M\u00e9xico de la Brooklyn Philharmonic, la Dallas Symphony, la Atlanta Symphony, Atlanta Virtuosi, la Louisville Symphony y la Scottish Chamber Orchestra.<\/p>\n<p>\u201cHay muchas obras musicales que la Orquesta Filarm\u00f3nica de la Ciudad de M\u00e9xico, como cualquier otra orquesta internacional de alt\u00edsimo nivel art\u00edstico musical puede tocar y no es que no sepamos tocar Mozart, Chaikovski y Brahms, por supuesto que eso se toca pero tambi\u00e9n se toca obviamente y es important\u00edsimo que se toque, lo nuestro, lo b\u00e1sicamente nuestro que es la m\u00fasica mexicana y la m\u00fasica mexicana de concierto. (&#8230;) De todas las regiones de nuestro pa\u00eds hay m\u00fasica y hay m\u00fasica extraordinaria\u201c, comparti\u00f3 Eduardo \u00c1lvarez.<\/p>\n<p>Finalmente, la alcaldesa de Venustiano Carranza, Evelyn Parra \u00c1lvarez, resalt\u00f3 que la realizaci\u00f3n de este concierto en la colonia Morelos, donde habitan m\u00e1s de 35 mil personas, es de gran relevancia para el barrio y la demarcaci\u00f3n.<\/p>\n<p>\u201cMuchos vecinos y vecinas pueden decir \u2018yo nunca han escuchado una Filarm\u00f3nica, estoy en presencia de una Filarm\u00f3nica\u2019, algunos han dicho \u2018yo tengo a\u00f1os que no escuchaba una Filarm\u00f3nica\u2019, otros van a decir \u2018yo solamente en la radio o en la televisi\u00f3n\u2019 pero ahora est\u00e1 aqu\u00ed presente en Venustiano, hay que disfrutarlo mucho. S\u00e9 que nos vamos a deleitar, pero sobre todo que vamos a estar muy contentos\u201d, reconoci\u00f3.<\/p>\n<p>La\u00a0<strong>Cartelera de la Ciudad de M\u00e9xico<\/strong>, que concentra esta y todas las actividades de la Secretar\u00eda de Cultura puede consultarse en\u00a0<a href=\"http:\">cartelera.cdmx.gob.mx<\/a>\u00a0en la que se concentran estas y todas las actividades de la\u00a0<strong>Secretar\u00eda de Cultura de la Ciudad de M\u00e9xico<\/strong>.<\/p>\n<div dir=\"auto\"><a class=\"x1i10hfl xjbqb8w x6umtig x1b1mbwd xaqea5y xav7gou x9f619 x1ypdohk xt0psk2 xe8uvvx xdj266r x11i5rnm xat24cr x1mh8g0r xexx8yu x4uap5 x18d9i69 xkhd6sd x16tdsg8 x1hl2dhg xggy1nq x1a2a7pz xt0b8zv x1qq9wsj xo1l8bm\" tabindex=\"0\" role=\"link\" href=\"https:\/\/www.facebook.com\/hashtag\/tepito?__eep__=6&amp;__cft__[0]=AZUQBsPQ3A5jgEeK5RXilqhJ9e8mSTt2iwf2wUy4a0noUxzvJLChog2vyPbH8evE1nyZkxcuvi3IG_VPEm6F9iWAHwIHysx1UGkIqrhl5-UroHBOgdJeMyTrr2dZ7rMpODA&amp;__tn__=*NK-R\">#tepito<\/a><\/div>\n<div dir=\"auto\"><a class=\"x1i10hfl xjbqb8w x6umtig x1b1mbwd xaqea5y xav7gou x9f619 x1ypdohk xt0psk2 xe8uvvx xdj266r x11i5rnm xat24cr x1mh8g0r xexx8yu x4uap5 x18d9i69 xkhd6sd x16tdsg8 x1hl2dhg xggy1nq x1a2a7pz xt0b8zv x1qq9wsj xo1l8bm\" tabindex=\"0\" role=\"link\" href=\"https:\/\/www.facebook.com\/hashtag\/ofcm?__eep__=6&amp;__cft__[0]=AZUQBsPQ3A5jgEeK5RXilqhJ9e8mSTt2iwf2wUy4a0noUxzvJLChog2vyPbH8evE1nyZkxcuvi3IG_VPEm6F9iWAHwIHysx1UGkIqrhl5-UroHBOgdJeMyTrr2dZ7rMpODA&amp;__tn__=*NK-R\">#OFCM<\/a><\/div>\n<div dir=\"auto\"><a class=\"x1i10hfl xjbqb8w x6umtig x1b1mbwd xaqea5y xav7gou x9f619 x1ypdohk xt0psk2 xe8uvvx xdj266r x11i5rnm xat24cr x1mh8g0r xexx8yu x4uap5 x18d9i69 xkhd6sd x16tdsg8 x1hl2dhg xggy1nq x1a2a7pz xt0b8zv x1qq9wsj xo1l8bm\" tabindex=\"0\" role=\"link\" href=\"https:\/\/www.facebook.com\/hashtag\/secretariadeculturacdmx?__eep__=6&amp;__cft__[0]=AZUQBsPQ3A5jgEeK5RXilqhJ9e8mSTt2iwf2wUy4a0noUxzvJLChog2vyPbH8evE1nyZkxcuvi3IG_VPEm6F9iWAHwIHysx1UGkIqrhl5-UroHBOgdJeMyTrr2dZ7rMpODA&amp;__tn__=*NK-R\">#secretariadeculturacdmx<\/a><\/div>\n<div dir=\"auto\"><a class=\"x1i10hfl xjbqb8w x6umtig x1b1mbwd xaqea5y xav7gou x9f619 x1ypdohk xt0psk2 xe8uvvx xdj266r x11i5rnm xat24cr x1mh8g0r xexx8yu x4uap5 x18d9i69 xkhd6sd x16tdsg8 x1hl2dhg xggy1nq x1a2a7pz xt0b8zv x1qq9wsj xo1l8bm\" tabindex=\"0\" role=\"link\" href=\"https:\/\/www.facebook.com\/hashtag\/bitacoracdmx?__eep__=6&amp;__cft__[0]=AZUQBsPQ3A5jgEeK5RXilqhJ9e8mSTt2iwf2wUy4a0noUxzvJLChog2vyPbH8evE1nyZkxcuvi3IG_VPEm6F9iWAHwIHysx1UGkIqrhl5-UroHBOgdJeMyTrr2dZ7rMpODA&amp;__tn__=*NK-R\">#bitacoracdmx<\/a><\/div>\n<p>[\/fusion_text][fusion_imageframe image_id=&#8221;54058|medium&#8221; max_width=&#8221;&#8221; style_type=&#8221;&#8221; blur=&#8221;&#8221; stylecolor=&#8221;&#8221; hover_type=&#8221;none&#8221; bordersize=&#8221;&#8221; bordercolor=&#8221;&#8221; borderradius=&#8221;&#8221; align=&#8221;none&#8221; lightbox=&#8221;no&#8221; gallery_id=&#8221;&#8221; lightbox_image=&#8221;&#8221; lightbox_image_id=&#8221;&#8221; alt=&#8221;&#8221; link=&#8221;&#8221; linktarget=&#8221;_self&#8221; hide_on_mobile=&#8221;small-visibility,medium-visibility,large-visibility&#8221; class=&#8221;&#8221; id=&#8221;&#8221; animation_type=&#8221;&#8221; animation_direction=&#8221;left&#8221; animation_speed=&#8221;0.3&#8243; animation_offset=&#8221;&#8221;]https:\/\/www.bitacoracdmx.com\/wp-content\/uploads\/2023\/11\/WhatsApp-Image-2023-11-11-at-10.42.04-PM-300&#215;200.jpeg[\/fusion_imageframe][\/fusion_builder_column][\/fusion_builder_row][\/fusion_builder_container]<\/p>\n","protected":false},"excerpt":{"rendered":"<p>[fusion_builder_container hundred_percent=&#8221;no&#8221; equal_height_columns=&#8221;no&#8221; menu_anchor=&#8221;&#8221; hide_on_mobile=&#8221;small-visibility,medium-visibility,large-visibility&#8221; class=&#8221;&#8221; id=&#8221;&#8221; background_color=&#8221;&#8221; background_image=&#8221;&#8221; background_position=&#8221;center center&#8221; background_repeat=&#8221;no-repeat&#8221; fade=&#8221;no&#8221; background_parallax=&#8221;none&#8221; parallax_speed=&#8221;0.3&#8243; video_mp4=&#8221;&#8221; video_webm=&#8221;&#8221; video_ogv=&#8221;&#8221; video_url=&#8221;&#8221; video_aspect_ratio=&#8221;16:9&#8243; video_loop=&#8221;yes&#8221; video_mute=&#8221;yes&#8221; overlay_color=&#8221;&#8221; video_preview_image=&#8221;&#8221; border_size=&#8221;&#8221; border_color=&#8221;&#8221; border_style=&#8221;solid&#8221; padding_top=&#8221;&#8221; padding_bottom=&#8221;&#8221; padding_left=&#8221;&#8221; padding_right=&#8221;&#8221;][fusion_builder_row][fusion_builder_column type=&#8221;1_1&#8243; layout=&#8221;1_1&#8243; background_position=&#8221;left top&#8221; background_color=&#8221;&#8221; border_size=&#8221;&#8221; border_color=&#8221;&#8221; border_style=&#8221;solid&#8221; border_position=&#8221;all&#8221; spacing=&#8221;yes&#8221; background_image=&#8221;&#8221; background_repeat=&#8221;no-repeat&#8221; padding_top=&#8221;&#8221; padding_right=&#8221;&#8221; padding_bottom=&#8221;&#8221; padding_left=&#8221;&#8221; margin_top=&#8221;0px&#8221; margin_bottom=&#8221;0px&#8221; class=&#8221;&#8221; id=&#8221;&#8221; animation_type=&#8221;&#8221; animation_speed=&#8221;0.3&#8243; animation_direction=&#8221;left&#8221; hide_on_mobile=&#8221;small-visibility,medium-visibility,large-visibility&#8221; center_content=&#8221;no&#8221; last=&#8221;no&#8221; min_height=&#8221;&#8221; hover_type=&#8221;none&#8221; link=&#8221;&#8221;][fusion_text] REDACCI\u00d3N \u25cf El Jefe de Gobierno destac\u00f3 que el objetivo de este concierto es recordar a la ciudadan\u00eda que la m\u00fasica y el arte es para todas y todos, por lo que eligi\u00f3 el barrio m\u00e1s emblem\u00e1tico de la ciudad; [&hellip;]<\/p>\n","protected":false},"author":1,"featured_media":54058,"comment_status":"open","ping_status":"open","sticky":false,"template":"","format":"standard","meta":{"footnotes":""},"categories":[5,4,9],"tags":[],"_links":{"self":[{"href":"https:\/\/www.bitacoracdmx.com\/index.php?rest_route=\/wp\/v2\/posts\/54057"}],"collection":[{"href":"https:\/\/www.bitacoracdmx.com\/index.php?rest_route=\/wp\/v2\/posts"}],"about":[{"href":"https:\/\/www.bitacoracdmx.com\/index.php?rest_route=\/wp\/v2\/types\/post"}],"author":[{"embeddable":true,"href":"https:\/\/www.bitacoracdmx.com\/index.php?rest_route=\/wp\/v2\/users\/1"}],"replies":[{"embeddable":true,"href":"https:\/\/www.bitacoracdmx.com\/index.php?rest_route=%2Fwp%2Fv2%2Fcomments&post=54057"}],"version-history":[{"count":1,"href":"https:\/\/www.bitacoracdmx.com\/index.php?rest_route=\/wp\/v2\/posts\/54057\/revisions"}],"predecessor-version":[{"id":54059,"href":"https:\/\/www.bitacoracdmx.com\/index.php?rest_route=\/wp\/v2\/posts\/54057\/revisions\/54059"}],"wp:featuredmedia":[{"embeddable":true,"href":"https:\/\/www.bitacoracdmx.com\/index.php?rest_route=\/wp\/v2\/media\/54058"}],"wp:attachment":[{"href":"https:\/\/www.bitacoracdmx.com\/index.php?rest_route=%2Fwp%2Fv2%2Fmedia&parent=54057"}],"wp:term":[{"taxonomy":"category","embeddable":true,"href":"https:\/\/www.bitacoracdmx.com\/index.php?rest_route=%2Fwp%2Fv2%2Fcategories&post=54057"},{"taxonomy":"post_tag","embeddable":true,"href":"https:\/\/www.bitacoracdmx.com\/index.php?rest_route=%2Fwp%2Fv2%2Ftags&post=54057"}],"curies":[{"name":"wp","href":"https:\/\/api.w.org\/{rel}","templated":true}]}}