{"id":54060,"date":"2023-11-12T17:08:48","date_gmt":"2023-11-12T17:08:48","guid":{"rendered":"https:\/\/www.bitacoracdmx.com\/?p=54060"},"modified":"2023-11-12T17:08:48","modified_gmt":"2023-11-12T17:08:48","slug":"tambuco-arma-fiesta-de-percusiones-en-bellas-artes-y-alameda-central-con-noche-del-pulso","status":"publish","type":"post","link":"https:\/\/www.bitacoracdmx.com\/?p=54060","title":{"rendered":"TAMBUCO arma fiesta de percusiones en BELLAS ARTES y ALAMEDA CENTRAL con NOCHE DEL PULSO"},"content":{"rendered":"<p>[fusion_builder_container hundred_percent=&#8221;no&#8221; equal_height_columns=&#8221;no&#8221; menu_anchor=&#8221;&#8221; hide_on_mobile=&#8221;small-visibility,medium-visibility,large-visibility&#8221; class=&#8221;&#8221; id=&#8221;&#8221; background_color=&#8221;&#8221; background_image=&#8221;&#8221; background_position=&#8221;center center&#8221; background_repeat=&#8221;no-repeat&#8221; fade=&#8221;no&#8221; background_parallax=&#8221;none&#8221; parallax_speed=&#8221;0.3&#8243; video_mp4=&#8221;&#8221; video_webm=&#8221;&#8221; video_ogv=&#8221;&#8221; video_url=&#8221;&#8221; video_aspect_ratio=&#8221;16:9&#8243; video_loop=&#8221;yes&#8221; video_mute=&#8221;yes&#8221; overlay_color=&#8221;&#8221; video_preview_image=&#8221;&#8221; border_size=&#8221;&#8221; border_color=&#8221;&#8221; border_style=&#8221;solid&#8221; padding_top=&#8221;&#8221; padding_bottom=&#8221;&#8221; padding_left=&#8221;&#8221; padding_right=&#8221;&#8221;][fusion_builder_row][fusion_builder_column type=&#8221;1_1&#8243; layout=&#8221;1_1&#8243; background_position=&#8221;left top&#8221; background_color=&#8221;&#8221; border_size=&#8221;&#8221; border_color=&#8221;&#8221; border_style=&#8221;solid&#8221; border_position=&#8221;all&#8221; spacing=&#8221;yes&#8221; background_image=&#8221;&#8221; background_repeat=&#8221;no-repeat&#8221; padding_top=&#8221;&#8221; padding_right=&#8221;&#8221; padding_bottom=&#8221;&#8221; padding_left=&#8221;&#8221; margin_top=&#8221;0px&#8221; margin_bottom=&#8221;0px&#8221; class=&#8221;&#8221; id=&#8221;&#8221; animation_type=&#8221;&#8221; animation_speed=&#8221;0.3&#8243; animation_direction=&#8221;left&#8221; hide_on_mobile=&#8221;small-visibility,medium-visibility,large-visibility&#8221; center_content=&#8221;no&#8221; last=&#8221;no&#8221; min_height=&#8221;&#8221; hover_type=&#8221;none&#8221; link=&#8221;&#8221;][fusion_text]<\/p>\n<p>REDACCI\u00d3N<\/p>\n<p>\u25cf Tambuco Ensamble de Percusiones de M\u00e9xico celebr\u00f3 30 a\u00f1os de trayectoria con una marcha musical que reuni\u00f3 a 700 percusionistas y personas de todas las edades con diversos instrumentos r\u00edtmicos<\/p>\n<p>\u25cf La procesi\u00f3n parti\u00f3 del Palacio de Bellas Artes rumbo a la Alameda Central, donde personas de todas las edades se sumaron para acompa\u00f1ar la m\u00fasica con instrumentos realizados con objetos cotidianos como cubetas, latas y sartenes<\/p>\n<p>\u25cf Bajo la iniciativa\u00a0<em>Noche del Pulso<\/em>\u00a0se busc\u00f3 acercar la m\u00fasica a las personas y tomar el espacio p\u00fablico para el disfrute de los capitalinos<\/p>\n<p>La agrupaci\u00f3n\u00a0<strong>Tambuco Ensamble de Percusiones de M\u00e9xico<\/strong>\u00a0celebr\u00f3 sus 30 a\u00f1os de trayectoria con\u00a0<strong><em>Noche del Pulso:<\/em>\u00a0marcha de percusiones callejera<\/strong>, organizada por la\u00a0<strong>Secretar\u00eda de Cultura de la Ciudad de M\u00e9xico<\/strong>\u00a0y el\u00a0<strong>Instituto Nacional de Bellas Artes y Literatura (INBAL)<\/strong>, en donde alrededor de 700 percusionistas y personas de todas las edades se unieron a una caravana musical que parti\u00f3 del\u00a0<strong>Palacio de Bellas Artes<\/strong>\u00a0rumbo a diferentes puntos de la Alameda Central.<\/p>\n<p>Esta celebraci\u00f3n comenz\u00f3 en la Sala Principal del Palacio de Bellas Artes, uno de los recintos culturales m\u00e1s importantes del pa\u00eds, donde la agrupaci\u00f3n toc\u00f3 seis obras de compositores contempor\u00e1neos nacionales como Gabriela Ortiz, Javier \u00c1lvarez y Mario Lavista, y de internacionales como Steve Reich, de Estados Unidos; R\u00fcdiger Pawassar, de Alemania, y John Psathas de Nueva Zelanda.<\/p>\n<p>La fiesta continu\u00f3 cuando la agrupaci\u00f3n sali\u00f3 a las calles para compartir su m\u00fasica en la explanada de Bellas Artes, donde los esperaba un grupo de m\u00fasicos que puso el ritmo y el baile con panderos, tambores, tarolas, campanas, tri\u00e1ngulos, maracas, g\u00fciros y otro tipo de instrumentos de percusiones.<\/p>\n<p>A la procesi\u00f3n musical, que recorri\u00f3 los alrededores de la Alameda Central pasando por el Hemiciclo a Benito Ju\u00e1rez y el Kiosco, se le fueron sumando personas de todas las edades que tambi\u00e9n crearon sonidos sonoros con objetos cotidianos como cubetas, latas, sartenes, botellas y palitos de madera.<\/p>\n<p>Karla Mu\u00f1oz se encontraba cerca del Palacio de Bellas Artes, en compa\u00f1\u00eda de su esposo e hija, cuando comenz\u00f3 el carnaval al que decidi\u00f3 unirse; \u201cest\u00e1 muy padre, a m\u00ed me gusta mucho esta m\u00fasica y este tipo de sonidos. Se siente el ambiente con una vibra muy bonita que dejaron aqu\u00ed en toda la Alameda\u201d, mencion\u00f3.<\/p>\n<p>Aunque no llevaba instrumentos, Karla Mu\u00f1oz no dej\u00f3 en ning\u00fan momento de aplaudir y bailar al ritmo de la batucada; \u201cno traigo instrumentos pero con las puras palmas me un\u00ed porque no pens\u00e9 que se pusiera as\u00ed de padre\u201d, dijo.<\/p>\n<p>Mientras que Daniela Escobar, quien toca la tarola, lleg\u00f3 junto con un grupo de estudiantes de m\u00fasica para celebrar el 30 aniversario de Tambuco. \u201cMe gusta la tarola porque su sonido es muy fuerte y al estar acompa\u00f1ada de varios instrumentos todos sonamos incre\u00edble\u201d, dijo la joven.<\/p>\n<p>Se\u00f1al\u00f3 que la mezcla de instrumentos profesionales mezclados con objetos cotidianos generaron un ambiente m\u00e1s amigable y que uni\u00f3 a todas las personas.<\/p>\n<p>\u201cEl recorrido ha sido incre\u00edble, una experiencia muy bonita, muy divertida y llena de emoci\u00f3n para todas las personas, sepan tocar un instrumento o no\u201d, a\u00f1adi\u00f3.<\/p>\n<p>La iniciativa\u00a0<em>Noche del Pulso:<\/em>\u00a0<em>marcha de percusiones callejera<\/em>\u00a0busca tomar el espacio p\u00fablico mediante el arte y la m\u00fasica para el disfrute de la ciudadan\u00eda. Adem\u00e1s, impulsa el acercamiento de distintos g\u00e9neros musicales a m\u00e1s habitantes y visitantes de la capital.<\/p>\n<p>Cabe destacar que la agrupaci\u00f3n est\u00e1 formada por Ricardo Gallardo, su director art\u00edstico y los m\u00fasicos Alfredo Bringas, Ra\u00fal Tud\u00f3n y Miguel Gonz\u00e1lez. La banda se fund\u00f3 en 1993 y a lo largo de su trayectoria han sido nominados cuatro veces al premio Grammy y reconocidos el premio\u00a0<em>Japan Foundation Award for Arts and Culture<\/em>, m\u00e1xima distinci\u00f3n que el Gobierno japon\u00e9s otorga a un artista.<\/p>\n<p><em>Noche del Pulso<\/em>\u00a0estuvo acompa\u00f1ada por integrantes de diversas comunidades e instituciones de educaci\u00f3n formal y no formal como la Escuela Superior de M\u00fasica, la Escuela de M\u00fasica del Centro Cultural Ollin Yoliztli, la Facultad de M\u00fasica de la UNAM, los Puntos de Innovaci\u00f3n, Arte, Libertad, Educaci\u00f3n y Saberes (Pilares) Jos\u00e9 Mart\u00ed, Ferrocarril, Fray Servando, Avenida del Taller, San Francisco Tultenco, Ali Chumacero y Plaza de los J\u00f3venes, as\u00ed como la Academia Pasi\u00f3n por la M\u00fasica, Bater\u00eda Estudio, y miembros de la escena musical independiente.<\/p>\n<p>Con estas actividades la\u00a0<strong>Secretar\u00eda de Cultura capitalina<\/strong>\u00a0garantiza el ejercicio de los derechos culturales de los habitantes y visitantes de la capital. Para conocer todas las actividades de la Secretar\u00eda de Cultura capitalina se puede consultar la\u00a0<strong>Cartelera de la Ciudad de M\u00e9xico<\/strong>\u00a0(<a href=\"https:\/\/cartelera.cdmx.gob.mx\/\">https:\/\/cartelera.cdmx.gob.mx\/<\/a>) y las redes sociales en Facebook, Twitter, Instagram y YouTube.<\/p>\n<div dir=\"auto\"><a class=\"x1i10hfl xjbqb8w x6umtig x1b1mbwd xaqea5y xav7gou x9f619 x1ypdohk xt0psk2 xe8uvvx xdj266r x11i5rnm xat24cr x1mh8g0r xexx8yu x4uap5 x18d9i69 xkhd6sd x16tdsg8 x1hl2dhg xggy1nq x1a2a7pz xt0b8zv x1qq9wsj xo1l8bm\" tabindex=\"0\" role=\"link\" href=\"https:\/\/www.facebook.com\/hashtag\/tampuco?__eep__=6&amp;__cft__[0]=AZUpqOdKB7F-p_y-epULAwnHsCIH0Rl21YHUGUiVwFnXq1u0Un2OnIAwuQoxHCV1Pwnd7N0Zsy4mKixO8ZvzRa3SQTF_raU_dUEeH6r8zd6FClgx74QggpioLXQfikc34y4&amp;__tn__=*NK-R\">#TAMPUCO<\/a><\/div>\n<div dir=\"auto\"><a class=\"x1i10hfl xjbqb8w x6umtig x1b1mbwd xaqea5y xav7gou x9f619 x1ypdohk xt0psk2 xe8uvvx xdj266r x11i5rnm xat24cr x1mh8g0r xexx8yu x4uap5 x18d9i69 xkhd6sd x16tdsg8 x1hl2dhg xggy1nq x1a2a7pz xt0b8zv x1qq9wsj xo1l8bm\" tabindex=\"0\" role=\"link\" href=\"https:\/\/www.facebook.com\/hashtag\/secretariadeculturacdmx?__eep__=6&amp;__cft__[0]=AZUpqOdKB7F-p_y-epULAwnHsCIH0Rl21YHUGUiVwFnXq1u0Un2OnIAwuQoxHCV1Pwnd7N0Zsy4mKixO8ZvzRa3SQTF_raU_dUEeH6r8zd6FClgx74QggpioLXQfikc34y4&amp;__tn__=*NK-R\">#secretariadeculturacdmx<\/a><\/div>\n<div dir=\"auto\"><a class=\"x1i10hfl xjbqb8w x6umtig x1b1mbwd xaqea5y xav7gou x9f619 x1ypdohk xt0psk2 xe8uvvx xdj266r x11i5rnm xat24cr x1mh8g0r xexx8yu x4uap5 x18d9i69 xkhd6sd x16tdsg8 x1hl2dhg xggy1nq x1a2a7pz xt0b8zv x1qq9wsj xo1l8bm\" tabindex=\"0\" role=\"link\" href=\"https:\/\/www.facebook.com\/hashtag\/bitacoracdmx?__eep__=6&amp;__cft__[0]=AZUpqOdKB7F-p_y-epULAwnHsCIH0Rl21YHUGUiVwFnXq1u0Un2OnIAwuQoxHCV1Pwnd7N0Zsy4mKixO8ZvzRa3SQTF_raU_dUEeH6r8zd6FClgx74QggpioLXQfikc34y4&amp;__tn__=*NK-R\">#bitacoracdmx<\/a><\/div>\n<p>[\/fusion_text][fusion_imageframe image_id=&#8221;54061|medium&#8221; max_width=&#8221;&#8221; style_type=&#8221;&#8221; blur=&#8221;&#8221; stylecolor=&#8221;&#8221; hover_type=&#8221;none&#8221; bordersize=&#8221;&#8221; bordercolor=&#8221;&#8221; borderradius=&#8221;&#8221; align=&#8221;none&#8221; lightbox=&#8221;no&#8221; gallery_id=&#8221;&#8221; lightbox_image=&#8221;&#8221; lightbox_image_id=&#8221;&#8221; alt=&#8221;&#8221; link=&#8221;&#8221; linktarget=&#8221;_self&#8221; hide_on_mobile=&#8221;small-visibility,medium-visibility,large-visibility&#8221; class=&#8221;&#8221; id=&#8221;&#8221; animation_type=&#8221;&#8221; animation_direction=&#8221;left&#8221; animation_speed=&#8221;0.3&#8243; animation_offset=&#8221;&#8221;]https:\/\/www.bitacoracdmx.com\/wp-content\/uploads\/2023\/11\/WhatsApp-Image-2023-11-11-at-11.43.45-PM-300&#215;200.jpeg[\/fusion_imageframe][\/fusion_builder_column][\/fusion_builder_row][\/fusion_builder_container]<\/p>\n","protected":false},"excerpt":{"rendered":"<p>[fusion_builder_container hundred_percent=&#8221;no&#8221; equal_height_columns=&#8221;no&#8221; menu_anchor=&#8221;&#8221; hide_on_mobile=&#8221;small-visibility,medium-visibility,large-visibility&#8221; class=&#8221;&#8221; id=&#8221;&#8221; background_color=&#8221;&#8221; background_image=&#8221;&#8221; background_position=&#8221;center center&#8221; background_repeat=&#8221;no-repeat&#8221; fade=&#8221;no&#8221; background_parallax=&#8221;none&#8221; parallax_speed=&#8221;0.3&#8243; video_mp4=&#8221;&#8221; video_webm=&#8221;&#8221; video_ogv=&#8221;&#8221; video_url=&#8221;&#8221; video_aspect_ratio=&#8221;16:9&#8243; video_loop=&#8221;yes&#8221; video_mute=&#8221;yes&#8221; overlay_color=&#8221;&#8221; video_preview_image=&#8221;&#8221; border_size=&#8221;&#8221; border_color=&#8221;&#8221; border_style=&#8221;solid&#8221; padding_top=&#8221;&#8221; padding_bottom=&#8221;&#8221; padding_left=&#8221;&#8221; padding_right=&#8221;&#8221;][fusion_builder_row][fusion_builder_column type=&#8221;1_1&#8243; layout=&#8221;1_1&#8243; background_position=&#8221;left top&#8221; background_color=&#8221;&#8221; border_size=&#8221;&#8221; border_color=&#8221;&#8221; border_style=&#8221;solid&#8221; border_position=&#8221;all&#8221; spacing=&#8221;yes&#8221; background_image=&#8221;&#8221; background_repeat=&#8221;no-repeat&#8221; padding_top=&#8221;&#8221; padding_right=&#8221;&#8221; padding_bottom=&#8221;&#8221; padding_left=&#8221;&#8221; margin_top=&#8221;0px&#8221; margin_bottom=&#8221;0px&#8221; class=&#8221;&#8221; id=&#8221;&#8221; animation_type=&#8221;&#8221; animation_speed=&#8221;0.3&#8243; animation_direction=&#8221;left&#8221; hide_on_mobile=&#8221;small-visibility,medium-visibility,large-visibility&#8221; center_content=&#8221;no&#8221; last=&#8221;no&#8221; min_height=&#8221;&#8221; hover_type=&#8221;none&#8221; link=&#8221;&#8221;][fusion_text] REDACCI\u00d3N \u25cf Tambuco Ensamble de Percusiones de M\u00e9xico celebr\u00f3 30 a\u00f1os de trayectoria con una marcha musical que reuni\u00f3 a 700 percusionistas y personas de todas las edades con diversos instrumentos r\u00edtmicos \u25cf La procesi\u00f3n parti\u00f3 del Palacio de Bellas [&hellip;]<\/p>\n","protected":false},"author":1,"featured_media":54061,"comment_status":"open","ping_status":"open","sticky":false,"template":"","format":"standard","meta":{"footnotes":""},"categories":[5,4,9],"tags":[],"_links":{"self":[{"href":"https:\/\/www.bitacoracdmx.com\/index.php?rest_route=\/wp\/v2\/posts\/54060"}],"collection":[{"href":"https:\/\/www.bitacoracdmx.com\/index.php?rest_route=\/wp\/v2\/posts"}],"about":[{"href":"https:\/\/www.bitacoracdmx.com\/index.php?rest_route=\/wp\/v2\/types\/post"}],"author":[{"embeddable":true,"href":"https:\/\/www.bitacoracdmx.com\/index.php?rest_route=\/wp\/v2\/users\/1"}],"replies":[{"embeddable":true,"href":"https:\/\/www.bitacoracdmx.com\/index.php?rest_route=%2Fwp%2Fv2%2Fcomments&post=54060"}],"version-history":[{"count":1,"href":"https:\/\/www.bitacoracdmx.com\/index.php?rest_route=\/wp\/v2\/posts\/54060\/revisions"}],"predecessor-version":[{"id":54062,"href":"https:\/\/www.bitacoracdmx.com\/index.php?rest_route=\/wp\/v2\/posts\/54060\/revisions\/54062"}],"wp:featuredmedia":[{"embeddable":true,"href":"https:\/\/www.bitacoracdmx.com\/index.php?rest_route=\/wp\/v2\/media\/54061"}],"wp:attachment":[{"href":"https:\/\/www.bitacoracdmx.com\/index.php?rest_route=%2Fwp%2Fv2%2Fmedia&parent=54060"}],"wp:term":[{"taxonomy":"category","embeddable":true,"href":"https:\/\/www.bitacoracdmx.com\/index.php?rest_route=%2Fwp%2Fv2%2Fcategories&post=54060"},{"taxonomy":"post_tag","embeddable":true,"href":"https:\/\/www.bitacoracdmx.com\/index.php?rest_route=%2Fwp%2Fv2%2Ftags&post=54060"}],"curies":[{"name":"wp","href":"https:\/\/api.w.org\/{rel}","templated":true}]}}