{"id":54194,"date":"2023-11-21T04:23:01","date_gmt":"2023-11-21T04:23:01","guid":{"rendered":"https:\/\/www.bitacoracdmx.com\/?p=54194"},"modified":"2023-11-21T04:23:01","modified_gmt":"2023-11-21T04:23:01","slug":"la-filarmonica-de-las-artes-celebra-la-epoca-decembrina-con-el-cascanueces","status":"publish","type":"post","link":"https:\/\/www.bitacoracdmx.com\/?p=54194","title":{"rendered":"La Filarm\u00f3nica de las Artes celebra la \u00e9poca decembrina con El Cascanueces"},"content":{"rendered":"<p>[fusion_builder_container hundred_percent=&#8221;no&#8221; equal_height_columns=&#8221;no&#8221; menu_anchor=&#8221;&#8221; hide_on_mobile=&#8221;small-visibility,medium-visibility,large-visibility&#8221; class=&#8221;&#8221; id=&#8221;&#8221; background_color=&#8221;&#8221; background_image=&#8221;&#8221; background_position=&#8221;center center&#8221; background_repeat=&#8221;no-repeat&#8221; fade=&#8221;no&#8221; background_parallax=&#8221;none&#8221; parallax_speed=&#8221;0.3&#8243; video_mp4=&#8221;&#8221; video_webm=&#8221;&#8221; video_ogv=&#8221;&#8221; video_url=&#8221;&#8221; video_aspect_ratio=&#8221;16:9&#8243; video_loop=&#8221;yes&#8221; video_mute=&#8221;yes&#8221; overlay_color=&#8221;&#8221; video_preview_image=&#8221;&#8221; border_size=&#8221;&#8221; border_color=&#8221;&#8221; border_style=&#8221;solid&#8221; padding_top=&#8221;&#8221; padding_bottom=&#8221;&#8221; padding_left=&#8221;&#8221; padding_right=&#8221;&#8221;][fusion_builder_row][fusion_builder_column type=&#8221;1_1&#8243; layout=&#8221;1_1&#8243; background_position=&#8221;left top&#8221; background_color=&#8221;&#8221; border_size=&#8221;&#8221; border_color=&#8221;&#8221; border_style=&#8221;solid&#8221; border_position=&#8221;all&#8221; spacing=&#8221;yes&#8221; background_image=&#8221;&#8221; background_repeat=&#8221;no-repeat&#8221; padding_top=&#8221;&#8221; padding_right=&#8221;&#8221; padding_bottom=&#8221;&#8221; padding_left=&#8221;&#8221; margin_top=&#8221;0px&#8221; margin_bottom=&#8221;0px&#8221; class=&#8221;&#8221; id=&#8221;&#8221; animation_type=&#8221;&#8221; animation_speed=&#8221;0.3&#8243; animation_direction=&#8221;left&#8221; hide_on_mobile=&#8221;small-visibility,medium-visibility,large-visibility&#8221; center_content=&#8221;no&#8221; last=&#8221;no&#8221; min_height=&#8221;&#8221; hover_type=&#8221;none&#8221; link=&#8221;&#8221;][fusion_text]<\/p>\n<p>REDACCI\u00d3N<\/p>\n<p class=\"\">\u25cf La Filarm\u00f3nica de las Artes y la Compa\u00f1\u00eda de Danza de las Artes presentan este tradicional cuento de hadas y ballet, con un toque de frescura y renovado.<\/p>\n<p class=\"\">\u25cf La Compa\u00f1\u00eda de Danza de las Artes est\u00e1 integrada por bailarines de danza cl\u00e1sica, danza contempor\u00e1nea y danza multidisciplinar, alternando funciones en este gran espect\u00e1culo.<\/p>\n<p class=\"\">\u25cf Este cl\u00e1sico decembrino contar\u00e1 adem\u00e1s con 3 funciones Sin Orquesta &#8211;el martes 12, Miercoles 13 y Jueves 14 de diciembre&#8211; a precios a\u00fan m\u00e1s accesibles para que todo espectador pueda disfrutar de esta gran puesta en escena.<\/p>\n<p class=\"\">Con el aclamado ballet navide\u00f1o \u201cEl Cascanueces\u201d, la Filarm\u00f3nica de las Artes y la Compa\u00f1\u00eda de Danza de las Artes, bajo la batuta de E. Abraham V\u00e9lez Godoy, celebran la \u00e9poca decembrina y homenajean a su autor.<\/p>\n<p class=\"\">Se trata del cuento de hadas-ballet en dos actos y cinco escenas con m\u00fasica de Piotr Ilich Tchaikovsky (1840-1893) y libreto de Marius Petipa e Iv\u00e1n Vs\u00e9volozhsky basado en el cuento \u201cEl Cascanueces y el Rey de los ratones\u201d (1816) de E. T. A. Hoffmann.<\/p>\n<p class=\"\">Esta serie de espect\u00e1culos promete sumergir al p\u00fablico en la magia de la temporada festiva y ser una experiencia inolvidable para los amantes de la m\u00fasica cl\u00e1sica y la danza.<\/p>\n<p class=\"\">La Compa\u00f1\u00eda de Danza de las Artes est\u00e1 integrada por bailarines de danza cl\u00e1sica, danza contempor\u00e1nea y danza multidisciplinar, alternando funciones en este gran espect\u00e1culo del gusto del p\u00fablico.<\/p>\n<p class=\"\">Adem\u00e1s, se contar\u00e1 con 3 funciones Sin Orquesta a precios a\u00fan m\u00e1s accesibles para que todo espectador pueda disfrutar de esta gran puesta en escena y pueda adentrarse en el maravilloso mundo del Ballet Cl\u00e1sico.<\/p>\n<p class=\"\">La Filarm\u00f3nica invita a toda la familia a congregarse y disfrutar de la historia de Clara y su hermoso Cascanueces que conduce por un mundo lleno de color, magia y aventuras con una gran producci\u00f3n.<\/p>\n<p class=\"\">\u201cEste montaje acompa\u00f1a el maravilloso trabajo de la Filarm\u00f3nica de las Artes con una versi\u00f3n l\u00fadica donde el p\u00fablico puede disfrutar de una obra del repertorio cl\u00e1sico.<\/p>\n<p class=\"\">\u201cDeseo retomar las formas tradicionales del ballet cl\u00e1sico en una versi\u00f3n donde los asistentes puedan disfrutar un espect\u00e1culo de calidad y sea siempre accesible a este bello arte y sobre todo con m\u00fasica de orquesta\u201d, dice Miguel Hern\u00e1ndez, core\u00f3grafo de El Cascanueces.<\/p>\n<p class=\"\">El Cascanueces se represent\u00f3 por primera vez en 1892, la m\u00fasica fue compuesta por Piotr Ilich Tchaikovski; la autor\u00eda de la pieza danc\u00edstica estuvo a cargo de Iv\u00e1n Vs\u00e9volozhsky; y se bas\u00f3 en la adaptaci\u00f3n de Alejandro Dumas del cuento El cascanueces y el Rey de los ratones de Ernst Theodor Amadeus Hoffmann.<\/p>\n<p class=\"\">Cuenta la historia de dos hermanos, Clara y Fritz, que viv\u00edan en un pueblo llamado Nuremberg. En \u00e9poca de celebrar la Navidad, la familia se encontraba reunida en casa y entre sus invitados se hallaba el Sr. Drosselmeyer, padrino de la ni\u00f1a, quien le tra\u00eda un hermoso presente: un Cascanueces.<\/p>\n<p class=\"\">Cuando la fiesta termina y Clara duerme, dentro de su sue\u00f1o, todo comenz\u00f3 a cambiar, las dimensiones de muchas cosas cambiaron y el juguete se convirti\u00f3 en un Pr\u00edncipe que la defendi\u00f3 del malvado ej\u00e9rcito de Ratones, al ganar la batalla El Cascanueces junto con su ej\u00e9rcito de soldados, la invit\u00f3 a acompa\u00f1arlo en un viaje por el Valle de las Nieves y el Reino de los Dulces.<\/p>\n<p class=\"\">La direcci\u00f3n art\u00edstica est\u00e1 a cargo de Morelia Villarino y la direcci\u00f3n de escena es encabezada por Omar Olvera; tiene coreograf\u00edas de Miguel Hern\u00e1ndez; y vestuario de Consuelo Solis y Eduardo Comus.<\/p>\n<p class=\"\">La producci\u00f3n es de Diego Careaga Medina, Abraham V\u00e9lez Godoy y David Dohi M\u00e1rquez. El Cascanueces, es una producci\u00f3n original de la Filarm\u00f3nica de las Artes y DunkelArts.<\/p>\n<p class=\"\">El Cascanueces se presentar\u00e1 en el Centro Universitario Cultural (CUC), ubicado en la calle Odontolog\u00eda n\u00famero 35, colonia Copilco Universidad, el viernes 8 y 15 de diciembre a las 19 horas; el s\u00e1bado 9 y 16 de diciembre a las 13 y 18 horas; el domingo 10 y 17 a las 13 y 18 horas.<\/p>\n<p class=\"\">Mientras que en enero se presentar\u00e1 el viernes 5 a las 19 horas; el s\u00e1bado 6 y el domingo 7 a las 18 horas. Adem\u00e1s, tendr\u00e1 tres funciones sin orquestas los d\u00edas martes 12, mi\u00e9rcoles 13 y jueves 14 de diciembre a las 19 horas.<\/p>\n<p class=\"\">Los boletos se encuentran a la venta en la p\u00e1gina web http:\/\/filarmonicadelasartes.com<\/p>\n<div dir=\"auto\"><a class=\"x1i10hfl xjbqb8w x6umtig x1b1mbwd xaqea5y xav7gou x9f619 x1ypdohk xt0psk2 xe8uvvx xdj266r x11i5rnm xat24cr x1mh8g0r xexx8yu x4uap5 x18d9i69 xkhd6sd x16tdsg8 x1hl2dhg xggy1nq x1a2a7pz xt0b8zv x1qq9wsj xo1l8bm\" tabindex=\"0\" role=\"link\" href=\"https:\/\/www.facebook.com\/hashtag\/filarmonicadelasartes?__eep__=6&amp;__cft__[0]=AZX2ZLLokU8dvHtcUtsYMrUOMbgI0MMfkDyx1Idw8xPgcrs39l5n4oYS9OI7M5QYWEWg5nVQ4xcqBK8UGdnxQb9Smyy9Vm1QDEIaqdYDEqVWZrBYP1aBCeL0P0d-yzJ7de4&amp;__tn__=*NK-R\">#filarmonicadelasartes<\/a><\/div>\n<div dir=\"auto\"><a class=\"x1i10hfl xjbqb8w x6umtig x1b1mbwd xaqea5y xav7gou x9f619 x1ypdohk xt0psk2 xe8uvvx xdj266r x11i5rnm xat24cr x1mh8g0r xexx8yu x4uap5 x18d9i69 xkhd6sd x16tdsg8 x1hl2dhg xggy1nq x1a2a7pz xt0b8zv x1qq9wsj xo1l8bm\" tabindex=\"0\" role=\"link\" href=\"https:\/\/www.facebook.com\/hashtag\/elcascanueces?__eep__=6&amp;__cft__[0]=AZX2ZLLokU8dvHtcUtsYMrUOMbgI0MMfkDyx1Idw8xPgcrs39l5n4oYS9OI7M5QYWEWg5nVQ4xcqBK8UGdnxQb9Smyy9Vm1QDEIaqdYDEqVWZrBYP1aBCeL0P0d-yzJ7de4&amp;__tn__=*NK-R\">#elcascanueces<\/a><\/div>\n<div dir=\"auto\"><a class=\"x1i10hfl xjbqb8w x6umtig x1b1mbwd xaqea5y xav7gou x9f619 x1ypdohk xt0psk2 xe8uvvx xdj266r x11i5rnm xat24cr x1mh8g0r xexx8yu x4uap5 x18d9i69 xkhd6sd x16tdsg8 x1hl2dhg xggy1nq x1a2a7pz xt0b8zv x1qq9wsj xo1l8bm\" tabindex=\"0\" role=\"link\" href=\"https:\/\/www.facebook.com\/hashtag\/centrouniversitariocultural?__eep__=6&amp;__cft__[0]=AZX2ZLLokU8dvHtcUtsYMrUOMbgI0MMfkDyx1Idw8xPgcrs39l5n4oYS9OI7M5QYWEWg5nVQ4xcqBK8UGdnxQb9Smyy9Vm1QDEIaqdYDEqVWZrBYP1aBCeL0P0d-yzJ7de4&amp;__tn__=*NK-R\">#CentroUniversitarioCultural<\/a><\/div>\n<div dir=\"auto\"><a class=\"x1i10hfl xjbqb8w x6umtig x1b1mbwd xaqea5y xav7gou x9f619 x1ypdohk xt0psk2 xe8uvvx xdj266r x11i5rnm xat24cr x1mh8g0r xexx8yu x4uap5 x18d9i69 xkhd6sd x16tdsg8 x1hl2dhg xggy1nq x1a2a7pz xt0b8zv x1qq9wsj xo1l8bm\" tabindex=\"0\" role=\"link\" href=\"https:\/\/www.facebook.com\/hashtag\/bitacoracdmx?__eep__=6&amp;__cft__[0]=AZX2ZLLokU8dvHtcUtsYMrUOMbgI0MMfkDyx1Idw8xPgcrs39l5n4oYS9OI7M5QYWEWg5nVQ4xcqBK8UGdnxQb9Smyy9Vm1QDEIaqdYDEqVWZrBYP1aBCeL0P0d-yzJ7de4&amp;__tn__=*NK-R\">#bitacoracdmx<\/a><\/div>\n<p>[\/fusion_text][fusion_imageframe image_id=&#8221;54195|medium&#8221; max_width=&#8221;&#8221; style_type=&#8221;&#8221; blur=&#8221;&#8221; stylecolor=&#8221;&#8221; hover_type=&#8221;none&#8221; bordersize=&#8221;&#8221; bordercolor=&#8221;&#8221; borderradius=&#8221;&#8221; align=&#8221;none&#8221; lightbox=&#8221;no&#8221; gallery_id=&#8221;&#8221; lightbox_image=&#8221;&#8221; lightbox_image_id=&#8221;&#8221; alt=&#8221;&#8221; link=&#8221;&#8221; linktarget=&#8221;_self&#8221; hide_on_mobile=&#8221;small-visibility,medium-visibility,large-visibility&#8221; class=&#8221;&#8221; id=&#8221;&#8221; animation_type=&#8221;&#8221; animation_direction=&#8221;left&#8221; animation_speed=&#8221;0.3&#8243; animation_offset=&#8221;&#8221;]https:\/\/www.bitacoracdmx.com\/wp-content\/uploads\/2023\/11\/369607897_932522391600327_9126098943253740410_n-240&#215;300.jpg[\/fusion_imageframe][\/fusion_builder_column][\/fusion_builder_row][\/fusion_builder_container]<\/p>\n","protected":false},"excerpt":{"rendered":"<p>[fusion_builder_container hundred_percent=&#8221;no&#8221; equal_height_columns=&#8221;no&#8221; menu_anchor=&#8221;&#8221; hide_on_mobile=&#8221;small-visibility,medium-visibility,large-visibility&#8221; class=&#8221;&#8221; id=&#8221;&#8221; background_color=&#8221;&#8221; background_image=&#8221;&#8221; background_position=&#8221;center center&#8221; background_repeat=&#8221;no-repeat&#8221; fade=&#8221;no&#8221; background_parallax=&#8221;none&#8221; parallax_speed=&#8221;0.3&#8243; video_mp4=&#8221;&#8221; video_webm=&#8221;&#8221; video_ogv=&#8221;&#8221; video_url=&#8221;&#8221; video_aspect_ratio=&#8221;16:9&#8243; video_loop=&#8221;yes&#8221; video_mute=&#8221;yes&#8221; overlay_color=&#8221;&#8221; video_preview_image=&#8221;&#8221; border_size=&#8221;&#8221; border_color=&#8221;&#8221; border_style=&#8221;solid&#8221; padding_top=&#8221;&#8221; padding_bottom=&#8221;&#8221; padding_left=&#8221;&#8221; padding_right=&#8221;&#8221;][fusion_builder_row][fusion_builder_column type=&#8221;1_1&#8243; layout=&#8221;1_1&#8243; background_position=&#8221;left top&#8221; background_color=&#8221;&#8221; border_size=&#8221;&#8221; border_color=&#8221;&#8221; border_style=&#8221;solid&#8221; border_position=&#8221;all&#8221; spacing=&#8221;yes&#8221; background_image=&#8221;&#8221; background_repeat=&#8221;no-repeat&#8221; padding_top=&#8221;&#8221; padding_right=&#8221;&#8221; padding_bottom=&#8221;&#8221; padding_left=&#8221;&#8221; margin_top=&#8221;0px&#8221; margin_bottom=&#8221;0px&#8221; class=&#8221;&#8221; id=&#8221;&#8221; animation_type=&#8221;&#8221; animation_speed=&#8221;0.3&#8243; animation_direction=&#8221;left&#8221; hide_on_mobile=&#8221;small-visibility,medium-visibility,large-visibility&#8221; center_content=&#8221;no&#8221; last=&#8221;no&#8221; min_height=&#8221;&#8221; hover_type=&#8221;none&#8221; link=&#8221;&#8221;][fusion_text] REDACCI\u00d3N \u25cf La Filarm\u00f3nica de las Artes y la Compa\u00f1\u00eda de Danza de las Artes presentan este tradicional cuento de hadas y ballet, con un toque de frescura y renovado. \u25cf La Compa\u00f1\u00eda de Danza de las Artes est\u00e1 integrada [&hellip;]<\/p>\n","protected":false},"author":1,"featured_media":54195,"comment_status":"open","ping_status":"open","sticky":false,"template":"","format":"standard","meta":{"footnotes":""},"categories":[5,9],"tags":[],"_links":{"self":[{"href":"https:\/\/www.bitacoracdmx.com\/index.php?rest_route=\/wp\/v2\/posts\/54194"}],"collection":[{"href":"https:\/\/www.bitacoracdmx.com\/index.php?rest_route=\/wp\/v2\/posts"}],"about":[{"href":"https:\/\/www.bitacoracdmx.com\/index.php?rest_route=\/wp\/v2\/types\/post"}],"author":[{"embeddable":true,"href":"https:\/\/www.bitacoracdmx.com\/index.php?rest_route=\/wp\/v2\/users\/1"}],"replies":[{"embeddable":true,"href":"https:\/\/www.bitacoracdmx.com\/index.php?rest_route=%2Fwp%2Fv2%2Fcomments&post=54194"}],"version-history":[{"count":1,"href":"https:\/\/www.bitacoracdmx.com\/index.php?rest_route=\/wp\/v2\/posts\/54194\/revisions"}],"predecessor-version":[{"id":54196,"href":"https:\/\/www.bitacoracdmx.com\/index.php?rest_route=\/wp\/v2\/posts\/54194\/revisions\/54196"}],"wp:featuredmedia":[{"embeddable":true,"href":"https:\/\/www.bitacoracdmx.com\/index.php?rest_route=\/wp\/v2\/media\/54195"}],"wp:attachment":[{"href":"https:\/\/www.bitacoracdmx.com\/index.php?rest_route=%2Fwp%2Fv2%2Fmedia&parent=54194"}],"wp:term":[{"taxonomy":"category","embeddable":true,"href":"https:\/\/www.bitacoracdmx.com\/index.php?rest_route=%2Fwp%2Fv2%2Fcategories&post=54194"},{"taxonomy":"post_tag","embeddable":true,"href":"https:\/\/www.bitacoracdmx.com\/index.php?rest_route=%2Fwp%2Fv2%2Ftags&post=54194"}],"curies":[{"name":"wp","href":"https:\/\/api.w.org\/{rel}","templated":true}]}}