{"id":54595,"date":"2023-12-12T04:19:12","date_gmt":"2023-12-12T04:19:12","guid":{"rendered":"https:\/\/www.bitacoracdmx.com\/?p=54595"},"modified":"2023-12-12T04:19:12","modified_gmt":"2023-12-12T04:19:12","slug":"presenta-eslovaquia-muestra-fotografica-que-celebra-30-anos-de-relaciones-diplomaticas-con-mexico","status":"publish","type":"post","link":"https:\/\/www.bitacoracdmx.com\/?p=54595","title":{"rendered":"Presenta ESLOVAQUIA muestra fotogr\u00e1fica que celebra 30 A\u00d1OS de RELACIONES DIPLOM\u00c1TICAS con M\u00c9XICO"},"content":{"rendered":"<p>[fusion_builder_container hundred_percent=&#8221;no&#8221; equal_height_columns=&#8221;no&#8221; menu_anchor=&#8221;&#8221; hide_on_mobile=&#8221;small-visibility,medium-visibility,large-visibility&#8221; class=&#8221;&#8221; id=&#8221;&#8221; background_color=&#8221;&#8221; background_image=&#8221;&#8221; background_position=&#8221;center center&#8221; background_repeat=&#8221;no-repeat&#8221; fade=&#8221;no&#8221; background_parallax=&#8221;none&#8221; parallax_speed=&#8221;0.3&#8243; video_mp4=&#8221;&#8221; video_webm=&#8221;&#8221; video_ogv=&#8221;&#8221; video_url=&#8221;&#8221; video_aspect_ratio=&#8221;16:9&#8243; video_loop=&#8221;yes&#8221; video_mute=&#8221;yes&#8221; overlay_color=&#8221;&#8221; video_preview_image=&#8221;&#8221; border_size=&#8221;&#8221; border_color=&#8221;&#8221; border_style=&#8221;solid&#8221; padding_top=&#8221;&#8221; padding_bottom=&#8221;&#8221; padding_left=&#8221;&#8221; padding_right=&#8221;&#8221;][fusion_builder_row][fusion_builder_column type=&#8221;1_1&#8243; layout=&#8221;1_1&#8243; background_position=&#8221;left top&#8221; background_color=&#8221;&#8221; border_size=&#8221;&#8221; border_color=&#8221;&#8221; border_style=&#8221;solid&#8221; border_position=&#8221;all&#8221; spacing=&#8221;yes&#8221; background_image=&#8221;&#8221; background_repeat=&#8221;no-repeat&#8221; padding_top=&#8221;&#8221; padding_right=&#8221;&#8221; padding_bottom=&#8221;&#8221; padding_left=&#8221;&#8221; margin_top=&#8221;0px&#8221; margin_bottom=&#8221;0px&#8221; class=&#8221;&#8221; id=&#8221;&#8221; animation_type=&#8221;&#8221; animation_speed=&#8221;0.3&#8243; animation_direction=&#8221;left&#8221; hide_on_mobile=&#8221;small-visibility,medium-visibility,large-visibility&#8221; center_content=&#8221;no&#8221; last=&#8221;no&#8221; min_height=&#8221;&#8221; hover_type=&#8221;none&#8221; link=&#8221;&#8221;][fusion_text]<\/p>\n<p>REDACCI\u00d3N<\/p>\n<p>\u25cf La exposici\u00f3n muestra un viaje por sus chalets de monta\u00f1a, sus bosques primigenios, sus vi\u00f1edos, sus paisajes, as\u00ed como un acercamiento a su arte en la cetrer\u00eda y algunos avances tecnol\u00f3gicos y patrimonios culturales de la naci\u00f3n europea<\/p>\n<p>\u25cf A trav\u00e9s de 38 im\u00e1genes en gran formato, el p\u00fablico podr\u00e1 acercarse a la vida y tradiciones de Eslovaquia, las cuales se presentan en la galer\u00eda abierta Paseo de las Culturas Amigas hasta el 29 de enero del 2024.<\/p>\n<p>Con la finalidad de celebrar el 30 aniversario del establecimiento de las relaciones diplom\u00e1ticas,\u00a0<strong>la Embajada de la Rep\u00fablica Eslovaca<\/strong>, en colaboraci\u00f3n con la\u00a0<strong>Secretar\u00eda de Cultura capitalina y la Coordinaci\u00f3n General de Asesores y Asuntos Internacionales del Gobierno de la Ciudad de M\u00e9xico,<\/strong>\u00a0presentan al p\u00fablico la exposici\u00f3n\u00a0<strong><em>\u00bfSab\u00edas qu\u00e9? Esto es Eslovaquia<\/em><\/strong>\u00b8 en la Galer\u00eda Abierta del\u00a0<strong>Paseo de las Culturas Amigas<\/strong>, donde permanecer\u00e1 hasta el 29 de enero del siguiente a\u00f1o.<\/p>\n<p>El acto protocolario cont\u00f3 con la participaci\u00f3n especial de la Embajadora de Eslovaquia, Ter\u00e9zia \u0160ajgal\u00edkov\u00e1; acompa\u00f1ada de Daniel Tovar Herrera, coordinador general de Asesores y Asuntos Internacionales, y de Jos\u00e9 Manuel Rodr\u00edguez Ram\u00edrez, director de Galer\u00edas Abiertas de la Secretar\u00eda de Cultura local, as\u00ed como de Jonathan Chait Auerbach, director general de Protocolo de la Secretaria de Relaciones Exteriores, y Luis Arturo V\u00e1zquez, country manager de la Empresa Eset M\u00e9xico.<\/p>\n<p>\u201cMuy bienvenidos a este espacio que ya lleva algunos a\u00f1os de tradici\u00f3n donde distintos pa\u00edses y representaciones diplom\u00e1ticas han podido realizar variadas exposiciones que le han dado una vida distinta al Paseo de la Reforma, acercando a la ciudadan\u00eda de nuestra capital a distintas culturas y distintas visiones del mundo\u201d, extern\u00f3 Daniel Tovar Herrera.<\/p>\n<p>A trav\u00e9s de esta exposici\u00f3n, integrada por 38 im\u00e1genes en gran formato, la galer\u00eda dedicada a acercar a los paseantes de la ciudad a las diversas naciones amigas, ofrecer\u00e1 un viaje por los paisajes y tradiciones, tesoros naturales, monumentos y patrimonios hist\u00f3ricos, de Eslovaquia, as\u00ed como su avance tecnol\u00f3gico y cultural.<\/p>\n<p>\u201cEscogimos de todo un poco: fotograf\u00edas de la historia, de las personalidades importantes, de la actualidad y la belleza de la naturaleza, adem\u00e1s de inventos de \u00faltima generaci\u00f3n y otros aspectos generales para quienes no conocen Eslovaquia\u201d, comparti\u00f3 la Embajadora durante su participaci\u00f3n, quien destac\u00f3 que se espera llegar m\u00e1s de 600 mil visitantes durante los dos meses de exhibici\u00f3n.<\/p>\n<p>El p\u00fablico podr\u00e1 conocer a los sherpas de monta\u00f1a, cargadores alpinos \u00fanicos en el mundo cuya tradici\u00f3n deviene de principios del siglo XVII, quienes pueden cargar m\u00e1s de 100 kilos sobre sus hombros a alturas de m\u00e1s de 2 mil 200 metros. La exposici\u00f3n tambi\u00e9n acerca al p\u00fablico a los chalets de monta\u00f1a en los Altos Tatras, un destino tur\u00edstico establecido desde principios del siglo XIX, con vistas a los exquisitos picos, amplios valles y lagos cristalinos.<\/p>\n<p>Otros paisajes presentes son los Bosques de hayas, primigenios de los C\u00e1rpatos, considerados Patrimonio Natural de la Organizaci\u00f3n de las Naciones Unidas para la Educaci\u00f3n, la Ciencia y la Cultura, (UNESCO), cuyas hayas viejas y retorcidas, algunas de hasta 240 a\u00f1os, brindan un h\u00e1bitat natural para m\u00e1s de 10 mil especies de animales silvestres, plantas y hongos.<\/p>\n<p>La faceta vin\u00edcola de Eslovaquia tambi\u00e9n puede ser conocida a trav\u00e9s de sus pintorescos vi\u00f1edos que han conservado una esencia distintiva y un sabor exquisito que han sorprendido al mundo, ganando reconocimiento en la prestigiosa exposici\u00f3n de vinos \u201cVinalies Internationales 2015\u201d en Par\u00eds y en el renombrado \u201cConcours Mondial de Bruxelles\u201d, en el que ganaron 19 medallas el mismo a\u00f1o.<\/p>\n<p>Entre sus avances tecnol\u00f3gicos se muestra\u00a0<em>The 8th Continent\u00ae<\/em>, un proyecto \u00fanico de la arquitecta eslovaca Lenka Petr\u00e1kov\u00e1, una estaci\u00f3n de limpieza flotante que tiene forma de flor y recolecta desechos de la superficie del oc\u00e9ano, que luego se biodegradan o reciclan; asimismo, se podr\u00e1 disfrutar del\u00a0<em>Aircar<\/em>, el autom\u00f3vil volador del profesor \u0160tefan Klei, que a principios de 2022 consigui\u00f3 su certificado final de aeronavegabilidad y est\u00e1 listo para iniciar su producci\u00f3n.<\/p>\n<p>La muestra celebra las relaciones diplom\u00e1ticas entre M\u00e9xico y la Rep\u00fablica Eslovaca establecidas el 1\u00ba de enero de 1993, cuando naci\u00f3 como naci\u00f3n independiente tras la divisi\u00f3n de Checoslovaquia, a\u00f1o en que se acredit\u00f3 al primer Embajador de M\u00e9xico en Eslovaquia, y periodo tambi\u00e9n en el que Eslovaquia se convirti\u00f3 en miembro de las Naciones Unidas desde el primer d\u00eda de su independencia.<\/p>\n<p>La muestra\u00a0<strong><em>\u00bfSab\u00edas qu\u00e9? Esto es Eslovaquia<\/em><\/strong>\u00a0exhibida en el Paseo de las Culturas Amigas, galer\u00eda ubicada en el camell\u00f3n de Avenida Paseo de la Reforma, entre la Glorieta del Ahuehuete y Avenida de los Insurgentes frente a Reforma 222, se podr\u00e1 visitar hasta el 29 de enero del 2024. La oferta de la Secretar\u00eda de Cultura de la Ciudad de M\u00e9xico se puede conocer en su p\u00e1gina oficial (<a href=\"https:\/\/cultura.cdmx.gob.mx\/\">https:\/\/cultura.cdmx.gob.mx\/<\/a>) y a trav\u00e9s de sus redes sociales en Facebook, Twitter, Instagram y YouTube).<\/p>\n<div dir=\"auto\"><a class=\"x1i10hfl xjbqb8w x6umtig x1b1mbwd xaqea5y xav7gou x9f619 x1ypdohk xt0psk2 xe8uvvx xdj266r x11i5rnm xat24cr x1mh8g0r xexx8yu x4uap5 x18d9i69 xkhd6sd x16tdsg8 x1hl2dhg xggy1nq x1a2a7pz xt0b8zv x1qq9wsj xo1l8bm\" tabindex=\"0\" role=\"link\" href=\"https:\/\/www.facebook.com\/hashtag\/eslovaquia?__eep__=6&amp;__cft__[0]=AZUNNRQc1dTcGb-7IsyZjScpyrt73Z2MXra9t_NYdneLIC93WmWFVvsNQrp0A59dzhQlSYPrlADyQQjGbZNBbTRrJpYfQQr6Ij2_-GNUtMNs67-hAVHWe6-XkhZVbnMqmAw&amp;__tn__=*NK-R\">#Eslovaquia<\/a><\/div>\n<div dir=\"auto\"><a class=\"x1i10hfl xjbqb8w x6umtig x1b1mbwd xaqea5y xav7gou x9f619 x1ypdohk xt0psk2 xe8uvvx xdj266r x11i5rnm xat24cr x1mh8g0r xexx8yu x4uap5 x18d9i69 xkhd6sd x16tdsg8 x1hl2dhg xggy1nq x1a2a7pz xt0b8zv x1qq9wsj xo1l8bm\" tabindex=\"0\" role=\"link\" href=\"https:\/\/www.facebook.com\/hashtag\/bitacoracdmx?__eep__=6&amp;__cft__[0]=AZUNNRQc1dTcGb-7IsyZjScpyrt73Z2MXra9t_NYdneLIC93WmWFVvsNQrp0A59dzhQlSYPrlADyQQjGbZNBbTRrJpYfQQr6Ij2_-GNUtMNs67-hAVHWe6-XkhZVbnMqmAw&amp;__tn__=*NK-R\">#bitacoracdmx<\/a><\/div>\n<p>[\/fusion_text][fusion_imageframe image_id=&#8221;54596|medium&#8221; max_width=&#8221;&#8221; style_type=&#8221;&#8221; blur=&#8221;&#8221; stylecolor=&#8221;&#8221; hover_type=&#8221;none&#8221; bordersize=&#8221;&#8221; bordercolor=&#8221;&#8221; borderradius=&#8221;&#8221; align=&#8221;none&#8221; lightbox=&#8221;no&#8221; gallery_id=&#8221;&#8221; lightbox_image=&#8221;&#8221; lightbox_image_id=&#8221;&#8221; alt=&#8221;&#8221; link=&#8221;&#8221; linktarget=&#8221;_self&#8221; hide_on_mobile=&#8221;small-visibility,medium-visibility,large-visibility&#8221; class=&#8221;&#8221; id=&#8221;&#8221; animation_type=&#8221;&#8221; animation_direction=&#8221;left&#8221; animation_speed=&#8221;0.3&#8243; animation_offset=&#8221;&#8221;]https:\/\/www.bitacoracdmx.com\/wp-content\/uploads\/2023\/12\/WhatsApp-Image-2023-12-08-at-3.42.17-PM-300&#215;200.jpeg[\/fusion_imageframe][\/fusion_builder_column][\/fusion_builder_row][\/fusion_builder_container]<\/p>\n","protected":false},"excerpt":{"rendered":"<p>[fusion_builder_container hundred_percent=&#8221;no&#8221; equal_height_columns=&#8221;no&#8221; menu_anchor=&#8221;&#8221; hide_on_mobile=&#8221;small-visibility,medium-visibility,large-visibility&#8221; class=&#8221;&#8221; id=&#8221;&#8221; background_color=&#8221;&#8221; background_image=&#8221;&#8221; background_position=&#8221;center center&#8221; background_repeat=&#8221;no-repeat&#8221; fade=&#8221;no&#8221; background_parallax=&#8221;none&#8221; parallax_speed=&#8221;0.3&#8243; video_mp4=&#8221;&#8221; video_webm=&#8221;&#8221; video_ogv=&#8221;&#8221; video_url=&#8221;&#8221; video_aspect_ratio=&#8221;16:9&#8243; video_loop=&#8221;yes&#8221; video_mute=&#8221;yes&#8221; overlay_color=&#8221;&#8221; video_preview_image=&#8221;&#8221; border_size=&#8221;&#8221; border_color=&#8221;&#8221; border_style=&#8221;solid&#8221; padding_top=&#8221;&#8221; padding_bottom=&#8221;&#8221; padding_left=&#8221;&#8221; padding_right=&#8221;&#8221;][fusion_builder_row][fusion_builder_column type=&#8221;1_1&#8243; layout=&#8221;1_1&#8243; background_position=&#8221;left top&#8221; background_color=&#8221;&#8221; border_size=&#8221;&#8221; border_color=&#8221;&#8221; border_style=&#8221;solid&#8221; border_position=&#8221;all&#8221; spacing=&#8221;yes&#8221; background_image=&#8221;&#8221; background_repeat=&#8221;no-repeat&#8221; padding_top=&#8221;&#8221; padding_right=&#8221;&#8221; padding_bottom=&#8221;&#8221; padding_left=&#8221;&#8221; margin_top=&#8221;0px&#8221; margin_bottom=&#8221;0px&#8221; class=&#8221;&#8221; id=&#8221;&#8221; animation_type=&#8221;&#8221; animation_speed=&#8221;0.3&#8243; animation_direction=&#8221;left&#8221; hide_on_mobile=&#8221;small-visibility,medium-visibility,large-visibility&#8221; center_content=&#8221;no&#8221; last=&#8221;no&#8221; min_height=&#8221;&#8221; hover_type=&#8221;none&#8221; link=&#8221;&#8221;][fusion_text] REDACCI\u00d3N \u25cf La exposici\u00f3n muestra un viaje por sus chalets de monta\u00f1a, sus bosques primigenios, sus vi\u00f1edos, sus paisajes, as\u00ed como un acercamiento a su arte en la cetrer\u00eda y algunos avances tecnol\u00f3gicos y patrimonios culturales de la naci\u00f3n europea [&hellip;]<\/p>\n","protected":false},"author":1,"featured_media":54596,"comment_status":"open","ping_status":"open","sticky":false,"template":"","format":"standard","meta":{"footnotes":""},"categories":[4,9],"tags":[],"_links":{"self":[{"href":"https:\/\/www.bitacoracdmx.com\/index.php?rest_route=\/wp\/v2\/posts\/54595"}],"collection":[{"href":"https:\/\/www.bitacoracdmx.com\/index.php?rest_route=\/wp\/v2\/posts"}],"about":[{"href":"https:\/\/www.bitacoracdmx.com\/index.php?rest_route=\/wp\/v2\/types\/post"}],"author":[{"embeddable":true,"href":"https:\/\/www.bitacoracdmx.com\/index.php?rest_route=\/wp\/v2\/users\/1"}],"replies":[{"embeddable":true,"href":"https:\/\/www.bitacoracdmx.com\/index.php?rest_route=%2Fwp%2Fv2%2Fcomments&post=54595"}],"version-history":[{"count":1,"href":"https:\/\/www.bitacoracdmx.com\/index.php?rest_route=\/wp\/v2\/posts\/54595\/revisions"}],"predecessor-version":[{"id":54597,"href":"https:\/\/www.bitacoracdmx.com\/index.php?rest_route=\/wp\/v2\/posts\/54595\/revisions\/54597"}],"wp:featuredmedia":[{"embeddable":true,"href":"https:\/\/www.bitacoracdmx.com\/index.php?rest_route=\/wp\/v2\/media\/54596"}],"wp:attachment":[{"href":"https:\/\/www.bitacoracdmx.com\/index.php?rest_route=%2Fwp%2Fv2%2Fmedia&parent=54595"}],"wp:term":[{"taxonomy":"category","embeddable":true,"href":"https:\/\/www.bitacoracdmx.com\/index.php?rest_route=%2Fwp%2Fv2%2Fcategories&post=54595"},{"taxonomy":"post_tag","embeddable":true,"href":"https:\/\/www.bitacoracdmx.com\/index.php?rest_route=%2Fwp%2Fv2%2Ftags&post=54595"}],"curies":[{"name":"wp","href":"https:\/\/api.w.org\/{rel}","templated":true}]}}