{"id":54598,"date":"2023-12-12T04:33:12","date_gmt":"2023-12-12T04:33:12","guid":{"rendered":"https:\/\/www.bitacoracdmx.com\/?p=54598"},"modified":"2023-12-12T04:33:12","modified_gmt":"2023-12-12T04:33:12","slug":"refrendan-compromiso-contra-las-violencias-laborales-en-la-industria-audiovisual-de-la-ciudad-de-mexico","status":"publish","type":"post","link":"https:\/\/www.bitacoracdmx.com\/?p=54598","title":{"rendered":"Refrendan compromiso  CONTRA LAS VIOLENCIAS LABORALES en la INDUSTRIA AUDIOVISUAL de la CIUDAD DE M\u00c9XICO"},"content":{"rendered":"<p>[fusion_builder_container hundred_percent=&#8221;no&#8221; equal_height_columns=&#8221;no&#8221; menu_anchor=&#8221;&#8221; hide_on_mobile=&#8221;small-visibility,medium-visibility,large-visibility&#8221; class=&#8221;&#8221; id=&#8221;&#8221; background_color=&#8221;&#8221; background_image=&#8221;&#8221; background_position=&#8221;center center&#8221; background_repeat=&#8221;no-repeat&#8221; fade=&#8221;no&#8221; background_parallax=&#8221;none&#8221; parallax_speed=&#8221;0.3&#8243; video_mp4=&#8221;&#8221; video_webm=&#8221;&#8221; video_ogv=&#8221;&#8221; video_url=&#8221;&#8221; video_aspect_ratio=&#8221;16:9&#8243; video_loop=&#8221;yes&#8221; video_mute=&#8221;yes&#8221; overlay_color=&#8221;&#8221; video_preview_image=&#8221;&#8221; border_size=&#8221;&#8221; border_color=&#8221;&#8221; border_style=&#8221;solid&#8221; padding_top=&#8221;&#8221; padding_bottom=&#8221;&#8221; padding_left=&#8221;&#8221; padding_right=&#8221;&#8221;][fusion_builder_row][fusion_builder_column type=&#8221;1_1&#8243; layout=&#8221;1_1&#8243; background_position=&#8221;left top&#8221; background_color=&#8221;&#8221; border_size=&#8221;&#8221; border_color=&#8221;&#8221; border_style=&#8221;solid&#8221; border_position=&#8221;all&#8221; spacing=&#8221;yes&#8221; background_image=&#8221;&#8221; background_repeat=&#8221;no-repeat&#8221; padding_top=&#8221;&#8221; padding_right=&#8221;&#8221; padding_bottom=&#8221;&#8221; padding_left=&#8221;&#8221; margin_top=&#8221;0px&#8221; margin_bottom=&#8221;0px&#8221; class=&#8221;&#8221; id=&#8221;&#8221; animation_type=&#8221;&#8221; animation_speed=&#8221;0.3&#8243; animation_direction=&#8221;left&#8221; hide_on_mobile=&#8221;small-visibility,medium-visibility,large-visibility&#8221; center_content=&#8221;no&#8221; last=&#8221;no&#8221; min_height=&#8221;&#8221; hover_type=&#8221;none&#8221; link=&#8221;&#8221;][fusion_text]<\/p>\n<p>REDACCI\u00d3N<\/p>\n<p>\u25cf Durante el Foro Contra las Violencias Laborales en la Industria Cinematogr\u00e1fica de la CDMX en el marco de la campa\u00f1a &#8220;16 D\u00edas de Activismo contra la Violencia de G\u00e9nero&#8221;, 12 entidades y organizaciones refrendaron su compromiso para prevenir y erradicar pr\u00e1cticas que atenten contra los derechos laborales de las y los trabajadores del sector \u25cf En sesi\u00f3n plenaria se dio lectura de las conclusiones de cinco mesas de discusi\u00f3n en las que se abordaron pr\u00e1cticas, acciones y problem\u00e1ticas en materia laboral<\/p>\n<p>\u25cf Los representantes de las entidades hicieron la firma simb\u00f3lica del compromiso para trabajar e implementar las propuestas a favor de la comunidad audiovisual capitalina<\/p>\n<p>Como parte de la campa\u00f1a\u00a0<strong>&#8220;16 D\u00edas de Activismo Contra la Violencia de G\u00e9nero&#8221;<\/strong>, el\u00a0<strong>Fideicomiso para la Promoci\u00f3n y Desarrollo del Cine Mexicano en la Ciudad de M\u00e9xico (PROCINECDMX)<\/strong>, adscrito a la\u00a0<strong>Secretar\u00eda de Cultura capitalina<\/strong>, realiz\u00f3 este 7 de diciembre el\u00a0<strong>Foro Contra las Violencias Laborales en la Industria Cinematogr\u00e1fica de la CDMX<\/strong>.<\/p>\n<p>La sede fue la\u00a0<strong>Comisi\u00f3n de Derechos Humanos de la Ciudad de M\u00e9xico (CDHCM)<\/strong>, donde se llev\u00f3 a cabo una larga jornada que integr\u00f3 la presentaci\u00f3n de los avances de la investigaci\u00f3n\u00a0<em>Trabajo y g\u00e9nero en el medio audiovisual. Trayectorias, experiencias laborales y sentimientos de injusticia, as\u00ed como la encuesta El trabajo en la industria cinematogr\u00e1fica: trayectoria y experiencia laboral<\/em>, esfuerzo conjunto del Departamento de Antropolog\u00eda de la Universidad Aut\u00f3noma de Quer\u00e9taro, la Colectiva La Gremia-Red de Mujeres en el Cine y la TV y el Fideicomiso PROCINECDMX. Tambi\u00e9n, se realizaron cinco mesas de di\u00e1logo simult\u00e1neas en las que se analizaron las m\u00faltiples violencias que se reproducen en estos espacios.<\/p>\n<p>El director general de PROCINECDMX, Cristi\u00e1n Cal\u00f3nico, explic\u00f3 que el trabajo que viene desempe\u00f1ando el Fideicomiso desde hace cuatro a\u00f1os, parte de la iniciativa de un protocolo de prevenci\u00f3n, por razones de jurisdicci\u00f3n no se concret\u00f3 y dio pie a la conformaci\u00f3n de la Red Interinstitucional por la Igualdad de G\u00e9nero en la Comunidad Audiovisual, que re\u00fane a 12 entidades y organizaciones, con el objetivo de prevenir, sensibilizar y contribuir a la erradicaci\u00f3n de los diferentes tipos y modalidades de violencia de g\u00e9nero en la comunidad audiovisual.<\/p>\n<p>\u201cEsta Red se formaliz\u00f3 el 6 de diciembre del 2022 con el fin de generar una serie de acciones preventivas, Este Foro es producto de esa labor y del esfuerzo conjunto con la Colectiva La Gremia para crear una campa\u00f1a de prevenci\u00f3n contra las desigualdades salariales en el medio audiovisual, en raz\u00f3n de ser esta, una forma de agresi\u00f3n\u201d, indic\u00f3 Cal\u00f3nico Lucio.<\/p>\n<p>Derivado de ello, se dieron a la tarea de generar bases concretas que demostrar\u00e1n que existe esta problem\u00e1tica y c\u00f3mo se materializa en el medio, a partir de esto, inicia dicha investigaci\u00f3n sustentada por la encuesta en la que vincularon al doctor Edgar Belmont Cort\u00e9s, investigador en sociolog\u00eda laboral de la Facultad de Filosof\u00eda de la UAQ y a los especialistas Sandra Ru\u00edz y Julio Cesar Mart\u00ednez.<\/p>\n<p>En sesi\u00f3n plenaria se presentaron las conclusiones de las cinco mesas de discusi\u00f3n que conformaron el programa, entre las que destacan: Implementar pr\u00e1cticas humanas, \u00e9ticas y equitativas desde los frentes educativos, institucionales, y en las \u00e1reas de desarrollo laboral de la industria cinematogr\u00e1fica y audiovisual.<\/p>\n<p>A partir de las experiencias de colectivas de Am\u00e9rica Latina, se propone la creaci\u00f3n de sindicatos y\/o colectivas de la sociedad civil que contribuyan a la regulaci\u00f3n de las leyes laborales y cinematogr\u00e1ficas de cada pa\u00eds, en beneficio de las personas trabajadoras, as\u00ed como los manuales de buenas pr\u00e1cticas propuestos para llevar a cabo las producciones.<\/p>\n<p>En temas de derecho laboral y trabajo digno en el set de cine, se apela a regular el marco jur\u00eddico en la industria y revisar los procesos de producci\u00f3n en cine, televisi\u00f3n y audiovisual con su multidimensionalidad factorial, para construir tabuladores en costos de las tareas en las diversas \u00e1reas; exhortando a transparentarlos en la televisi\u00f3n p\u00fablica y armonizar la Ley Federal del Trabajo y leyes del sector cultural.<\/p>\n<p>Finalmente, en lo que respecta a las brechas salariales, se plantea reducir la brecha respetando las condiciones exigidas, tope en los horarios regulando jornadas de no m\u00e1s de 12 horas de trabajo por d\u00eda de rodaje, tabuladores por puesto, a partir de las responsabilidades que implica y las necesidades personales (seguro m\u00e9dico, jubilaci\u00f3n, etc.) y en lo que ata\u00f1e a las plataformas de streaming, buscar que las casas productoras cuiden a su equipo y elaboren presupuestos con perspectiva de g\u00e9nero.<\/p>\n<p>En atenci\u00f3n a las violencias en la industria cinematogr\u00e1fica, se presenta la necesidad imperante de implementar protocolos con perspectiva de g\u00e9nero para abordar pr\u00e1cticas de sexualizaci\u00f3n arraigadas en diversas industrias, destacando la persistencia de \u201ccontratos\u201d sexuales que deben ser identificados y enunciados de manera clara y es crucial priorizar la salud mental y f\u00edsica de la comunidad participante, fomentando un espacio abierto para la cr\u00edtica y la discusi\u00f3n, promoviendo as\u00ed el ejercicio \u00e9tico y la aplicaci\u00f3n de derechos humanos fundamentales.<\/p>\n<p>Se invita a las y los trabajadores del sector audiovisual a participar en la encuesta que estar\u00e1 disponible hasta el 17 de diciembre y se reanudar\u00e1 a partir del 8 de enero y hasta el 8 de marzo del 2024 en el enlace:\u00a0<a href=\"https:\/\/trabajoycine.surveycto.com\/collect\/trabajoycine_04122023?caseid\">https:\/\/trabajoycine.surveycto.com\/collect\/trabajoycine_04122023?caseid<\/a>=<\/p>\n<p>Al cierre, se invit\u00f3 a las y los representantes de las instituciones a realizar la firma simb\u00f3lica de la Declaratoria de acuerdos, manifestando su inter\u00e9s y compromiso en disminuir y erradicar las violencias hacia las mujeres en cualquiera de sus formas, en raz\u00f3n de sus competencias, posibilidades y alcances.<\/p>\n<p>La oferta en l\u00ednea de la Secretar\u00eda de Cultura de la Ciudad de M\u00e9xico se puede conocer en su p\u00e1gina oficial (<a href=\"https:\/\/cultura.cdmx.gob.mx\/\">https:\/\/cultura.cdmx.gob.mx\/<\/a>), en la plataforma digital Capital Cultural en Nuestra Casa y a trav\u00e9s de sus cuentas oficiales de Facebook, Instagram, Twitter y en su canal de YouTube.<\/p>\n<div dir=\"auto\"><a class=\"x1i10hfl xjbqb8w x6umtig x1b1mbwd xaqea5y xav7gou x9f619 x1ypdohk xt0psk2 xe8uvvx xdj266r x11i5rnm xat24cr x1mh8g0r xexx8yu x4uap5 x18d9i69 xkhd6sd x16tdsg8 x1hl2dhg xggy1nq x1a2a7pz xt0b8zv x1qq9wsj xo1l8bm\" tabindex=\"0\" role=\"link\" href=\"https:\/\/www.facebook.com\/hashtag\/secretariadeculturacdmx?__eep__=6&amp;__cft__[0]=AZV-ILPhjgPV8r48WcrUkSCzUi7Jc103lK_PQZ-Mgh9BKiSQTHvMK4hEh9gqWYQj3gSLXnOaOcsg67ldFw8A1WjfcAxx9rn71Dg53VCEwUClE6jqnLyBK5n-MTVncehA23g&amp;__tn__=*NK-R\">#secretariadeculturacdmx<\/a><\/div>\n<div dir=\"auto\"><a class=\"x1i10hfl xjbqb8w x6umtig x1b1mbwd xaqea5y xav7gou x9f619 x1ypdohk xt0psk2 xe8uvvx xdj266r x11i5rnm xat24cr x1mh8g0r xexx8yu x4uap5 x18d9i69 xkhd6sd x16tdsg8 x1hl2dhg xggy1nq x1a2a7pz xt0b8zv x1qq9wsj xo1l8bm\" tabindex=\"0\" role=\"link\" href=\"https:\/\/www.facebook.com\/hashtag\/bitacoracdmx?__eep__=6&amp;__cft__[0]=AZV-ILPhjgPV8r48WcrUkSCzUi7Jc103lK_PQZ-Mgh9BKiSQTHvMK4hEh9gqWYQj3gSLXnOaOcsg67ldFw8A1WjfcAxx9rn71Dg53VCEwUClE6jqnLyBK5n-MTVncehA23g&amp;__tn__=*NK-R\">#bitacoracdmx<\/a><\/div>\n<p>[\/fusion_text][fusion_imageframe image_id=&#8221;54599|medium&#8221; max_width=&#8221;&#8221; style_type=&#8221;&#8221; blur=&#8221;&#8221; stylecolor=&#8221;&#8221; hover_type=&#8221;none&#8221; bordersize=&#8221;&#8221; bordercolor=&#8221;&#8221; borderradius=&#8221;&#8221; align=&#8221;none&#8221; lightbox=&#8221;no&#8221; gallery_id=&#8221;&#8221; lightbox_image=&#8221;&#8221; lightbox_image_id=&#8221;&#8221; alt=&#8221;&#8221; link=&#8221;&#8221; linktarget=&#8221;_self&#8221; hide_on_mobile=&#8221;small-visibility,medium-visibility,large-visibility&#8221; class=&#8221;&#8221; id=&#8221;&#8221; animation_type=&#8221;&#8221; animation_direction=&#8221;left&#8221; animation_speed=&#8221;0.3&#8243; animation_offset=&#8221;&#8221;]https:\/\/www.bitacoracdmx.com\/wp-content\/uploads\/2023\/12\/WhatsApp-Image-2023-12-08-at-5.02.44-PM-300&#215;185.jpeg[\/fusion_imageframe][\/fusion_builder_column][\/fusion_builder_row][\/fusion_builder_container]<\/p>\n","protected":false},"excerpt":{"rendered":"<p>[fusion_builder_container hundred_percent=&#8221;no&#8221; equal_height_columns=&#8221;no&#8221; menu_anchor=&#8221;&#8221; hide_on_mobile=&#8221;small-visibility,medium-visibility,large-visibility&#8221; class=&#8221;&#8221; id=&#8221;&#8221; background_color=&#8221;&#8221; background_image=&#8221;&#8221; background_position=&#8221;center center&#8221; background_repeat=&#8221;no-repeat&#8221; fade=&#8221;no&#8221; background_parallax=&#8221;none&#8221; parallax_speed=&#8221;0.3&#8243; video_mp4=&#8221;&#8221; video_webm=&#8221;&#8221; video_ogv=&#8221;&#8221; video_url=&#8221;&#8221; video_aspect_ratio=&#8221;16:9&#8243; video_loop=&#8221;yes&#8221; video_mute=&#8221;yes&#8221; overlay_color=&#8221;&#8221; video_preview_image=&#8221;&#8221; border_size=&#8221;&#8221; border_color=&#8221;&#8221; border_style=&#8221;solid&#8221; padding_top=&#8221;&#8221; padding_bottom=&#8221;&#8221; padding_left=&#8221;&#8221; padding_right=&#8221;&#8221;][fusion_builder_row][fusion_builder_column type=&#8221;1_1&#8243; layout=&#8221;1_1&#8243; background_position=&#8221;left top&#8221; background_color=&#8221;&#8221; border_size=&#8221;&#8221; border_color=&#8221;&#8221; border_style=&#8221;solid&#8221; border_position=&#8221;all&#8221; spacing=&#8221;yes&#8221; background_image=&#8221;&#8221; background_repeat=&#8221;no-repeat&#8221; padding_top=&#8221;&#8221; padding_right=&#8221;&#8221; padding_bottom=&#8221;&#8221; padding_left=&#8221;&#8221; margin_top=&#8221;0px&#8221; margin_bottom=&#8221;0px&#8221; class=&#8221;&#8221; id=&#8221;&#8221; animation_type=&#8221;&#8221; animation_speed=&#8221;0.3&#8243; animation_direction=&#8221;left&#8221; hide_on_mobile=&#8221;small-visibility,medium-visibility,large-visibility&#8221; center_content=&#8221;no&#8221; last=&#8221;no&#8221; min_height=&#8221;&#8221; hover_type=&#8221;none&#8221; link=&#8221;&#8221;][fusion_text] REDACCI\u00d3N \u25cf Durante el Foro Contra las Violencias Laborales en la Industria Cinematogr\u00e1fica de la CDMX en el marco de la campa\u00f1a &#8220;16 D\u00edas de Activismo contra la Violencia de G\u00e9nero&#8221;, 12 entidades y organizaciones refrendaron su compromiso para prevenir [&hellip;]<\/p>\n","protected":false},"author":1,"featured_media":54599,"comment_status":"open","ping_status":"open","sticky":false,"template":"","format":"standard","meta":{"footnotes":""},"categories":[3,4,9],"tags":[],"_links":{"self":[{"href":"https:\/\/www.bitacoracdmx.com\/index.php?rest_route=\/wp\/v2\/posts\/54598"}],"collection":[{"href":"https:\/\/www.bitacoracdmx.com\/index.php?rest_route=\/wp\/v2\/posts"}],"about":[{"href":"https:\/\/www.bitacoracdmx.com\/index.php?rest_route=\/wp\/v2\/types\/post"}],"author":[{"embeddable":true,"href":"https:\/\/www.bitacoracdmx.com\/index.php?rest_route=\/wp\/v2\/users\/1"}],"replies":[{"embeddable":true,"href":"https:\/\/www.bitacoracdmx.com\/index.php?rest_route=%2Fwp%2Fv2%2Fcomments&post=54598"}],"version-history":[{"count":1,"href":"https:\/\/www.bitacoracdmx.com\/index.php?rest_route=\/wp\/v2\/posts\/54598\/revisions"}],"predecessor-version":[{"id":54600,"href":"https:\/\/www.bitacoracdmx.com\/index.php?rest_route=\/wp\/v2\/posts\/54598\/revisions\/54600"}],"wp:featuredmedia":[{"embeddable":true,"href":"https:\/\/www.bitacoracdmx.com\/index.php?rest_route=\/wp\/v2\/media\/54599"}],"wp:attachment":[{"href":"https:\/\/www.bitacoracdmx.com\/index.php?rest_route=%2Fwp%2Fv2%2Fmedia&parent=54598"}],"wp:term":[{"taxonomy":"category","embeddable":true,"href":"https:\/\/www.bitacoracdmx.com\/index.php?rest_route=%2Fwp%2Fv2%2Fcategories&post=54598"},{"taxonomy":"post_tag","embeddable":true,"href":"https:\/\/www.bitacoracdmx.com\/index.php?rest_route=%2Fwp%2Fv2%2Ftags&post=54598"}],"curies":[{"name":"wp","href":"https:\/\/api.w.org\/{rel}","templated":true}]}}