{"id":54601,"date":"2023-12-12T04:44:51","date_gmt":"2023-12-12T04:44:51","guid":{"rendered":"https:\/\/www.bitacoracdmx.com\/?p=54601"},"modified":"2023-12-12T04:44:51","modified_gmt":"2023-12-12T04:44:51","slug":"reune-orquesta-filarmonica-de-la-ciudad-de-mexico-a-20-mil-personas-en-concierto-navideno-en-el-zocalo","status":"publish","type":"post","link":"https:\/\/www.bitacoracdmx.com\/?p=54601","title":{"rendered":"Re\u00fane ORQUESTA FILARM\u00d3NICA de la CIUDAD DE M\u00c9XICO a 20 mil personas en CONCIERTO NAVIDE\u00d1O en el Z\u00d3CALO"},"content":{"rendered":"<p>[fusion_builder_container hundred_percent=&#8221;no&#8221; equal_height_columns=&#8221;no&#8221; menu_anchor=&#8221;&#8221; hide_on_mobile=&#8221;small-visibility,medium-visibility,large-visibility&#8221; class=&#8221;&#8221; id=&#8221;&#8221; background_color=&#8221;&#8221; background_image=&#8221;&#8221; background_position=&#8221;center center&#8221; background_repeat=&#8221;no-repeat&#8221; fade=&#8221;no&#8221; background_parallax=&#8221;none&#8221; parallax_speed=&#8221;0.3&#8243; video_mp4=&#8221;&#8221; video_webm=&#8221;&#8221; video_ogv=&#8221;&#8221; video_url=&#8221;&#8221; video_aspect_ratio=&#8221;16:9&#8243; video_loop=&#8221;yes&#8221; video_mute=&#8221;yes&#8221; overlay_color=&#8221;&#8221; video_preview_image=&#8221;&#8221; border_size=&#8221;&#8221; border_color=&#8221;&#8221; border_style=&#8221;solid&#8221; padding_top=&#8221;&#8221; padding_bottom=&#8221;&#8221; padding_left=&#8221;&#8221; padding_right=&#8221;&#8221;][fusion_builder_row][fusion_builder_column type=&#8221;1_1&#8243; layout=&#8221;1_1&#8243; background_position=&#8221;left top&#8221; background_color=&#8221;&#8221; border_size=&#8221;&#8221; border_color=&#8221;&#8221; border_style=&#8221;solid&#8221; border_position=&#8221;all&#8221; spacing=&#8221;yes&#8221; background_image=&#8221;&#8221; background_repeat=&#8221;no-repeat&#8221; padding_top=&#8221;&#8221; padding_right=&#8221;&#8221; padding_bottom=&#8221;&#8221; padding_left=&#8221;&#8221; margin_top=&#8221;0px&#8221; margin_bottom=&#8221;0px&#8221; class=&#8221;&#8221; id=&#8221;&#8221; animation_type=&#8221;&#8221; animation_speed=&#8221;0.3&#8243; animation_direction=&#8221;left&#8221; hide_on_mobile=&#8221;small-visibility,medium-visibility,large-visibility&#8221; center_content=&#8221;no&#8221; last=&#8221;no&#8221; min_height=&#8221;&#8221; hover_type=&#8221;none&#8221; link=&#8221;&#8221;][fusion_text]<\/p>\n<p>REDACCI\u00d3N<\/p>\n<p>\u25cf Bajo la direcci\u00f3n hu\u00e9sped del maestro Enrique Patr\u00f3n de Rueda, fueron interpretadas piezas de las suites de El Lago de los Cisnes y El Cascanueces de Piotr Ilich Chaikovski, adem\u00e1s de Un festival de Navidad y Paseo en Trineo del norteamericano Leroy Anderson<\/p>\n<p>\u25cf Con la iniciativa \u201cTu Orquesta en el Z\u00f3calo\u201d, se realiz\u00f3 una funci\u00f3n gratuita en la Plaza de la Constituci\u00f3n para acercar la m\u00fasica cl\u00e1sica a personas de todas las edades<\/p>\n<p>La\u00a0<strong>Orquesta Filarm\u00f3nica de la Ciudad de M\u00e9xico<\/strong>, perteneciente a la\u00a0<strong>Secretar\u00eda de Cultura local<\/strong>, concluy\u00f3 su\u00a0<strong>Temporada 2023<\/strong>\u00a0con un magno concierto en el Z\u00f3calo capitalino, ante m\u00e1s de 20 mil asistentes. M\u00e1s de 90 m\u00fasicos deleitaron con un programa especial con piezas navide\u00f1as ic\u00f3nicas de los compositores\u00a0<strong>Piotr Ilich Chaikovski<\/strong>y Leroy Anderson, bajo la direcci\u00f3n hu\u00e9sped del maestro\u00a0<strong>Enrique Patr\u00f3n de Rueda<\/strong>.<\/p>\n<p>\u201cBuenas noches, es un gusto estar con ustedes porque esta es su orquesta y se deben sentir muy orgullosos. Primero quiero dar un agradecimiento al Doctor Mart\u00ed Batres por su apoyo a la orquesta y sigan haciendo eventos as\u00ed. (\u2026) Tambi\u00e9n quiero agradecer a la secretaria de Cultura local, Claudia Curiel de Icaza, por todo este apoyo. \u00a1Que lo disfruten!\u201d, expres\u00f3 Patr\u00f3n de Rueda previo al inicio del recital.<\/p>\n<p>Mediante la iniciativa \u201cTu Orquesta en el Z\u00f3calo\u201d, que busca acercar la m\u00fasica cl\u00e1sica a personas de todas las edades, la agrupaci\u00f3n se present\u00f3 gratuitamente a las 18:00 horas en la plancha del Centro Hist\u00f3rico, donde los asistentes disfrutaron de la \u201cEscena 1\u201d, \u201cVals\u201d, \u201cDanza de los cisnes\u201d, \u201cEscena 22, \u201cDanza h\u00fangara (Czard\u00e1s)\u201d, \u201cDanza espa\u00f1ola\u201d, \u201cDanza napolitana\u201d y \u201cMazurka\u201d de\u00a0<em>El Lago de los Cisnes<\/em>, as\u00ed como del \u201cVals de las flores\u201d, \u201cDanza de los mirlitones\u201d, \u201cDanza del hada de az\u00facar\u201d, \u201cTrepak\u201d, \u201cDanza \u00e1rabe\u201d y \u201cDanza china\u201d, fragmentos de\u00a0<em>El Cascanueces<\/em>\u00a0del compositor ruso Chaikovski.<\/p>\n<p>Adem\u00e1s, el p\u00fablico local y nacional disfrut\u00f3 de Un festival de Navidad, que cont\u00f3 con arreglos de Angus Armstrong, as\u00ed como\u00a0<em>Paseo en Trineo<\/em>, del norteamericano Leroy Anderson, quien fue director hu\u00e9sped y asesor de diversas agrupaciones en Estados Unidos, Suecia y Canad\u00e1.<\/p>\n<p>La orquesta sorprendi\u00f3 al p\u00fablico con Huapango del compositor mexicano Jos\u00e9 Pablo Moncayo; la pieza fue ovacionada por la multitud, ya que es considerada como un segundo himno nacional mexicano; posteriormente, un popurr\u00ed de mambo hizo a bailar a los asistentes.<\/p>\n<p>El gran cierre de este magno concierto se dio con\u00a0<em>Noche de paz<\/em>, el c\u00e9lebre villancico del compositor austriaco Franz Xavier Gruber, coreada por la audiencia.<\/p>\n<p>Jorge Preciado, uno de los asistentes, mencion\u00f3 que le gusta la m\u00fasica decembrina y por ello acudi\u00f3 al Centro Hist\u00f3rico con sus familiares, para disfrutar del concierto. \u201cEs incre\u00edble, nunca nos hab\u00eda tocado vivir algo as\u00ed al aire libre. El ambiente hace que sientas m\u00e1s la Navidad. Lo padre es que est\u00e1 al alcance de todos, que incluso la gente que andaba caminando se qued\u00f3 para disfrutar. Yo vengo con mi familia y se me hace incre\u00edble compartir esto en un lugar tan hist\u00f3rico y tan mexicano\u201d, dijo.<\/p>\n<p>Nidia Luna Campos, quien presenci\u00f3 por segunda ocasi\u00f3n el concierto navide\u00f1o del Z\u00f3calo, comparti\u00f3 su sentir al escuchar a la Filarm\u00f3nica capitalina de forma gratuita. \u201cEstoy s\u00faper emocionada, a m\u00ed me encanta la orquesta. La m\u00fasica navide\u00f1a en el Z\u00f3calo es una joya. Los cl\u00e1sicos son algo que te llegan al alma, te nutre el esp\u00edritu. Es magia pura, vine el a\u00f1o pasado y tambi\u00e9n lo disfrut\u00e9 much\u00edsimo. Es un regalo de la Ciudad de M\u00e9xico para el pueblo, para la gente. La respuesta de la gente es maravillosa, estamos fascinados\u201d, coment\u00f3.<\/p>\n<p>La se\u00f1ora Evangelina Salinas, originaria de Sinaloa, lleg\u00f3 desde temprano junto con su esposo para disfrutar la presentaci\u00f3n en primera fila. \u201cMe fascina la Orquesta Filarm\u00f3nica, yo soy turista, me dijeron que iban a tocar hoy y no me la iba a perder. Al director ya lo hab\u00eda escuchado all\u00e1 en Sinaloa, fue una gran visita a la ciudad por este concierto. Me parece fant\u00e1stico que sean eventos gratuitos. Porque este tipo de eventos son caros y a veces no los podemos pagar\u201d, coment\u00f3.<\/p>\n<p>Egresado del Conservatorio Nacional, el London Opera Center, la Royal Academy of Music y el Morley College, Patr\u00f3n de Rueda se ha especializado en direcci\u00f3n oper\u00edstica y ha dirigido diversas grabaciones de este g\u00e9nero. En 1997 fue distinguido con el Premio Sinaloa de las Artes, m\u00e1ximo galard\u00f3n que se otorga a los creadores sinaloenses.<\/p>\n<p>Es uno de los m\u00e1s experimentados directores de \u00f3pera mexicanos de la actualidad y ha sido titular de Orquesta del Teatro de Bellas Artes, director art\u00edstico de la Compa\u00f1\u00eda Nacional de \u00d3pera, director art\u00edstico de la Temporada de \u00d3pera Concierto de la Filarm\u00f3nica de la Ciudad de M\u00e9xico y director art\u00edstico del Festival Cultural Sinaloa.<\/p>\n<p>Para conocer todas las actividades de la Secretar\u00eda de Cultura capitalina se puede consultar la Cartelera de la Ciudad de M\u00e9xico (<a href=\"https:\/\/cartelera.cdmx.gob.mx\/\">https:\/\/cartelera.cdmx.gob.mx\/<\/a>) y las redes sociales de la Secretar\u00eda de Cultura: Facebook, Twitter, Instagram y YouTube.<\/p>\n<div dir=\"auto\"><a class=\"x1i10hfl xjbqb8w x6umtig x1b1mbwd xaqea5y xav7gou x9f619 x1ypdohk xt0psk2 xe8uvvx xdj266r x11i5rnm xat24cr x1mh8g0r xexx8yu x4uap5 x18d9i69 xkhd6sd x16tdsg8 x1hl2dhg xggy1nq x1a2a7pz xt0b8zv x1qq9wsj xo1l8bm\" tabindex=\"0\" role=\"link\" href=\"https:\/\/www.facebook.com\/hashtag\/ofcm?__eep__=6&amp;__cft__[0]=AZVgbH8NNLdPcFnaf4NkDOSjaj13-gQq5YOBjg1lgrVF0Rfg4l2-QkwVMGsrygD0bDmWm6ABocUTfAUo7Vayi3qNIxTRFJd3FFhqA-J4LO8QIZiMADRweDgVejcAbAF6tTKvfEsPqi3hgH4gEMbmkTKSYQfqbFugzBOQLcuWs26MUuugHu08ljez0Jdd7Y061yc&amp;__tn__=*NK-R\">#OFCM<\/a><\/div>\n<div dir=\"auto\"><a class=\"x1i10hfl xjbqb8w x6umtig x1b1mbwd xaqea5y xav7gou x9f619 x1ypdohk xt0psk2 xe8uvvx xdj266r x11i5rnm xat24cr x1mh8g0r xexx8yu x4uap5 x18d9i69 xkhd6sd x16tdsg8 x1hl2dhg xggy1nq x1a2a7pz xt0b8zv x1qq9wsj xo1l8bm\" tabindex=\"0\" role=\"link\" href=\"https:\/\/www.facebook.com\/hashtag\/conciertonavide%C3%B1o?__eep__=6&amp;__cft__[0]=AZVgbH8NNLdPcFnaf4NkDOSjaj13-gQq5YOBjg1lgrVF0Rfg4l2-QkwVMGsrygD0bDmWm6ABocUTfAUo7Vayi3qNIxTRFJd3FFhqA-J4LO8QIZiMADRweDgVejcAbAF6tTKvfEsPqi3hgH4gEMbmkTKSYQfqbFugzBOQLcuWs26MUuugHu08ljez0Jdd7Y061yc&amp;__tn__=*NK-R\">#ConciertoNavide\u00f1o<\/a><\/div>\n<div dir=\"auto\"><a class=\"x1i10hfl xjbqb8w x6umtig x1b1mbwd xaqea5y xav7gou x9f619 x1ypdohk xt0psk2 xe8uvvx xdj266r x11i5rnm xat24cr x1mh8g0r xexx8yu x4uap5 x18d9i69 xkhd6sd x16tdsg8 x1hl2dhg xggy1nq x1a2a7pz xt0b8zv x1qq9wsj xo1l8bm\" tabindex=\"0\" role=\"link\" href=\"https:\/\/www.facebook.com\/hashtag\/zocalocdmx?__eep__=6&amp;__cft__[0]=AZVgbH8NNLdPcFnaf4NkDOSjaj13-gQq5YOBjg1lgrVF0Rfg4l2-QkwVMGsrygD0bDmWm6ABocUTfAUo7Vayi3qNIxTRFJd3FFhqA-J4LO8QIZiMADRweDgVejcAbAF6tTKvfEsPqi3hgH4gEMbmkTKSYQfqbFugzBOQLcuWs26MUuugHu08ljez0Jdd7Y061yc&amp;__tn__=*NK-R\">#zocalocdmx<\/a><\/div>\n<div dir=\"auto\"><a class=\"x1i10hfl xjbqb8w x6umtig x1b1mbwd xaqea5y xav7gou x9f619 x1ypdohk xt0psk2 xe8uvvx xdj266r x11i5rnm xat24cr x1mh8g0r xexx8yu x4uap5 x18d9i69 xkhd6sd x16tdsg8 x1hl2dhg xggy1nq x1a2a7pz xt0b8zv x1qq9wsj xo1l8bm\" tabindex=\"0\" role=\"link\" href=\"https:\/\/www.facebook.com\/hashtag\/secretariadeculturacdmx?__eep__=6&amp;__cft__[0]=AZVgbH8NNLdPcFnaf4NkDOSjaj13-gQq5YOBjg1lgrVF0Rfg4l2-QkwVMGsrygD0bDmWm6ABocUTfAUo7Vayi3qNIxTRFJd3FFhqA-J4LO8QIZiMADRweDgVejcAbAF6tTKvfEsPqi3hgH4gEMbmkTKSYQfqbFugzBOQLcuWs26MUuugHu08ljez0Jdd7Y061yc&amp;__tn__=*NK-R\">#secretariadeculturacdmx<\/a><\/div>\n<div dir=\"auto\"><a class=\"x1i10hfl xjbqb8w x6umtig x1b1mbwd xaqea5y xav7gou x9f619 x1ypdohk xt0psk2 xe8uvvx xdj266r x11i5rnm xat24cr x1mh8g0r xexx8yu x4uap5 x18d9i69 xkhd6sd x16tdsg8 x1hl2dhg xggy1nq x1a2a7pz xt0b8zv x1qq9wsj xo1l8bm\" tabindex=\"0\" role=\"link\" href=\"https:\/\/www.facebook.com\/hashtag\/bitacoracdmx?__eep__=6&amp;__cft__[0]=AZVgbH8NNLdPcFnaf4NkDOSjaj13-gQq5YOBjg1lgrVF0Rfg4l2-QkwVMGsrygD0bDmWm6ABocUTfAUo7Vayi3qNIxTRFJd3FFhqA-J4LO8QIZiMADRweDgVejcAbAF6tTKvfEsPqi3hgH4gEMbmkTKSYQfqbFugzBOQLcuWs26MUuugHu08ljez0Jdd7Y061yc&amp;__tn__=*NK-R\">#bitacoracdmx<\/a><\/div>\n<p>[\/fusion_text][\/fusion_builder_column][\/fusion_builder_row][\/fusion_builder_container]<\/p>\n","protected":false},"excerpt":{"rendered":"<p>[fusion_builder_container hundred_percent=&#8221;no&#8221; equal_height_columns=&#8221;no&#8221; menu_anchor=&#8221;&#8221; hide_on_mobile=&#8221;small-visibility,medium-visibility,large-visibility&#8221; class=&#8221;&#8221; id=&#8221;&#8221; background_color=&#8221;&#8221; background_image=&#8221;&#8221; background_position=&#8221;center center&#8221; background_repeat=&#8221;no-repeat&#8221; fade=&#8221;no&#8221; background_parallax=&#8221;none&#8221; parallax_speed=&#8221;0.3&#8243; video_mp4=&#8221;&#8221; video_webm=&#8221;&#8221; video_ogv=&#8221;&#8221; video_url=&#8221;&#8221; video_aspect_ratio=&#8221;16:9&#8243; video_loop=&#8221;yes&#8221; video_mute=&#8221;yes&#8221; overlay_color=&#8221;&#8221; video_preview_image=&#8221;&#8221; border_size=&#8221;&#8221; border_color=&#8221;&#8221; border_style=&#8221;solid&#8221; padding_top=&#8221;&#8221; padding_bottom=&#8221;&#8221; padding_left=&#8221;&#8221; padding_right=&#8221;&#8221;][fusion_builder_row][fusion_builder_column type=&#8221;1_1&#8243; layout=&#8221;1_1&#8243; background_position=&#8221;left top&#8221; background_color=&#8221;&#8221; border_size=&#8221;&#8221; border_color=&#8221;&#8221; border_style=&#8221;solid&#8221; border_position=&#8221;all&#8221; spacing=&#8221;yes&#8221; background_image=&#8221;&#8221; background_repeat=&#8221;no-repeat&#8221; padding_top=&#8221;&#8221; padding_right=&#8221;&#8221; padding_bottom=&#8221;&#8221; padding_left=&#8221;&#8221; margin_top=&#8221;0px&#8221; margin_bottom=&#8221;0px&#8221; class=&#8221;&#8221; id=&#8221;&#8221; animation_type=&#8221;&#8221; animation_speed=&#8221;0.3&#8243; animation_direction=&#8221;left&#8221; hide_on_mobile=&#8221;small-visibility,medium-visibility,large-visibility&#8221; center_content=&#8221;no&#8221; last=&#8221;no&#8221; min_height=&#8221;&#8221; hover_type=&#8221;none&#8221; link=&#8221;&#8221;][fusion_text] REDACCI\u00d3N \u25cf Bajo la direcci\u00f3n hu\u00e9sped del maestro Enrique Patr\u00f3n de Rueda, fueron interpretadas piezas de las suites de El Lago de los Cisnes y El Cascanueces de Piotr Ilich Chaikovski, adem\u00e1s de Un festival de Navidad y Paseo en [&hellip;]<\/p>\n","protected":false},"author":1,"featured_media":54602,"comment_status":"open","ping_status":"open","sticky":false,"template":"","format":"standard","meta":{"footnotes":""},"categories":[9,11],"tags":[],"_links":{"self":[{"href":"https:\/\/www.bitacoracdmx.com\/index.php?rest_route=\/wp\/v2\/posts\/54601"}],"collection":[{"href":"https:\/\/www.bitacoracdmx.com\/index.php?rest_route=\/wp\/v2\/posts"}],"about":[{"href":"https:\/\/www.bitacoracdmx.com\/index.php?rest_route=\/wp\/v2\/types\/post"}],"author":[{"embeddable":true,"href":"https:\/\/www.bitacoracdmx.com\/index.php?rest_route=\/wp\/v2\/users\/1"}],"replies":[{"embeddable":true,"href":"https:\/\/www.bitacoracdmx.com\/index.php?rest_route=%2Fwp%2Fv2%2Fcomments&post=54601"}],"version-history":[{"count":1,"href":"https:\/\/www.bitacoracdmx.com\/index.php?rest_route=\/wp\/v2\/posts\/54601\/revisions"}],"predecessor-version":[{"id":54603,"href":"https:\/\/www.bitacoracdmx.com\/index.php?rest_route=\/wp\/v2\/posts\/54601\/revisions\/54603"}],"wp:featuredmedia":[{"embeddable":true,"href":"https:\/\/www.bitacoracdmx.com\/index.php?rest_route=\/wp\/v2\/media\/54602"}],"wp:attachment":[{"href":"https:\/\/www.bitacoracdmx.com\/index.php?rest_route=%2Fwp%2Fv2%2Fmedia&parent=54601"}],"wp:term":[{"taxonomy":"category","embeddable":true,"href":"https:\/\/www.bitacoracdmx.com\/index.php?rest_route=%2Fwp%2Fv2%2Fcategories&post=54601"},{"taxonomy":"post_tag","embeddable":true,"href":"https:\/\/www.bitacoracdmx.com\/index.php?rest_route=%2Fwp%2Fv2%2Ftags&post=54601"}],"curies":[{"name":"wp","href":"https:\/\/api.w.org\/{rel}","templated":true}]}}