{"id":54642,"date":"2023-12-18T04:48:56","date_gmt":"2023-12-18T04:48:56","guid":{"rendered":"https:\/\/www.bitacoracdmx.com\/?p=54642"},"modified":"2023-12-18T04:48:56","modified_gmt":"2023-12-18T04:48:56","slug":"clausura-imss-eventos-conmemorativos-de-sus-80-anos-de-historia-con-exposicion-unica-en-el-aeropuerto","status":"publish","type":"post","link":"https:\/\/www.bitacoracdmx.com\/?p=54642","title":{"rendered":"Clausura IMSS eventos conmemorativos de sus 80 a\u00f1os de historia   con exposici\u00f3n \u00fanica en el Aeropuerto"},"content":{"rendered":"<p>[fusion_builder_container hundred_percent=&#8221;no&#8221; equal_height_columns=&#8221;no&#8221; menu_anchor=&#8221;&#8221; hide_on_mobile=&#8221;small-visibility,medium-visibility,large-visibility&#8221; class=&#8221;&#8221; id=&#8221;&#8221; background_color=&#8221;&#8221; background_image=&#8221;&#8221; background_position=&#8221;center center&#8221; background_repeat=&#8221;no-repeat&#8221; fade=&#8221;no&#8221; background_parallax=&#8221;none&#8221; parallax_speed=&#8221;0.3&#8243; video_mp4=&#8221;&#8221; video_webm=&#8221;&#8221; video_ogv=&#8221;&#8221; video_url=&#8221;&#8221; video_aspect_ratio=&#8221;16:9&#8243; video_loop=&#8221;yes&#8221; video_mute=&#8221;yes&#8221; overlay_color=&#8221;&#8221; video_preview_image=&#8221;&#8221; border_size=&#8221;&#8221; border_color=&#8221;&#8221; border_style=&#8221;solid&#8221; padding_top=&#8221;&#8221; padding_bottom=&#8221;&#8221; padding_left=&#8221;&#8221; padding_right=&#8221;&#8221;][fusion_builder_row][fusion_builder_column type=&#8221;1_1&#8243; layout=&#8221;1_1&#8243; background_position=&#8221;left top&#8221; background_color=&#8221;&#8221; border_size=&#8221;&#8221; border_color=&#8221;&#8221; border_style=&#8221;solid&#8221; border_position=&#8221;all&#8221; spacing=&#8221;yes&#8221; background_image=&#8221;&#8221; background_repeat=&#8221;no-repeat&#8221; padding_top=&#8221;&#8221; padding_right=&#8221;&#8221; padding_bottom=&#8221;&#8221; padding_left=&#8221;&#8221; margin_top=&#8221;0px&#8221; margin_bottom=&#8221;0px&#8221; class=&#8221;&#8221; id=&#8221;&#8221; animation_type=&#8221;&#8221; animation_speed=&#8221;0.3&#8243; animation_direction=&#8221;left&#8221; hide_on_mobile=&#8221;small-visibility,medium-visibility,large-visibility&#8221; center_content=&#8221;no&#8221; last=&#8221;no&#8221; min_height=&#8221;&#8221; hover_type=&#8221;none&#8221; link=&#8221;&#8221;][fusion_text]<\/p>\n<p>REDACCI\u00d3N<\/p>\n<p>\u00b7 <b>El director de Operaci\u00f3n y Evaluaci\u00f3n del Seguro Social, Javier Guerrero Garc\u00eda, indic\u00f3 que celebrar ocho d\u00e9cadas de esta noble instituci\u00f3n es un orgullo que debe compartirse.<\/b><\/p>\n<p>\u00b7 <b>La doctora C\u00e9lida Duque Molina, directora de Prestaciones M\u00e9dicas, destac\u00f3 que el \u00e1rea m\u00e9dica lanz\u00f3 el programa de investigaci\u00f3n traslacional de diagn\u00f3stico de c\u00e1ncer infantil.<\/b><\/p>\n<p>\u00b7 <b>La secretaria de Salud capitalina, doctora Oliva L\u00f3pez Arellano, dijo que se trabaja en una transformaci\u00f3n del sistema de salud para encaminar la construcci\u00f3n del IMSS Bienestar.<\/b><\/p>\n<p>\u00b7 <b>Se expone por primera vez al p\u00fablico la m\u00e1quina de escribir de Ignacio Garc\u00eda T\u00e9llez,\u00a0 ex director general del IMSS, quien redactar\u00e1 la primera propuesta de la Ley de Seguridad Social.<\/b><\/p>\n<p class=\"x_MsoNormal\"><span lang=\"ES-TRAD\">El Instituto Mexicano del Seguro Social (IMSS) clausur\u00f3 los eventos de conmemoraci\u00f3n de sus 80 a\u00f1os de historia con una serie de exhibiciones que incluyen:<\/span><\/p>\n<p class=\"x_MsoNormal\"><span lang=\"ES-TRAD\">\u00a0<\/span><span lang=\"ES-TRAD\">La Exposici\u00f3n itinerante IMSS: 80 fotograf\u00edas, 80 historias&#8221;, una muestra de libros ic\u00f3nicos del Instituto, muestras de artes realizadas por el Centro de Artesan\u00edas de la Unidad Independencia y m\u00e1quina de escribir del Lic. Ignacio Garc\u00eda T\u00e9llez, quien fuera secretario particular de L\u00e1zaro C\u00e1rdenas, el primer secretario del trabajo y previsi\u00f3n social de M\u00e9xico y el segundo director general del Seguro Social.<\/span><\/p>\n<p class=\"x_MsoNormal\"><span lang=\"ES-TRAD\">\u00a0<\/span><span lang=\"ES-TRAD\">Esta exposici\u00f3n estar\u00e1 abierta al p\u00fablico del 14 de diciembre de 2023 al 26 de enero de 2024, en la Terminal 1 del Aeropuerto Internacional Benito Ju\u00e1rez.<\/span><\/p>\n<p class=\"x_MsoNormal\"><span lang=\"ES-TRAD\">\u00a0<\/span><span lang=\"ES-TRAD\">En ella se podr\u00e1n observar 80 fotograf\u00edas hist\u00f3ricas de los 80 a\u00f1os del Seguro Social y apreciar la transformaci\u00f3n de la instituci\u00f3n y su acompa\u00f1amiento con la poblaci\u00f3n mexicana.<\/span><\/p>\n<p class=\"x_MsoNormal\"><span lang=\"ES-TRAD\">\u00a0<\/span><span lang=\"ES-TRAD\">El corte de list\u00f3n de la Sala de exposiciones fue encabezado por el director de Operaci\u00f3n y Evaluaci\u00f3n, Javier Guerrero Garc\u00eda, en representaci\u00f3n del director general del Seguro Social, Zo\u00e9 Robledo.<\/span><\/p>\n<p class=\"x_MsoNormal\"><span lang=\"ES-TRAD\">\u00a0<\/span><span lang=\"ES-TRAD\">Durante el acto, indic\u00f3 que celebrar ocho d\u00e9cadas de esta noble instituci\u00f3n de seguridad social es un orgullo que debe compartirse y m\u00e1s porque se encuentra en un proceso de reforma que ordena su naturaleza de constituci\u00f3n p\u00fablica, reivindica sus or\u00edgenes, sus objetivos sociales y la percepci\u00f3n que de ella tienen los ciudadanos.<\/span><\/p>\n<p class=\"x_MsoNormal\"><span lang=\"ES-TRAD\">\u00a0<\/span><span lang=\"ES-TRAD\">&#8220;Mostrar este festejo de 80 a\u00f1os del Instituto Mexicano del Seguro Social no es hablar de un aniversario m\u00e1s, es ver c\u00f3mo evoluciona una instituci\u00f3n y c\u00f3mo se ha consolidado su car\u00e1cter de ser el organismo p\u00fablico de seguridad social m\u00e1s importante de Am\u00e9rica Latina y uno de los m\u00e1s importantes en el \u00e1mbito internacional&#8221;, destac\u00f3.<\/span><\/p>\n<p class=\"x_MsoNormal\"><span lang=\"ES-TRAD\">\u00a0<\/span><span lang=\"ES-TRAD\">Guerrero Garc\u00eda dijo que estos festejos que se compartieron en todo el pa\u00eds, a trav\u00e9s de la memoria gr\u00e1fica de la evoluci\u00f3n del Instituto, no intentan resaltar personajes sino mostrar hechos, acciones, procesos y espacios institucionales que dan cuenta de este desarrollo.<\/span><\/p>\n<p class=\"x_MsoNormal\"><span lang=\"ES-TRAD\">\u00a0<\/span><span lang=\"ES-TRAD\">Agreg\u00f3 que la muestra exhibe lo que es y ha sido la instituci\u00f3n en atenci\u00f3n a la salud, en la protecci\u00f3n de espacios culturales, de la ni\u00f1ez para que las mujeres accedan a un desarrollo laboral y profesional, en el cuidado de las aportaciones tripartitas para garantizar pensiones y jubilaciones,<\/span><\/p>\n<p class=\"x_MsoNormal\"><span lang=\"ES-TRAD\">\u00a0<\/span><span lang=\"ES-TRAD\">Por su parte, la directora de Prestaciones M\u00e9dicas del IMSS, doctora C\u00e9lida Duque Molina, expres\u00f3 que a ocho d\u00e9cadas de la creaci\u00f3n del Instituto se han alcanzado diversos logros y cirug\u00edas que se realizaron por primera vez en nuestro pa\u00eds; en 2002 inici\u00f3 la estrategia PrevenIMSS, que ha fortalecido como nunca la atenci\u00f3n preventiva sobre la curativa; en 2013 surge C\u00f3digo Infarto, y posteriormente el uso de Tecnolog\u00edas de la Informaci\u00f3n como CHKT en L\u00ednea.<\/span><\/p>\n<p class=\"x_MsoNormal\"><span lang=\"ES-TRAD\">\u00a0<\/span><span lang=\"ES-TRAD\">Destac\u00f3 que en conmemoraci\u00f3n de los 80 a\u00f1os del IMSS, el \u00e1rea m\u00e9dica lanz\u00f3 el primer programa de investigaci\u00f3n traslacional para beneficiar a poblaci\u00f3n infantil con diagn\u00f3stico de c\u00e1ncer; se present\u00f3 el modelo de Hospitales Seguros, Sostenibles, Inclusivos y con Seguridad Sanitaria.<\/span><\/p>\n<p class=\"x_MsoNormal\"><span lang=\"ES-TRAD\">\u00a0<\/span><span lang=\"ES-TRAD\">Adem\u00e1s, dijo, se cre\u00f3 la primera Coordinaci\u00f3n T\u00e9cnica de Enfermer\u00eda y de Atenci\u00f3n en Salud Mental; se cuenta con 95 salas de prelabor donde se han atendido a m\u00e1s de 60 mil mujeres; adem\u00e1s de fortalecer los trasplantes de ri\u00f1\u00f3n, coraz\u00f3n y pulm\u00f3n, entre otras acciones. \u201cEn el IMSS trabajamos m\u00e1s que nunca centrando la atenci\u00f3n en las personas, en los derechohabientes; seguiremos creando, innovando y transformando para llegar a 80 a\u00f1os m\u00e1s\u201d.<\/span><\/p>\n<p class=\"x_MsoNormal\"><span lang=\"ES-TRAD\">\u00a0<\/span><span lang=\"ES-TRAD\">En su mensaje, la titular de la Secretar\u00eda de Salud de la Ciudad de M\u00e9xico, doctora Oliva L\u00f3pez Arellano, indic\u00f3 que el IMSS ha estado en los momentos de fragilidad de la vida, produce salud y su accionar a trav\u00e9s de deportivos, teatros y trabajo en comunidades permite mostrar que el derecho a la salud es complejo, que se garantiza produciendo salud en los territorios y en los espacios donde las personas viven, transitan y desarrollan su trabajo.<\/span><\/p>\n<p class=\"x_MsoNormal\"><span lang=\"ES-TRAD\">\u00a0<\/span><span lang=\"ES-TRAD\">Coment\u00f3 que actualmente se trabaja en una transformaci\u00f3n radical del sistema de salud y permitir\u00e1 encaminar la construcci\u00f3n del IMSS Bienestar para garantizar un sistema unificado de salud. &#8220;Celebramos nuestro quehacer, celebramos la cercan\u00eda con el IMSS, celebramos la conformaci\u00f3n del IMS bienestar y celebramos tambi\u00e9n el accionar de la Secretar\u00eda de Salud del gobierno local&#8221;, agreg\u00f3.<\/span><\/p>\n<p class=\"x_MsoNormal\"><span lang=\"ES-TRAD\">\u00a0<\/span><span lang=\"ES-TRAD\">En tanto, el titular de la Representaci\u00f3n del IMSS en Ciudad de M\u00e9xico Sur, Luis Rafael L\u00f3pez Oca\u00f1a, reconoci\u00f3 que con el apoyo de la secretaria de Salud, Oliva L\u00f3pez, se han transferido 34 hospitales y m\u00e1s de 250 unidades de Primer Nivel al \u00d3rgano P\u00fablico Descentralizado (OPD) IMSS Bienestar.<\/span><\/p>\n<p class=\"x_MsoNormal\"><span lang=\"ES-TRAD\">\u00a0<\/span><span lang=\"ES-TRAD\">Resalt\u00f3 que a trav\u00e9s de esta exposici\u00f3n, el IMSS muestra en 80 fotograf\u00edas su evoluci\u00f3n y formaci\u00f3n que es ejemplo para otros pa\u00edses no solo en Am\u00e9rica Latina y Europa, mientras que para M\u00e9xico representa el acompa\u00f1amiento y protecci\u00f3n de los usuarios desde el nacimiento hasta la muerte.<\/span><\/p>\n<p class=\"x_MsoNormal\"><span lang=\"ES-TRAD\">\u00a0<\/span><span lang=\"ES-TRAD\">A su vez, el secretario t\u00e9cnico del Comit\u00e9 para los 80 a\u00f1os del IMSS, Jorge Marengo Camacho, hizo un amplio agradecimiento a las personas que hicieron posible la exposici\u00f3n por los 80 a\u00f1os del Instituto, y en particular a la visi\u00f3n de Zo\u00e9 Robledo, director general del IMSS; quien vislumbr\u00f3 este proyecto para dar a conocer el lugar en la historia que ocupa y se merece la instituci\u00f3n de seguridad social m\u00e1s importante de Am\u00e9rica Latina.<\/span><\/p>\n<p class=\"x_MsoNormal\"><span lang=\"ES-TRAD\">\u00a0<\/span><span lang=\"ES-TRAD\">Por primera ocasi\u00f3n se toc\u00f3 el himno del Seguro Social creado en 1957, a cargo del Capit\u00e1n Francisco Hern\u00e1ndez Ceballos, director de la Orquesta y Coro IMSS Esperanza Azteca &#8211; Independencia.<\/span><\/p>\n<p class=\"x_MsoNormal\"><span lang=\"ES-TRAD\">\u00a0<\/span><span lang=\"ES-TRAD\">Asistieron el coordinador de Proyectos Especiales en Salud y m\u00e9dico ilustre 2023 del IMSS, doctor Felipe Cruz Vega; la titular de la Coordinaci\u00f3n de Enfermer\u00eda, Fabiana Maribel Zepeda Arias; coordinadores y directores de unidades m\u00e9dicas, consejo consultivo, cuerpo de gobierno, personal M\u00e9dico, de Enfermer\u00eda, T\u00e9cnicas en Atenci\u00f3n y Orientaci\u00f3n al Derechohabiente, Operadores de Ambulancias, y Auxiliares de Higiene y Limpieza del OOAD del IMSS en Ciudad de M\u00e9xico Sur.<\/span><\/p>\n<p class=\"x_MsoNormal\"><span lang=\"ES-TRAD\">\u00a0<\/span><span lang=\"ES-TRAD\">A la par de la exposici\u00f3n se mont\u00f3 un nacimiento, obra realizada por los maestros del Centro de Artes Pl\u00e1sticas y Artesan\u00edas \u201cIndependencia\u201d del OOAD Ciudad de M\u00e9xico Sur, elaborado a base de madera y piel.<\/span><\/p>\n<p class=\"x_MsoNormal\"><span lang=\"ES-TRAD\">La exposici\u00f3n fotogr\u00e1fica muestra momentos fundamentales del Instituto como su actuaci\u00f3n en los sismos de 1985 y 2017, y datos curiosos como un avi\u00f3n que form\u00f3 parte de los transportes del IMSS, fotos de los medallistas ol\u00edmpicos en las Unidades deportivas, la primera enfermera del Seguro Social, el primer derechohabiente, entre otros datos hist\u00f3ricos.<\/span><\/p>\n<p class=\"x_MsoNormal\"><span lang=\"ES-TRAD\">Con esta actividad se da fin a un a\u00f1o de actividades que incluyeron una emisi\u00f3n de billetes de la Loter\u00eda Nacional, la cancelaci\u00f3n de timbre postal, publicaciones de libros, revistas, realizaci\u00f3n de congresos, develaci\u00f3n de placas hist\u00f3ricas, as\u00ed como la presentaci\u00f3n de libros. Adem\u00e1s de la exposici\u00f3n 80 fotograf\u00edas que tuvo cientos de miles de visitantes en el pa\u00eds, tambi\u00e9n se mont\u00f3 la exposici\u00f3n \u201cPasado, Presente y Porvenir\u201d en la estaci\u00f3n del Metro Pino Su\u00e1rez y la exposici\u00f3n \u201cPatrimonio, Trayectoria y Legados\u201d, que actualmente se encuentra expuesta en las rejas de Chapultepec hasta el 31 de diciembre.<\/span><\/p>\n<div dir=\"auto\"><a class=\"x1i10hfl xjbqb8w x6umtig x1b1mbwd xaqea5y xav7gou x9f619 x1ypdohk xt0psk2 xe8uvvx xdj266r x11i5rnm xat24cr x1mh8g0r xexx8yu x4uap5 x18d9i69 xkhd6sd x16tdsg8 x1hl2dhg xggy1nq x1a2a7pz xt0b8zv x1qq9wsj xo1l8bm\" tabindex=\"0\" role=\"link\" href=\"https:\/\/www.facebook.com\/hashtag\/imss?__eep__=6&amp;__cft__[0]=AZXJr82CQHul5NCfPYUI4pgkpBOQa2EBNL61e5LPDjKjqoDEox-xs1mPfVM-bSlmiCkNLxD1cL1a6f2omX-bLsqMhv-uojSdYg1AuMfI8FOAmGc56iXCnBLSOhOooFKakfQ&amp;__tn__=*NK-R\">#IMSS<\/a><\/div>\n<div dir=\"auto\"><a class=\"x1i10hfl xjbqb8w x6umtig x1b1mbwd xaqea5y xav7gou x9f619 x1ypdohk xt0psk2 xe8uvvx xdj266r x11i5rnm xat24cr x1mh8g0r xexx8yu x4uap5 x18d9i69 xkhd6sd x16tdsg8 x1hl2dhg xggy1nq x1a2a7pz xt0b8zv x1qq9wsj xo1l8bm\" tabindex=\"0\" role=\"link\" href=\"https:\/\/www.facebook.com\/hashtag\/bitacoracdmx?__eep__=6&amp;__cft__[0]=AZXJr82CQHul5NCfPYUI4pgkpBOQa2EBNL61e5LPDjKjqoDEox-xs1mPfVM-bSlmiCkNLxD1cL1a6f2omX-bLsqMhv-uojSdYg1AuMfI8FOAmGc56iXCnBLSOhOooFKakfQ&amp;__tn__=*NK-R\">#bitacoracdmx<\/a><\/div>\n<p>[\/fusion_text][fusion_imageframe image_id=&#8221;54643|medium&#8221; max_width=&#8221;&#8221; style_type=&#8221;&#8221; blur=&#8221;&#8221; stylecolor=&#8221;&#8221; hover_type=&#8221;none&#8221; bordersize=&#8221;&#8221; bordercolor=&#8221;&#8221; borderradius=&#8221;&#8221; align=&#8221;none&#8221; lightbox=&#8221;no&#8221; gallery_id=&#8221;&#8221; lightbox_image=&#8221;&#8221; lightbox_image_id=&#8221;&#8221; alt=&#8221;&#8221; link=&#8221;&#8221; linktarget=&#8221;_self&#8221; hide_on_mobile=&#8221;small-visibility,medium-visibility,large-visibility&#8221; class=&#8221;&#8221; id=&#8221;&#8221; animation_type=&#8221;&#8221; animation_direction=&#8221;left&#8221; animation_speed=&#8221;0.3&#8243; animation_offset=&#8221;&#8221;]https:\/\/www.bitacoracdmx.com\/wp-content\/uploads\/2023\/12\/187A2656-300&#215;200.jpg[\/fusion_imageframe][\/fusion_builder_column][\/fusion_builder_row][\/fusion_builder_container]<\/p>\n","protected":false},"excerpt":{"rendered":"<p>[fusion_builder_container hundred_percent=&#8221;no&#8221; equal_height_columns=&#8221;no&#8221; menu_anchor=&#8221;&#8221; hide_on_mobile=&#8221;small-visibility,medium-visibility,large-visibility&#8221; class=&#8221;&#8221; id=&#8221;&#8221; background_color=&#8221;&#8221; background_image=&#8221;&#8221; background_position=&#8221;center center&#8221; background_repeat=&#8221;no-repeat&#8221; fade=&#8221;no&#8221; background_parallax=&#8221;none&#8221; parallax_speed=&#8221;0.3&#8243; video_mp4=&#8221;&#8221; video_webm=&#8221;&#8221; video_ogv=&#8221;&#8221; video_url=&#8221;&#8221; video_aspect_ratio=&#8221;16:9&#8243; video_loop=&#8221;yes&#8221; video_mute=&#8221;yes&#8221; overlay_color=&#8221;&#8221; video_preview_image=&#8221;&#8221; border_size=&#8221;&#8221; border_color=&#8221;&#8221; border_style=&#8221;solid&#8221; padding_top=&#8221;&#8221; padding_bottom=&#8221;&#8221; padding_left=&#8221;&#8221; padding_right=&#8221;&#8221;][fusion_builder_row][fusion_builder_column type=&#8221;1_1&#8243; layout=&#8221;1_1&#8243; background_position=&#8221;left top&#8221; background_color=&#8221;&#8221; border_size=&#8221;&#8221; border_color=&#8221;&#8221; border_style=&#8221;solid&#8221; border_position=&#8221;all&#8221; spacing=&#8221;yes&#8221; background_image=&#8221;&#8221; background_repeat=&#8221;no-repeat&#8221; padding_top=&#8221;&#8221; padding_right=&#8221;&#8221; padding_bottom=&#8221;&#8221; padding_left=&#8221;&#8221; margin_top=&#8221;0px&#8221; margin_bottom=&#8221;0px&#8221; class=&#8221;&#8221; id=&#8221;&#8221; animation_type=&#8221;&#8221; animation_speed=&#8221;0.3&#8243; animation_direction=&#8221;left&#8221; hide_on_mobile=&#8221;small-visibility,medium-visibility,large-visibility&#8221; center_content=&#8221;no&#8221; last=&#8221;no&#8221; min_height=&#8221;&#8221; hover_type=&#8221;none&#8221; link=&#8221;&#8221;][fusion_text] REDACCI\u00d3N \u00b7 El director de Operaci\u00f3n y Evaluaci\u00f3n del Seguro Social, Javier Guerrero Garc\u00eda, indic\u00f3 que celebrar ocho d\u00e9cadas de esta noble instituci\u00f3n es un orgullo que debe compartirse. \u00b7 La doctora C\u00e9lida Duque Molina, directora de Prestaciones M\u00e9dicas, destac\u00f3 [&hellip;]<\/p>\n","protected":false},"author":1,"featured_media":54643,"comment_status":"open","ping_status":"open","sticky":false,"template":"","format":"standard","meta":{"footnotes":""},"categories":[9,27],"tags":[],"_links":{"self":[{"href":"https:\/\/www.bitacoracdmx.com\/index.php?rest_route=\/wp\/v2\/posts\/54642"}],"collection":[{"href":"https:\/\/www.bitacoracdmx.com\/index.php?rest_route=\/wp\/v2\/posts"}],"about":[{"href":"https:\/\/www.bitacoracdmx.com\/index.php?rest_route=\/wp\/v2\/types\/post"}],"author":[{"embeddable":true,"href":"https:\/\/www.bitacoracdmx.com\/index.php?rest_route=\/wp\/v2\/users\/1"}],"replies":[{"embeddable":true,"href":"https:\/\/www.bitacoracdmx.com\/index.php?rest_route=%2Fwp%2Fv2%2Fcomments&post=54642"}],"version-history":[{"count":1,"href":"https:\/\/www.bitacoracdmx.com\/index.php?rest_route=\/wp\/v2\/posts\/54642\/revisions"}],"predecessor-version":[{"id":54644,"href":"https:\/\/www.bitacoracdmx.com\/index.php?rest_route=\/wp\/v2\/posts\/54642\/revisions\/54644"}],"wp:featuredmedia":[{"embeddable":true,"href":"https:\/\/www.bitacoracdmx.com\/index.php?rest_route=\/wp\/v2\/media\/54643"}],"wp:attachment":[{"href":"https:\/\/www.bitacoracdmx.com\/index.php?rest_route=%2Fwp%2Fv2%2Fmedia&parent=54642"}],"wp:term":[{"taxonomy":"category","embeddable":true,"href":"https:\/\/www.bitacoracdmx.com\/index.php?rest_route=%2Fwp%2Fv2%2Fcategories&post=54642"},{"taxonomy":"post_tag","embeddable":true,"href":"https:\/\/www.bitacoracdmx.com\/index.php?rest_route=%2Fwp%2Fv2%2Ftags&post=54642"}],"curies":[{"name":"wp","href":"https:\/\/api.w.org\/{rel}","templated":true}]}}