{"id":54660,"date":"2023-12-18T06:42:32","date_gmt":"2023-12-18T06:42:32","guid":{"rendered":"https:\/\/www.bitacoracdmx.com\/?p=54660"},"modified":"2023-12-18T06:42:32","modified_gmt":"2023-12-18T06:42:32","slug":"felipe-galindo-gomez-feggo-recibe-el-octavo-premio-a-la-trayectoria-de-caricatura-gabriel-vargas","status":"publish","type":"post","link":"https:\/\/www.bitacoracdmx.com\/?p=54660","title":{"rendered":"FELIPE GALINDO G\u00d3MEZ \u201cFEGGO\u201d, recibe el OCTAVO PREMIO A LA TRAYECTORIA DE CARICATURA \u201cGABRIEL VARGAS\u201d"},"content":{"rendered":"<p>[fusion_builder_container hundred_percent=&#8221;no&#8221; equal_height_columns=&#8221;no&#8221; menu_anchor=&#8221;&#8221; hide_on_mobile=&#8221;small-visibility,medium-visibility,large-visibility&#8221; class=&#8221;&#8221; id=&#8221;&#8221; background_color=&#8221;&#8221; background_image=&#8221;&#8221; background_position=&#8221;center center&#8221; background_repeat=&#8221;no-repeat&#8221; fade=&#8221;no&#8221; background_parallax=&#8221;none&#8221; parallax_speed=&#8221;0.3&#8243; video_mp4=&#8221;&#8221; video_webm=&#8221;&#8221; video_ogv=&#8221;&#8221; video_url=&#8221;&#8221; video_aspect_ratio=&#8221;16:9&#8243; video_loop=&#8221;yes&#8221; video_mute=&#8221;yes&#8221; overlay_color=&#8221;&#8221; video_preview_image=&#8221;&#8221; border_size=&#8221;&#8221; border_color=&#8221;&#8221; border_style=&#8221;solid&#8221; padding_top=&#8221;&#8221; padding_bottom=&#8221;&#8221; padding_left=&#8221;&#8221; padding_right=&#8221;&#8221;][fusion_builder_row][fusion_builder_column type=&#8221;1_1&#8243; layout=&#8221;1_1&#8243; background_position=&#8221;left top&#8221; background_color=&#8221;&#8221; border_size=&#8221;&#8221; border_color=&#8221;&#8221; border_style=&#8221;solid&#8221; border_position=&#8221;all&#8221; spacing=&#8221;yes&#8221; background_image=&#8221;&#8221; background_repeat=&#8221;no-repeat&#8221; padding_top=&#8221;&#8221; padding_right=&#8221;&#8221; padding_bottom=&#8221;&#8221; padding_left=&#8221;&#8221; margin_top=&#8221;0px&#8221; margin_bottom=&#8221;0px&#8221; class=&#8221;&#8221; id=&#8221;&#8221; animation_type=&#8221;&#8221; animation_speed=&#8221;0.3&#8243; animation_direction=&#8221;left&#8221; hide_on_mobile=&#8221;small-visibility,medium-visibility,large-visibility&#8221; center_content=&#8221;no&#8221; last=&#8221;no&#8221; min_height=&#8221;&#8221; hover_type=&#8221;none&#8221; link=&#8221;&#8221;][fusion_text]<\/p>\n<p>REDACCI\u00d3N<\/p>\n<p>\u25cf La Secretar\u00eda de Cultura de la Ciudad de M\u00e9xico y el Museo del Estanquillo otorgan este reconocimiento al trabajo de artistas de la caricatura por su funci\u00f3n social y cr\u00edtica<\/p>\n<p>\u25cf El artista nacido en Cuernavaca y radicado en Nueva York, ha incursionado en el di\u00e1logo de ambas culturas a trav\u00e9s de su creatividad al mostrar el impacto de la comunidad mexicana en ese pa\u00eds<\/p>\n<p>El\u00a0<strong>Gobierno de la Ciudad de M\u00e9xico<\/strong>, a trav\u00e9s de la\u00a0<strong>Secretar\u00eda de Cultura capitalina<\/strong>\u00a0y el\u00a0<strong>Museo del Estanquillo Colecciones Carlos Monsiv\u00e1is<\/strong>, otorgaron este martes el\u00a0<strong>Octavo Premio a la Trayectoria de Caricatura &#8220;Gabriel Vargas&#8221; 2023<\/strong>\u00a0al caricaturista e ilustrador mexicano\u00a0<strong>Felipe Galindo G\u00f3mez &#8220;Feggo&#8221;<\/strong>, por sus dibujos animados e ilustraciones en los que ha puesto a dialogar a las culturas mexicana y americana.<\/p>\n<p>El tambi\u00e9n educador art\u00edstico, considerado una de las voces m\u00e1s importantes de Nueva York, fue galardonado en presencia de los miembros del comit\u00e9 de selecci\u00f3n: Rafael Barajas, \u201cEl Fisg\u00f3n\u201d; Jos\u00e9 Hern\u00e1ndez, \u201cMonero Hern\u00e1ndez\u201d; Rafael Pineda, \u201cRap\u00e9\u201d, y Bernardo Fern\u00e1ndez, \u201cBEF\u201d, en compa\u00f1\u00eda de Jorge Muci\u00f1o, director general de Vinculaci\u00f3n Institucional y Cooperaci\u00f3n Cultural de la Secretar\u00eda de Cultura local, quien hizo entrega del reconocimiento.<\/p>\n<p>\u201cSiempre quise sentir qu\u00e9 ser\u00eda ganar un \u00d3scar pero nunca me dediqu\u00e9 a la actuaci\u00f3n y este Gabriel es para m\u00ed su equivalente. Muy bienvenido, sobre todo por llevar el nombre de un prol\u00edfico historietista inmensamente popular y con divertido humor urbano lleno de personajes simp\u00e1ticamente extravagantes y que son a la vez muy reales\u201d, agradeci\u00f3 \u201cFeggo\u201d, quien dedico el galard\u00f3n a su compa\u00f1era de vida Andrea Arroyo. El artista agradeci\u00f3 el reconocimiento de sus colegas y la gran influencia de Eduardo del R\u00edo \u201cRius\u201d, primer ganador de este premio, de qui\u00e9n aprendi\u00f3 la necesidad de pasi\u00f3n, informaci\u00f3n, conocimiento, tenacidad y humor, mucho humor, en este oficio, que ha posicionado la caricatura mexicana a nivel mundial por sus tintes pol\u00edticos.<\/p>\n<p>\u201c\u2018Feggo\u2019 tuvo la locura junto con Andrea, su pareja, de irse a la Gran Manzana sin m\u00e1s arma que su propio talento y se ha convertido en uno de los nombres de casa de The New Yorker, entre otras publicaciones que es la meca del humor blanco. \u2018Feggo\u2019 no s\u00f3lo fue amigo de Manuel Ahumada, fue amigo de Sam Gross y de Sidney Harris, de los gigantes m\u00edticos del humor norteamericano, es un gran momento para festejar tener alguien as\u00ed de exitoso, quien ha puesto no s\u00f3lo el nombre de M\u00e9xico sino el humor mexicano muy en alto\u201d, comparti\u00f3 Bernardo Fern\u00e1ndez \u201cBEF\u201d.<\/p>\n<p>Sus compa\u00f1eros y colegas recordaron la trayectoria de cuatro d\u00e9cadas de trabajo desde sus inicios como parte de las primeras generaciones de caricaturistas del Uno m\u00e1s Uno y la evoluci\u00f3n de su peculiar humor blanco, con el que ha entrelazado la caricatura mexicana desde su peculiar estilo de humor surrealista en el que muestra lo inesperado en la cotidianidad.<\/p>\n<p>\u201cEl proyecto de \u2018Manhatitl\u00e1n\u2019 me pareci\u00f3 extraordinario, es un buen ejemplo de lo que es el humor: lograr encontrar un puente entre dos universos totalmente distintos y lograr unirlos, hacer de los opuestos una unidad\u201d, explic\u00f3 el Monero Hern\u00e1ndez al recordar la imagen de algunas piezas de esta obra como los voladores de Papantla alrededor del Empire State, el Atlante de Tula en el metro de Nueva York o Frida Kahlo bailando con la estatua de la libertad.<\/p>\n<p>El artista, nacido en Cuernavaca, es reconocido a nivel internacional por su proyecto \u201cManhatitl\u00e1n: Culturas mexicanas y americanas entrelazadas\u201d, que celebra con su peculiar humor la aportaci\u00f3n de la comunidad mexicana a esta ciudad americana, ciudad que se ha convertido en la punta de lanza en su carrera.<\/p>\n<p>Sus caricaturas han sido publicadas en reconocidos medios como\u00a0<em>The New Yorker, The New York Times, The Nation, The Manhattan Times, Cartoonathons de Cartoon Collections, MTV, Mad y Nickelodeon<\/em>\u00a0hasta\u00a0<em>The International Herald Tribune<\/em>\u00a0(Francia),\u00a0<em>Red Bulletin<\/em>\u00a0(Austria);\u00a0<em>Hauser<\/em>\u00a0(Alemania),\u00a0<em>Nebelspalter<\/em>\u00a0(Suiza),\u00a0<em>Prospect, Oldie, Private Eye, The Spectator<\/em>\u00a0(Inglaterra) y\u00a0<em>Ode<\/em>\u00a0(Holanda), as\u00ed como en\u00a0<em>El Chamuco, La Jornada, Nexos y Hoja por Hoja<\/em>\u00a0en M\u00e9xico.<\/p>\n<p>Galindo realiza tambi\u00e9n ilustraciones, animaciones, obras de arte y arte p\u00fablico, como la serie en vidrio &#8220;Magic Realism in Kingsbridge\u201d, para la estaci\u00f3n de metro de la calle 213 de Nueva York. Adem\u00e1s, ha realizado numerosas exposiciones individuales en los Estados Unidos y en el extranjero, &#8220;Pandas polares&#8221; es un cart\u00f3n galardonado por la Naciones Unidas y en los Festivales de Humor de Knokke-Heist en B\u00e9lgica; Aydin Dogan en Estambul y el Porto Cartoon Fest de Portugal.<\/p>\n<p>Sus premios recientes incluyen el Aydin Dogan Success Award, Estambul 2016; el Zagreb Cartoon en 2014; la competencia de dibujos animados del Ministerio de Turismo, Antalya, Turqu\u00eda, en 2013; el segundo lugar en el Porto Cartoon Festival, Portugal 2012 y el Premio de la Asociaci\u00f3n de Corresponsales de las Naciones Unidas, 2012.<\/p>\n<p>La Secretar\u00eda de Cultura de la Ciudad de M\u00e9xico y el Museo del Estanquillo impulsan desde 2016 el Reconocimiento de Caricatura Gabriel Vargas, ahora Premio a la Trayectoria, a fin de reconocer la funci\u00f3n art\u00edstica, cr\u00edtica y social de la caricatura, as\u00ed como fortalecer el ejercicio del derecho fundamental a la libertad art\u00edstica y de expresi\u00f3n, y celebrar a quienes han contribuido con su trabajo a nutrir la cultura visual de nuestra ciudad.<\/p>\n<p>El primer galard\u00f3n, en 2016, fue para el entra\u00f1able Eduardo del Rio \u201cRius\u201d; en 2017 se llev\u00f3 el reconocimiento Helio Flores \u201cHelioflores\u201d; le sigui\u00f3 en 2018 Luis Fernando \u201cel Flaco\u201d Enr\u00edquez, y en 2019 el cuarto premio fue para Jos\u00e9 Ignacio Sol\u00f3rzano \u201cJis\u201d y Jos\u00e9 Trinidad Camacho Orozco \u201cTrino\u201d. La edici\u00f3n 2020 se otorg\u00f3 a Gonzalo Rocha, mientras en 2021 lo recibi\u00f3 de manera p\u00f3stuma el caricaturista Antonio Helguera y en 2022 fue concedido a Sergio Aragon\u00e9s.<\/p>\n<p>La oferta de la Secretar\u00eda de Cultura de la Ciudad de M\u00e9xico se puede conocer en su p\u00e1gina oficial (<a href=\"https:\/\/cultura.cdmx.gob.mx\/\">https:\/\/cultura.cdmx.gob.mx\/<\/a>) y a trav\u00e9s de sus redes sociales en Facebook, Twitter, Instagram y YouTube).<\/p>\n<div dir=\"auto\"><a class=\"x1i10hfl xjbqb8w x6umtig x1b1mbwd xaqea5y xav7gou x9f619 x1ypdohk xt0psk2 xe8uvvx xdj266r x11i5rnm xat24cr x1mh8g0r xexx8yu x4uap5 x18d9i69 xkhd6sd x16tdsg8 x1hl2dhg xggy1nq x1a2a7pz xt0b8zv x1qq9wsj xo1l8bm\" tabindex=\"0\" role=\"link\" href=\"https:\/\/www.facebook.com\/hashtag\/felipegalindogomez?__eep__=6&amp;__cft__[0]=AZXb_yybEZrWTZQX5QJzbVVhneFK6OyRNBj6GGQGe2hvkqRqe_tqVyCJwQDvNZZUgzy7RV8g27wEw-C02l-jnPMHa8R9lcdHDX2EBdI27ELryYjb1sVuEIq2EAkqYLl4ZO8&amp;__tn__=*NK-R\">#felipegalindogomez<\/a><\/div>\n<div dir=\"auto\"><a class=\"x1i10hfl xjbqb8w x6umtig x1b1mbwd xaqea5y xav7gou x9f619 x1ypdohk xt0psk2 xe8uvvx xdj266r x11i5rnm xat24cr x1mh8g0r xexx8yu x4uap5 x18d9i69 xkhd6sd x16tdsg8 x1hl2dhg xggy1nq x1a2a7pz xt0b8zv x1qq9wsj xo1l8bm\" tabindex=\"0\" role=\"link\" href=\"https:\/\/www.facebook.com\/hashtag\/feggo?__eep__=6&amp;__cft__[0]=AZXb_yybEZrWTZQX5QJzbVVhneFK6OyRNBj6GGQGe2hvkqRqe_tqVyCJwQDvNZZUgzy7RV8g27wEw-C02l-jnPMHa8R9lcdHDX2EBdI27ELryYjb1sVuEIq2EAkqYLl4ZO8&amp;__tn__=*NK-R\">#Feggo<\/a><\/div>\n<div dir=\"auto\"><a class=\"x1i10hfl xjbqb8w x6umtig x1b1mbwd xaqea5y xav7gou x9f619 x1ypdohk xt0psk2 xe8uvvx xdj266r x11i5rnm xat24cr x1mh8g0r xexx8yu x4uap5 x18d9i69 xkhd6sd x16tdsg8 x1hl2dhg xggy1nq x1a2a7pz xt0b8zv x1qq9wsj xo1l8bm\" tabindex=\"0\" role=\"link\" href=\"https:\/\/www.facebook.com\/hashtag\/secretariadeculturacdmx?__eep__=6&amp;__cft__[0]=AZXb_yybEZrWTZQX5QJzbVVhneFK6OyRNBj6GGQGe2hvkqRqe_tqVyCJwQDvNZZUgzy7RV8g27wEw-C02l-jnPMHa8R9lcdHDX2EBdI27ELryYjb1sVuEIq2EAkqYLl4ZO8&amp;__tn__=*NK-R\">#secretariadeculturacdmx<\/a><\/div>\n<div dir=\"auto\"><a class=\"x1i10hfl xjbqb8w x6umtig x1b1mbwd xaqea5y xav7gou x9f619 x1ypdohk xt0psk2 xe8uvvx xdj266r x11i5rnm xat24cr x1mh8g0r xexx8yu x4uap5 x18d9i69 xkhd6sd x16tdsg8 x1hl2dhg xggy1nq x1a2a7pz xt0b8zv x1qq9wsj xo1l8bm\" tabindex=\"0\" role=\"link\" href=\"https:\/\/www.facebook.com\/hashtag\/bitacoracdmx?__eep__=6&amp;__cft__[0]=AZXb_yybEZrWTZQX5QJzbVVhneFK6OyRNBj6GGQGe2hvkqRqe_tqVyCJwQDvNZZUgzy7RV8g27wEw-C02l-jnPMHa8R9lcdHDX2EBdI27ELryYjb1sVuEIq2EAkqYLl4ZO8&amp;__tn__=*NK-R\">#bitacoracdmx<\/a><\/div>\n<p>[\/fusion_text][fusion_imageframe image_id=&#8221;54661|medium&#8221; max_width=&#8221;&#8221; style_type=&#8221;&#8221; blur=&#8221;&#8221; stylecolor=&#8221;&#8221; hover_type=&#8221;none&#8221; bordersize=&#8221;&#8221; bordercolor=&#8221;&#8221; borderradius=&#8221;&#8221; align=&#8221;none&#8221; lightbox=&#8221;no&#8221; gallery_id=&#8221;&#8221; lightbox_image=&#8221;&#8221; lightbox_image_id=&#8221;&#8221; alt=&#8221;&#8221; link=&#8221;&#8221; linktarget=&#8221;_self&#8221; hide_on_mobile=&#8221;small-visibility,medium-visibility,large-visibility&#8221; class=&#8221;&#8221; id=&#8221;&#8221; animation_type=&#8221;&#8221; animation_direction=&#8221;left&#8221; animation_speed=&#8221;0.3&#8243; animation_offset=&#8221;&#8221;]https:\/\/www.bitacoracdmx.com\/wp-content\/uploads\/2023\/12\/WhatsApp-Image-2023-12-12-at-2.15.09-PM-300&#215;200.jpeg[\/fusion_imageframe][\/fusion_builder_column][\/fusion_builder_row][\/fusion_builder_container]<\/p>\n","protected":false},"excerpt":{"rendered":"<p>[fusion_builder_container hundred_percent=&#8221;no&#8221; equal_height_columns=&#8221;no&#8221; menu_anchor=&#8221;&#8221; hide_on_mobile=&#8221;small-visibility,medium-visibility,large-visibility&#8221; class=&#8221;&#8221; id=&#8221;&#8221; background_color=&#8221;&#8221; background_image=&#8221;&#8221; background_position=&#8221;center center&#8221; background_repeat=&#8221;no-repeat&#8221; fade=&#8221;no&#8221; background_parallax=&#8221;none&#8221; parallax_speed=&#8221;0.3&#8243; video_mp4=&#8221;&#8221; video_webm=&#8221;&#8221; video_ogv=&#8221;&#8221; video_url=&#8221;&#8221; video_aspect_ratio=&#8221;16:9&#8243; video_loop=&#8221;yes&#8221; video_mute=&#8221;yes&#8221; overlay_color=&#8221;&#8221; video_preview_image=&#8221;&#8221; border_size=&#8221;&#8221; border_color=&#8221;&#8221; border_style=&#8221;solid&#8221; padding_top=&#8221;&#8221; padding_bottom=&#8221;&#8221; padding_left=&#8221;&#8221; padding_right=&#8221;&#8221;][fusion_builder_row][fusion_builder_column type=&#8221;1_1&#8243; layout=&#8221;1_1&#8243; background_position=&#8221;left top&#8221; background_color=&#8221;&#8221; border_size=&#8221;&#8221; border_color=&#8221;&#8221; border_style=&#8221;solid&#8221; border_position=&#8221;all&#8221; spacing=&#8221;yes&#8221; background_image=&#8221;&#8221; background_repeat=&#8221;no-repeat&#8221; padding_top=&#8221;&#8221; padding_right=&#8221;&#8221; padding_bottom=&#8221;&#8221; padding_left=&#8221;&#8221; margin_top=&#8221;0px&#8221; margin_bottom=&#8221;0px&#8221; class=&#8221;&#8221; id=&#8221;&#8221; animation_type=&#8221;&#8221; animation_speed=&#8221;0.3&#8243; animation_direction=&#8221;left&#8221; hide_on_mobile=&#8221;small-visibility,medium-visibility,large-visibility&#8221; center_content=&#8221;no&#8221; last=&#8221;no&#8221; min_height=&#8221;&#8221; hover_type=&#8221;none&#8221; link=&#8221;&#8221;][fusion_text] REDACCI\u00d3N \u25cf La Secretar\u00eda de Cultura de la Ciudad de M\u00e9xico y el Museo del Estanquillo otorgan este reconocimiento al trabajo de artistas de la caricatura por su funci\u00f3n social y cr\u00edtica \u25cf El artista nacido en Cuernavaca y radicado [&hellip;]<\/p>\n","protected":false},"author":1,"featured_media":54661,"comment_status":"open","ping_status":"open","sticky":false,"template":"","format":"standard","meta":{"footnotes":""},"categories":[4,9],"tags":[],"_links":{"self":[{"href":"https:\/\/www.bitacoracdmx.com\/index.php?rest_route=\/wp\/v2\/posts\/54660"}],"collection":[{"href":"https:\/\/www.bitacoracdmx.com\/index.php?rest_route=\/wp\/v2\/posts"}],"about":[{"href":"https:\/\/www.bitacoracdmx.com\/index.php?rest_route=\/wp\/v2\/types\/post"}],"author":[{"embeddable":true,"href":"https:\/\/www.bitacoracdmx.com\/index.php?rest_route=\/wp\/v2\/users\/1"}],"replies":[{"embeddable":true,"href":"https:\/\/www.bitacoracdmx.com\/index.php?rest_route=%2Fwp%2Fv2%2Fcomments&post=54660"}],"version-history":[{"count":1,"href":"https:\/\/www.bitacoracdmx.com\/index.php?rest_route=\/wp\/v2\/posts\/54660\/revisions"}],"predecessor-version":[{"id":54662,"href":"https:\/\/www.bitacoracdmx.com\/index.php?rest_route=\/wp\/v2\/posts\/54660\/revisions\/54662"}],"wp:featuredmedia":[{"embeddable":true,"href":"https:\/\/www.bitacoracdmx.com\/index.php?rest_route=\/wp\/v2\/media\/54661"}],"wp:attachment":[{"href":"https:\/\/www.bitacoracdmx.com\/index.php?rest_route=%2Fwp%2Fv2%2Fmedia&parent=54660"}],"wp:term":[{"taxonomy":"category","embeddable":true,"href":"https:\/\/www.bitacoracdmx.com\/index.php?rest_route=%2Fwp%2Fv2%2Fcategories&post=54660"},{"taxonomy":"post_tag","embeddable":true,"href":"https:\/\/www.bitacoracdmx.com\/index.php?rest_route=%2Fwp%2Fv2%2Ftags&post=54660"}],"curies":[{"name":"wp","href":"https:\/\/api.w.org\/{rel}","templated":true}]}}