{"id":54666,"date":"2023-12-18T07:01:40","date_gmt":"2023-12-18T07:01:40","guid":{"rendered":"https:\/\/www.bitacoracdmx.com\/?p=54666"},"modified":"2023-12-18T07:01:40","modified_gmt":"2023-12-18T07:01:40","slug":"conmemoran-la-lucha-y-resistencia-zapatista-con-la-exposicion-a-30-anos-del-ezln-memoria-y-dignidad-en-las-rejas-de-chapultepec","status":"publish","type":"post","link":"https:\/\/www.bitacoracdmx.com\/?p=54666","title":{"rendered":"Conmemoran la lucha y resistencia zapatista con la exposici\u00f3n \u201cA 30 A\u00d1OS DEL EZLN: MEMORIA Y DIGNIDAD\u201d en las rejas de Chapultepec"},"content":{"rendered":"<p>[fusion_builder_container hundred_percent=&#8221;no&#8221; equal_height_columns=&#8221;no&#8221; menu_anchor=&#8221;&#8221; hide_on_mobile=&#8221;small-visibility,medium-visibility,large-visibility&#8221; class=&#8221;&#8221; id=&#8221;&#8221; background_color=&#8221;&#8221; background_image=&#8221;&#8221; background_position=&#8221;center center&#8221; background_repeat=&#8221;no-repeat&#8221; fade=&#8221;no&#8221; background_parallax=&#8221;none&#8221; parallax_speed=&#8221;0.3&#8243; video_mp4=&#8221;&#8221; video_webm=&#8221;&#8221; video_ogv=&#8221;&#8221; video_url=&#8221;&#8221; video_aspect_ratio=&#8221;16:9&#8243; video_loop=&#8221;yes&#8221; video_mute=&#8221;yes&#8221; overlay_color=&#8221;&#8221; video_preview_image=&#8221;&#8221; border_size=&#8221;&#8221; border_color=&#8221;&#8221; border_style=&#8221;solid&#8221; padding_top=&#8221;&#8221; padding_bottom=&#8221;&#8221; padding_left=&#8221;&#8221; padding_right=&#8221;&#8221;][fusion_builder_row][fusion_builder_column type=&#8221;1_1&#8243; layout=&#8221;1_1&#8243; background_position=&#8221;left top&#8221; background_color=&#8221;&#8221; border_size=&#8221;&#8221; border_color=&#8221;&#8221; border_style=&#8221;solid&#8221; border_position=&#8221;all&#8221; spacing=&#8221;yes&#8221; background_image=&#8221;&#8221; background_repeat=&#8221;no-repeat&#8221; padding_top=&#8221;&#8221; padding_right=&#8221;&#8221; padding_bottom=&#8221;&#8221; padding_left=&#8221;&#8221; margin_top=&#8221;0px&#8221; margin_bottom=&#8221;0px&#8221; class=&#8221;&#8221; id=&#8221;&#8221; animation_type=&#8221;&#8221; animation_speed=&#8221;0.3&#8243; animation_direction=&#8221;left&#8221; hide_on_mobile=&#8221;small-visibility,medium-visibility,large-visibility&#8221; center_content=&#8221;no&#8221; last=&#8221;no&#8221; min_height=&#8221;&#8221; hover_type=&#8221;none&#8221; link=&#8221;&#8221;][fusion_text]<\/p>\n<p>REDACCI\u00d3N<\/p>\n<p>\u25cf La exposici\u00f3n busca conmemorar y reconocer la luchas y resistencia del Ej\u00e9rcito Zapatista de Liberaci\u00f3n Nacional, que el 1 de enero de 1994 se levant\u00f3 en armas tras la entrada en vigor del Tratado de Libre Comercio con Am\u00e9rica del Norte para desenmascarar las desigualdades e injusticias sociales que mantuvieron a las comunidades ind\u00edgenas hist\u00f3ricamente invisibilizadas<\/p>\n<p>\u25cf La muestra re\u00fane 70 im\u00e1genes de 15 fot\u00f3grafos que durante 30 a\u00f1os se unieron a la causa del EZLN para documentar su lucha, entre ellos Antonio Turok, Marco Antonio Cruz, Pedro Valtierra, Francisco Mata, Jorge Luis Gallegos, V\u00edctor Mendiola, Cecilia Candelaria, Eniac Marty\u00ednez, \u00c1ngeles Torrej\u00f3n, Omar Meneses, Patricia Aridjis, Isabel Sangin\u00e9s, Elsa Mendiola y Ra\u00fal Ortega.<\/p>\n<p>\u25cf Esta exposici\u00f3n es una de las diversas actividades preparadas por la Secretar\u00eda de Cultura de la Ciudad de M\u00e9xico para conmemorar los 30 a\u00f1os del levantamiento del EZLN, como mesas de di\u00e1logo con fot\u00f3grafos y expertos, proyecciones de documentales y la intervenci\u00f3n de edificios del Centro Hist\u00f3rico capitalino con foto-murales<\/p>\n<p>La\u00a0<strong>Secretar\u00eda de Cultura capitalina<\/strong>, a trav\u00e9s del\u00a0<strong>Fideicomiso para la Promoci\u00f3n y Desarrollo del Cine Mexicano en la Ciudad de M\u00e9xico (PROCINECDMX)<\/strong>, en colaboraci\u00f3n con la\u00a0<strong>Oficina para la Memoria Hist\u00f3rica de M\u00e9xico del Archivo General de la Naci\u00f3n (OMHM-AGN)<\/strong>, inaugur\u00f3 este mi\u00e9rcoles en la galer\u00eda abierta de las\u00a0<strong>Rejas de Chapultepec<\/strong>\u00a0la exposici\u00f3n\u00a0<strong><em>A 30 a\u00f1os del EZLN: memoria y dignidad<\/em><\/strong>.<\/p>\n<p>La secretaria de la Cultura de la Ciudad de M\u00e9xico,\u00a0<strong>Claudia Curiel de Icaza<\/strong>, asegur\u00f3 esta exposici\u00f3n se inaugura en diciembre, unos d\u00edas antes de la conmemoraci\u00f3n del movimiento zapatista, para que pueda ser apreciada no s\u00f3lo por las y los capitalinos, sino por los miles de visitantes que llegan a la Ciudad de M\u00e9xico por los festejos patrios.<\/p>\n<p>\u201cEs uno de los movimientos m\u00e1s importantes de M\u00e9xico, pero tambi\u00e9n del mundo, que ha dejado un legado fundamental para otras narrativas de lo que somos como mexicanos, que puso en la mesa el di\u00e1logo la necesidad de diversidad y de una lucha de resistencia que unific\u00f3 a muchas otras luchas\u201d, expres\u00f3 la funcionara al inaugurar la muestra.<\/p>\n<p>Se trata de una exposici\u00f3n que re\u00fane 70 im\u00e1genes del lente de 15 fot\u00f3grafos, que busca conmemorar, reconocer y mantener en el imaginario colectivo estos 30 a\u00f1os de lucha y resistencia del Ej\u00e9rcito Zapatista de Liberaci\u00f3n Nacional (EZLN).<\/p>\n<p>Curiel de Icaza resalt\u00f3 que la muestra tambi\u00e9n es un reconocimiento al importante papel de las y los fot\u00f3grafos que se sumaron a esta lucha por visibilizar los acontecimientos que se daban en la Selva Lacandona y que solidariamente cedieron sus piezas para esta exposici\u00f3n.<\/p>\n<p>As\u00ed,\u00a0<em>A 30 a\u00f1os del EZLN: memoria y dignidad<\/em>\u00a0muestra el trabajo de reconocidos profesionales de la lente como\u00a0<strong>Antonio Turok, Marco Antonio Cruz, Pedro Valtierra, Francisco Mata, Jorge Luis Gallegos, V\u00edctor Mendiola, Cecilia Candelaria, Eniac Marty\u00ednez, \u00c1ngeles Torrej\u00f3n, Omar Meneses, Patricia Aridjis, Isabel Sangin\u00e9s, Elsa Mendiola y Ra\u00fal Ortega<\/strong>.<\/p>\n<p>Estas fot\u00f3grafas y fot\u00f3grafos vivieron el movimiento zapatista muy de cerca, incluso \u00edntimamente, desde que se levant\u00f3 en armas el 1 de enero de 1994 en contra de la entrada en vigor del Tratado de Libre Comercio con Am\u00e9rica del Norte, desenmascarando las profundas desigualdades y opresiones estructurales que hab\u00edan invisibilizado hist\u00f3ricamente a los pueblos ind\u00edgenas, que ahora, recurr\u00ecan a la lucha armada para ser vistos, y da a conocer sus principales demandas: trabajo, tierra, techo, alimentaci\u00f3n, salud, educaci\u00f3n, independencia, libertad, democracia, justicia y paz.<\/p>\n<p>Im\u00e1genes ic\u00f3nicas del Subcomandante Marcos, una incluso junto al ex candidato presidencial Cuauht\u00e9moc C\u00e1rdenas, vestir\u00e1n durante m\u00e1s de un mes las Rejas de Chapultepec, sin dejar de lado las otras caras del zapatismo, como el papel de sus mujeres y sus ni\u00f1os, as\u00ed como la vida cotidiana en Chiapas.<\/p>\n<p><strong>Cristi\u00e1n Cal\u00f3nico Lucio<\/strong>, director de PROCINECDMX, fue quien present\u00f3 la iniciativa para conmemorar el 30 aniversario del movimiento zapatista y adelant\u00f3 que esta exposici\u00f3n es solo una de las muchas acciones que se realizar\u00e1n durante enero, como proyecciones de cine en las que se exhibir\u00e1n pel\u00edculas que documentan el levantamiento armado desde 1994 y cuya producci\u00f3n super\u00f3 los 200 trabajos durante los primeros dos a\u00f1os.<\/p>\n<p>Cal\u00f3nico Lucio, quien tambi\u00e9n document\u00f3 en Chiapas en fotograf\u00eda y video el movimiento del EZLN, inform\u00f3 que adem\u00e1s de la proyecci\u00f3n de algunos de los documentales m\u00e1s importantes sobre el tema, entre las actividades de aniversario tambi\u00e9n tendr\u00e1 su estreno mundial\u00a0<strong><em>La Monta\u00f1a<\/em><\/strong>\u00a0de\u00a0<strong>Diego Enrique Osorno<\/strong>.<\/p>\n<p>Adem\u00e1s inform\u00f3 que en enero se realizar\u00e1n intervenciones de diversos edificios del Centro Hist\u00f3rico capitalino con foto-murales, entre ellos el Museo de la Ciudad de M\u00e9xico, el Archivo Hist\u00f3rico de la Ciudad de M\u00e9xico, el Museo del Estanquillo, el Museo Archivo de la Fotograf\u00eda y la Casa de la Primera Imprenta de Am\u00e9rica, entre otros que formar\u00e1n parte de un circuito muse\u00edstico sobre el EZLN.<\/p>\n<p>En la inauguraci\u00f3n tambi\u00e9n participaron\u00a0<strong>Gabriela Pulido<\/strong>, titular de Memoria Hist\u00f3rica del Archivo General de la Naci\u00f3n;\u00a0<strong>M\u00f3nica Pacheco<\/strong>, directora de Gesti\u00f3n del Bosque de Chapultepec;\u00a0<strong>Rebeca Monroy<\/strong>, profesora e investigadora de la Direcci\u00f3n de Estudios Hist\u00f3ricos del Instituto Nacional de Antropolog\u00eda e Historia; as\u00ed como\u00a0<strong>Jos\u00e9 Manuel Rodr\u00edguez<\/strong>, director de Galer\u00edas Abiertas de la Secretar\u00eda de Cultura de la Ciudad de M\u00e9xico.<\/p>\n<p>La exposici\u00f3n\u00a0<em>A 30 a\u00f1os del EZLN: memoria y dignidad<\/em>\u00a0se encontrar\u00e1 disponible al p\u00fablico hasta el 28 de enero de 2024 en la galer\u00eda abierta de las Rejas de Chapultepec, en Avenida Paseo de la Reforma 126, Bosque de Chapultepec I Secci\u00f3n, alcald\u00eda Miguel Hidalgo.<\/p>\n<p>Puedes consultar la p\u00e1gina de la Cartelera de la Ciudad de M\u00e9xico (<a href=\"https:\/\/cartelera.cdmx.gob.mx\/\">https:\/\/cartelera.cdmx.gob.mx\/<\/a>) en la que se concentran estas y todas las actividades de la Secretar\u00eda de Cultura de la Ciudad de M\u00e9xico.<\/p>\n<div dir=\"auto\"><a class=\"x1i10hfl xjbqb8w x6umtig x1b1mbwd xaqea5y xav7gou x9f619 x1ypdohk xt0psk2 xe8uvvx xdj266r x11i5rnm xat24cr x1mh8g0r xexx8yu x4uap5 x18d9i69 xkhd6sd x16tdsg8 x1hl2dhg xggy1nq x1a2a7pz xt0b8zv x1qq9wsj xo1l8bm\" tabindex=\"0\" role=\"link\" href=\"https:\/\/www.facebook.com\/hashtag\/rejasdechapultepec?__eep__=6&amp;__cft__[0]=AZV4LEioVnH3kX3-Kk7vSTOmStfdP_aA83nASXZ4njVAPtoV5FMEqRyu8Pehfun_KgVt-vgZ4qqpHwZqjhFza6ySBBcvaOR3gytjoFIq142AqLlG4HbRIxm0Hh4P_Pj2C_w&amp;__tn__=*NK-R\">#rejasdechapultepec<\/a><\/div>\n<div dir=\"auto\"><a class=\"x1i10hfl xjbqb8w x6umtig x1b1mbwd xaqea5y xav7gou x9f619 x1ypdohk xt0psk2 xe8uvvx xdj266r x11i5rnm xat24cr x1mh8g0r xexx8yu x4uap5 x18d9i69 xkhd6sd x16tdsg8 x1hl2dhg xggy1nq x1a2a7pz xt0b8zv x1qq9wsj xo1l8bm\" tabindex=\"0\" role=\"link\" href=\"https:\/\/www.facebook.com\/hashtag\/secretariadeculturacdmx?__eep__=6&amp;__cft__[0]=AZV4LEioVnH3kX3-Kk7vSTOmStfdP_aA83nASXZ4njVAPtoV5FMEqRyu8Pehfun_KgVt-vgZ4qqpHwZqjhFza6ySBBcvaOR3gytjoFIq142AqLlG4HbRIxm0Hh4P_Pj2C_w&amp;__tn__=*NK-R\">#secretariadeculturacdmx<\/a><\/div>\n<div dir=\"auto\"><a class=\"x1i10hfl xjbqb8w x6umtig x1b1mbwd xaqea5y xav7gou x9f619 x1ypdohk xt0psk2 xe8uvvx xdj266r x11i5rnm xat24cr x1mh8g0r xexx8yu x4uap5 x18d9i69 xkhd6sd x16tdsg8 x1hl2dhg xggy1nq x1a2a7pz xt0b8zv x1qq9wsj xo1l8bm\" tabindex=\"0\" role=\"link\" href=\"https:\/\/www.facebook.com\/hashtag\/bitacoracdmx?__eep__=6&amp;__cft__[0]=AZV4LEioVnH3kX3-Kk7vSTOmStfdP_aA83nASXZ4njVAPtoV5FMEqRyu8Pehfun_KgVt-vgZ4qqpHwZqjhFza6ySBBcvaOR3gytjoFIq142AqLlG4HbRIxm0Hh4P_Pj2C_w&amp;__tn__=*NK-R\">#bitacoracdmx<\/a><\/div>\n<p>[\/fusion_text][fusion_imageframe image_id=&#8221;54667|medium&#8221; max_width=&#8221;&#8221; style_type=&#8221;&#8221; blur=&#8221;&#8221; stylecolor=&#8221;&#8221; hover_type=&#8221;none&#8221; bordersize=&#8221;&#8221; bordercolor=&#8221;&#8221; borderradius=&#8221;&#8221; align=&#8221;none&#8221; lightbox=&#8221;no&#8221; gallery_id=&#8221;&#8221; lightbox_image=&#8221;&#8221; lightbox_image_id=&#8221;&#8221; alt=&#8221;&#8221; link=&#8221;&#8221; linktarget=&#8221;_self&#8221; hide_on_mobile=&#8221;small-visibility,medium-visibility,large-visibility&#8221; class=&#8221;&#8221; id=&#8221;&#8221; animation_type=&#8221;&#8221; animation_direction=&#8221;left&#8221; animation_speed=&#8221;0.3&#8243; animation_offset=&#8221;&#8221;]https:\/\/www.bitacoracdmx.com\/wp-content\/uploads\/2023\/12\/WhatsApp-Image-2023-12-13-at-7.46.53-PM-300&#215;200.jpeg[\/fusion_imageframe][\/fusion_builder_column][\/fusion_builder_row][\/fusion_builder_container]<\/p>\n","protected":false},"excerpt":{"rendered":"<p>[fusion_builder_container hundred_percent=&#8221;no&#8221; equal_height_columns=&#8221;no&#8221; menu_anchor=&#8221;&#8221; hide_on_mobile=&#8221;small-visibility,medium-visibility,large-visibility&#8221; class=&#8221;&#8221; id=&#8221;&#8221; background_color=&#8221;&#8221; background_image=&#8221;&#8221; background_position=&#8221;center center&#8221; background_repeat=&#8221;no-repeat&#8221; fade=&#8221;no&#8221; background_parallax=&#8221;none&#8221; parallax_speed=&#8221;0.3&#8243; video_mp4=&#8221;&#8221; video_webm=&#8221;&#8221; video_ogv=&#8221;&#8221; video_url=&#8221;&#8221; video_aspect_ratio=&#8221;16:9&#8243; video_loop=&#8221;yes&#8221; video_mute=&#8221;yes&#8221; overlay_color=&#8221;&#8221; video_preview_image=&#8221;&#8221; border_size=&#8221;&#8221; border_color=&#8221;&#8221; border_style=&#8221;solid&#8221; padding_top=&#8221;&#8221; padding_bottom=&#8221;&#8221; padding_left=&#8221;&#8221; padding_right=&#8221;&#8221;][fusion_builder_row][fusion_builder_column type=&#8221;1_1&#8243; layout=&#8221;1_1&#8243; background_position=&#8221;left top&#8221; background_color=&#8221;&#8221; border_size=&#8221;&#8221; border_color=&#8221;&#8221; border_style=&#8221;solid&#8221; border_position=&#8221;all&#8221; spacing=&#8221;yes&#8221; background_image=&#8221;&#8221; background_repeat=&#8221;no-repeat&#8221; padding_top=&#8221;&#8221; padding_right=&#8221;&#8221; padding_bottom=&#8221;&#8221; padding_left=&#8221;&#8221; margin_top=&#8221;0px&#8221; margin_bottom=&#8221;0px&#8221; class=&#8221;&#8221; id=&#8221;&#8221; animation_type=&#8221;&#8221; animation_speed=&#8221;0.3&#8243; animation_direction=&#8221;left&#8221; hide_on_mobile=&#8221;small-visibility,medium-visibility,large-visibility&#8221; center_content=&#8221;no&#8221; last=&#8221;no&#8221; min_height=&#8221;&#8221; hover_type=&#8221;none&#8221; link=&#8221;&#8221;][fusion_text] REDACCI\u00d3N \u25cf La exposici\u00f3n busca conmemorar y reconocer la luchas y resistencia del Ej\u00e9rcito Zapatista de Liberaci\u00f3n Nacional, que el 1 de enero de 1994 se levant\u00f3 en armas tras la entrada en vigor del Tratado de Libre Comercio con [&hellip;]<\/p>\n","protected":false},"author":1,"featured_media":54667,"comment_status":"open","ping_status":"open","sticky":false,"template":"","format":"standard","meta":{"footnotes":""},"categories":[5,9],"tags":[],"_links":{"self":[{"href":"https:\/\/www.bitacoracdmx.com\/index.php?rest_route=\/wp\/v2\/posts\/54666"}],"collection":[{"href":"https:\/\/www.bitacoracdmx.com\/index.php?rest_route=\/wp\/v2\/posts"}],"about":[{"href":"https:\/\/www.bitacoracdmx.com\/index.php?rest_route=\/wp\/v2\/types\/post"}],"author":[{"embeddable":true,"href":"https:\/\/www.bitacoracdmx.com\/index.php?rest_route=\/wp\/v2\/users\/1"}],"replies":[{"embeddable":true,"href":"https:\/\/www.bitacoracdmx.com\/index.php?rest_route=%2Fwp%2Fv2%2Fcomments&post=54666"}],"version-history":[{"count":1,"href":"https:\/\/www.bitacoracdmx.com\/index.php?rest_route=\/wp\/v2\/posts\/54666\/revisions"}],"predecessor-version":[{"id":54668,"href":"https:\/\/www.bitacoracdmx.com\/index.php?rest_route=\/wp\/v2\/posts\/54666\/revisions\/54668"}],"wp:featuredmedia":[{"embeddable":true,"href":"https:\/\/www.bitacoracdmx.com\/index.php?rest_route=\/wp\/v2\/media\/54667"}],"wp:attachment":[{"href":"https:\/\/www.bitacoracdmx.com\/index.php?rest_route=%2Fwp%2Fv2%2Fmedia&parent=54666"}],"wp:term":[{"taxonomy":"category","embeddable":true,"href":"https:\/\/www.bitacoracdmx.com\/index.php?rest_route=%2Fwp%2Fv2%2Fcategories&post=54666"},{"taxonomy":"post_tag","embeddable":true,"href":"https:\/\/www.bitacoracdmx.com\/index.php?rest_route=%2Fwp%2Fv2%2Ftags&post=54666"}],"curies":[{"name":"wp","href":"https:\/\/api.w.org\/{rel}","templated":true}]}}