{"id":54669,"date":"2023-12-18T07:09:48","date_gmt":"2023-12-18T07:09:48","guid":{"rendered":"https:\/\/www.bitacoracdmx.com\/?p=54669"},"modified":"2023-12-18T07:09:48","modified_gmt":"2023-12-18T07:09:48","slug":"celebran-dia-internacional-del-migrante-con-primera-feria-de-emprendimiento-en-el-rule","status":"publish","type":"post","link":"https:\/\/www.bitacoracdmx.com\/?p=54669","title":{"rendered":"Celebran D\u00cdA INTERNACIONAL DEL MIGRANTE con primera FERIA DE EMPRENDIMIENTO en el RULE"},"content":{"rendered":"<p>[fusion_builder_container hundred_percent=&#8221;no&#8221; equal_height_columns=&#8221;no&#8221; menu_anchor=&#8221;&#8221; hide_on_mobile=&#8221;small-visibility,medium-visibility,large-visibility&#8221; class=&#8221;&#8221; id=&#8221;&#8221; background_color=&#8221;&#8221; background_image=&#8221;&#8221; background_position=&#8221;center center&#8221; background_repeat=&#8221;no-repeat&#8221; fade=&#8221;no&#8221; background_parallax=&#8221;none&#8221; parallax_speed=&#8221;0.3&#8243; video_mp4=&#8221;&#8221; video_webm=&#8221;&#8221; video_ogv=&#8221;&#8221; video_url=&#8221;&#8221; video_aspect_ratio=&#8221;16:9&#8243; video_loop=&#8221;yes&#8221; video_mute=&#8221;yes&#8221; overlay_color=&#8221;&#8221; video_preview_image=&#8221;&#8221; border_size=&#8221;&#8221; border_color=&#8221;&#8221; border_style=&#8221;solid&#8221; padding_top=&#8221;&#8221; padding_bottom=&#8221;&#8221; padding_left=&#8221;&#8221; padding_right=&#8221;&#8221;][fusion_builder_row][fusion_builder_column type=&#8221;1_1&#8243; layout=&#8221;1_1&#8243; background_position=&#8221;left top&#8221; background_color=&#8221;&#8221; border_size=&#8221;&#8221; border_color=&#8221;&#8221; border_style=&#8221;solid&#8221; border_position=&#8221;all&#8221; spacing=&#8221;yes&#8221; background_image=&#8221;&#8221; background_repeat=&#8221;no-repeat&#8221; padding_top=&#8221;&#8221; padding_right=&#8221;&#8221; padding_bottom=&#8221;&#8221; padding_left=&#8221;&#8221; margin_top=&#8221;0px&#8221; margin_bottom=&#8221;0px&#8221; class=&#8221;&#8221; id=&#8221;&#8221; animation_type=&#8221;&#8221; animation_speed=&#8221;0.3&#8243; animation_direction=&#8221;left&#8221; hide_on_mobile=&#8221;small-visibility,medium-visibility,large-visibility&#8221; center_content=&#8221;no&#8221; last=&#8221;no&#8221; min_height=&#8221;&#8221; hover_type=&#8221;none&#8221; link=&#8221;&#8221;][fusion_text]<\/p>\n<p>REDACCI\u00d3N<\/p>\n<p>\u25cf En encuentro convocar\u00e1 el 16 y 17 de diciembre una muestra de emprendedores migrantes que acercar\u00e1n al p\u00fablico a una amplia variedad de productos y servicios<\/p>\n<p>\u25cf Desde las 10 a las 18 horas, El Rule Comunidad de Saberes albergar\u00e1 una amplia oferta cultural para resaltar la aportaci\u00f3n de la comunidad migrante a la capital<\/p>\n<p>Rumbo al\u00a0<strong>D\u00eda Internacional del Migrante<\/strong>, establecido el 18 de diciembre desde el a\u00f1o 2000, la\u00a0<strong>Organizaci\u00f3n Internacional para las Migraciones (OIM \/ ONU Migraci\u00f3n)<\/strong>\u00a0y el\u00a0<strong>Gobierno de M\u00e9xico<\/strong>\u00a0a trav\u00e9s de la\u00a0<strong>Secretar\u00eda de Relaciones Exteriores<\/strong>, y el\u00a0<strong>Gobierno capitalino<\/strong>\u00a0con la\u00a0<strong>Secretar\u00eda de Cultura local<\/strong>, celebran esta fecha con la\u00a0<strong>Primera Feria de Emprendimiento \u201cConstruyendo Puentes\u201d<\/strong>, que re\u00fane este s\u00e1bado 16 y domingo 17 de diciembre en el\u00a0<strong>Centro Cultural El Rule, Comunidad de Saberes<\/strong>, una amplia oferta de servicios y productos de emprendedores migrantes que han encontrado en la ciudad un nuevo hogar.<\/p>\n<p>En ella la ciudadan\u00eda, las personas migrantes y las organizaciones civiles que trabajan con ellas que visiten el\u00a0<strong>Centro Cultural El Rule<\/strong>\u00a0podr\u00e1n ver una muestra de los trabajos y el producto de 40 personas emprendedoras, as\u00ed como disfrutar de dos d\u00edas de presentaciones culturales; tambi\u00e9n podr\u00e1n participar en \u201cRecetas de Identidad\u201d, un conversatorio sobre migraci\u00f3n y gastronom\u00eda que suceder\u00e1 a mediod\u00eda del domingo. \u201cHoy estamos celebrando los ritmos, los colores, los sabores y los productos de estas personas, vamos a tener una muestra gastron\u00f3mica y estamos inaugurando la primera feria con la participaci\u00f3n de 40 personas que van a compartir desde ropa, decoraci\u00f3n del hogar, comida, joyer\u00eda y muchas cosas m\u00e1s para celebrar la diversidad y el valor de las contribuciones de las personas migrantes a sus comunidades destino\u201d, extern\u00f3 durante el acto inaugural Dana Graber Ladek, jefa de Misi\u00f3n de la Organizaci\u00f3n Internacional para las Migraciones.<\/p>\n<p>Acompa\u00f1ada de Arturo Rocha, de la Direcci\u00f3n General de Movilidad Humana y Desarrollo de la Secretar\u00eda de Relaciones Exteriores, y de Juan Gerardo L\u00f3pez Hern\u00e1ndez, director general de Vinculaci\u00f3n Cultural Comunitaria de esta dependencia cultural, la representante internacional resalt\u00f3 las remesas y las innovaciones que los migrantes llevan a los pases destino, pero, sobre todo, las aportaciones culturales.<\/p>\n<p>Brian Naranjo, ministro consejero de Asuntos Pol\u00edticos de la Embajada de Estados Unidos en M\u00e9xico, destac\u00f3 la labor que se est\u00e1 realizando para promover el bienestar de las personas migrantes y una mejor gobernanza de la migraci\u00f3n.<\/p>\n<p>\u201cAl conmemorar el D\u00eda Internacional del Migrante, reafirmamos nuestro compromiso para lograr un sistema seguro, ordenado, y humano. Estamos orgullosos de nuestro trabajo conjunto con OIM y otros socios en M\u00e9xico y en la regi\u00f3n para ampliar las v\u00edas legales mientras generamos prosperidad y oportunidades para las personas en las comunidades, para que no caigan en el camino doloroso de la migraci\u00f3n indocumentada y las redes criminales de los polleros\u201d, dijo el diplom\u00e1tico.<\/p>\n<p>En presencia de Luisamelia Arreaza, venezolana cofundadora de la organizaci\u00f3n civil ASOCHAMAS, el historiador Juan Gerardo L\u00f3pez Hern\u00e1ndez, record\u00f3 la historia migrante de la humanidad y destac\u00f3 la solidaridad y hospitalidad que caracteriza a la Ciudad de M\u00e9xico.<\/p>\n<p>\u201cPor eso no es extra\u00f1o que la constituci\u00f3n pol\u00edtica que rige esta entidad haya consolidado jur\u00eddicamente su car\u00e1cter de Ciudad Refugio, con ese car\u00e1cter acogemos las tareas conjuntas que estamos desarrollando en colaboraci\u00f3n con la Organizaci\u00f3n Mundial de las Migraciones\u201d, precis\u00f3 el funcionario al detallar que a lo largo de este a\u00f1o se han realizado alrededor de 500 actividades a favor de la tolerancia, el respeto y la integraci\u00f3n pac\u00edfica de las diversas poblaciones que confluyen en esta ciudad.<\/p>\n<p>En este sentido, Arturo Rocha, resalt\u00f3 que la migraci\u00f3n no debe ser vista como un problema a resolver sino como una oportunidad de desarrollo mutuo que debe gestionar, encausar, ordenar y dar dignidad a la movilidad humana a trav\u00e9s de modelos de crecimiento econ\u00f3mico basados en el capital humano y sus aportaciones no s\u00f3lo fiscales, sino tambi\u00e9n ling\u00fc\u00edsticas, sociales y culturales.<\/p>\n<p>Asimismo, precis\u00f3 que en este a\u00f1o m\u00e1s de 2.5 millones de personas han llegado al territorio que se comparte con Estados Unidos en busca de oportunidades, desplazados por la violencia, la pobreza, el cambio clim\u00e1tico, la falta de educaci\u00f3n, empleo o salud en busca de una nueva oportunidad de vida digna y ejemplo de ello son las m\u00e1s de 130 mil solicitudes de personas que buscan protecci\u00f3n internacional en M\u00e9xico.<\/p>\n<p>\u201cSer migrante es experimentar un cambio significativo en la ubicaci\u00f3n geogr\u00e1fica, mudarse de un lugar a otro en busca de oportunidades, seguridad y una mejor calidad de vida; implica enfrentar desaf\u00edos como adaptarse a una cultura diferente, aprender un nuevo idioma y establecerse en un entorno desconocido. Ser migrante tambi\u00e9n implica llevar consigo las ra\u00edces culturales y enfrentar la nostalgia por la tierra natal, al tiempo que se construye una nueva identidad en el lugar de destino\u201d, comparti\u00f3 Luisamelia Arreaza.<\/p>\n<p>El acto inaugural de la feria cont\u00f3 tambi\u00e9n con una muestra gastron\u00f3mica de bocadillos tradicionales de Argentina, Venezuela, Colombia, El Salvador, Rep\u00fablica Dominicana, Brasil, India y Turqu\u00eda, as\u00ed como con la participaci\u00f3n de Julieth, La baby de la cumbia. Este s\u00e1bado y domingo los visitantes podr\u00e1n recorrer 40 stands en la explanada del Centro Cultural El Rule, Comunidad de Saberes, ubicado en Eje Central 6, en un horario de 10 a 18 horas.<\/p>\n<p>La oferta de la Secretar\u00eda de Cultura capitalina se puede conocer en su p\u00e1gina oficial, la Cartelera de la Ciudad de M\u00e9xico (<a href=\"https:\/\/cartelera.cdmx.gob.mx\/\">https:\/\/cartelera.cdmx.gob.mx\/<\/a>) y a trav\u00e9s de sus redes sociales en Facebook, Twitter, Instagram y YouTube).<\/p>\n<p>[\/fusion_text][fusion_imageframe image_id=&#8221;54670|medium&#8221; max_width=&#8221;&#8221; style_type=&#8221;&#8221; blur=&#8221;&#8221; stylecolor=&#8221;&#8221; hover_type=&#8221;none&#8221; bordersize=&#8221;&#8221; bordercolor=&#8221;&#8221; borderradius=&#8221;&#8221; align=&#8221;none&#8221; lightbox=&#8221;no&#8221; gallery_id=&#8221;&#8221; lightbox_image=&#8221;&#8221; lightbox_image_id=&#8221;&#8221; alt=&#8221;&#8221; link=&#8221;&#8221; linktarget=&#8221;_self&#8221; hide_on_mobile=&#8221;small-visibility,medium-visibility,large-visibility&#8221; class=&#8221;&#8221; id=&#8221;&#8221; animation_type=&#8221;&#8221; animation_direction=&#8221;left&#8221; animation_speed=&#8221;0.3&#8243; animation_offset=&#8221;&#8221;]https:\/\/www.bitacoracdmx.com\/wp-content\/uploads\/2023\/12\/WhatsApp-Image-2023-12-15-at-5.59.16-PM-300&#215;300.jpeg[\/fusion_imageframe][\/fusion_builder_column][\/fusion_builder_row][\/fusion_builder_container]<\/p>\n","protected":false},"excerpt":{"rendered":"<p>[fusion_builder_container hundred_percent=&#8221;no&#8221; equal_height_columns=&#8221;no&#8221; menu_anchor=&#8221;&#8221; hide_on_mobile=&#8221;small-visibility,medium-visibility,large-visibility&#8221; class=&#8221;&#8221; id=&#8221;&#8221; background_color=&#8221;&#8221; background_image=&#8221;&#8221; background_position=&#8221;center center&#8221; background_repeat=&#8221;no-repeat&#8221; fade=&#8221;no&#8221; background_parallax=&#8221;none&#8221; parallax_speed=&#8221;0.3&#8243; video_mp4=&#8221;&#8221; video_webm=&#8221;&#8221; video_ogv=&#8221;&#8221; video_url=&#8221;&#8221; video_aspect_ratio=&#8221;16:9&#8243; video_loop=&#8221;yes&#8221; video_mute=&#8221;yes&#8221; overlay_color=&#8221;&#8221; video_preview_image=&#8221;&#8221; border_size=&#8221;&#8221; border_color=&#8221;&#8221; border_style=&#8221;solid&#8221; padding_top=&#8221;&#8221; padding_bottom=&#8221;&#8221; padding_left=&#8221;&#8221; padding_right=&#8221;&#8221;][fusion_builder_row][fusion_builder_column type=&#8221;1_1&#8243; layout=&#8221;1_1&#8243; background_position=&#8221;left top&#8221; background_color=&#8221;&#8221; border_size=&#8221;&#8221; border_color=&#8221;&#8221; border_style=&#8221;solid&#8221; border_position=&#8221;all&#8221; spacing=&#8221;yes&#8221; background_image=&#8221;&#8221; background_repeat=&#8221;no-repeat&#8221; padding_top=&#8221;&#8221; padding_right=&#8221;&#8221; padding_bottom=&#8221;&#8221; padding_left=&#8221;&#8221; margin_top=&#8221;0px&#8221; margin_bottom=&#8221;0px&#8221; class=&#8221;&#8221; id=&#8221;&#8221; animation_type=&#8221;&#8221; animation_speed=&#8221;0.3&#8243; animation_direction=&#8221;left&#8221; hide_on_mobile=&#8221;small-visibility,medium-visibility,large-visibility&#8221; center_content=&#8221;no&#8221; last=&#8221;no&#8221; min_height=&#8221;&#8221; hover_type=&#8221;none&#8221; link=&#8221;&#8221;][fusion_text] REDACCI\u00d3N \u25cf En encuentro convocar\u00e1 el 16 y 17 de diciembre una muestra de emprendedores migrantes que acercar\u00e1n al p\u00fablico a una amplia variedad de productos y servicios \u25cf Desde las 10 a las 18 horas, El Rule Comunidad de [&hellip;]<\/p>\n","protected":false},"author":1,"featured_media":54670,"comment_status":"open","ping_status":"open","sticky":false,"template":"","format":"standard","meta":{"footnotes":""},"categories":[4,9],"tags":[],"_links":{"self":[{"href":"https:\/\/www.bitacoracdmx.com\/index.php?rest_route=\/wp\/v2\/posts\/54669"}],"collection":[{"href":"https:\/\/www.bitacoracdmx.com\/index.php?rest_route=\/wp\/v2\/posts"}],"about":[{"href":"https:\/\/www.bitacoracdmx.com\/index.php?rest_route=\/wp\/v2\/types\/post"}],"author":[{"embeddable":true,"href":"https:\/\/www.bitacoracdmx.com\/index.php?rest_route=\/wp\/v2\/users\/1"}],"replies":[{"embeddable":true,"href":"https:\/\/www.bitacoracdmx.com\/index.php?rest_route=%2Fwp%2Fv2%2Fcomments&post=54669"}],"version-history":[{"count":1,"href":"https:\/\/www.bitacoracdmx.com\/index.php?rest_route=\/wp\/v2\/posts\/54669\/revisions"}],"predecessor-version":[{"id":54671,"href":"https:\/\/www.bitacoracdmx.com\/index.php?rest_route=\/wp\/v2\/posts\/54669\/revisions\/54671"}],"wp:featuredmedia":[{"embeddable":true,"href":"https:\/\/www.bitacoracdmx.com\/index.php?rest_route=\/wp\/v2\/media\/54670"}],"wp:attachment":[{"href":"https:\/\/www.bitacoracdmx.com\/index.php?rest_route=%2Fwp%2Fv2%2Fmedia&parent=54669"}],"wp:term":[{"taxonomy":"category","embeddable":true,"href":"https:\/\/www.bitacoracdmx.com\/index.php?rest_route=%2Fwp%2Fv2%2Fcategories&post=54669"},{"taxonomy":"post_tag","embeddable":true,"href":"https:\/\/www.bitacoracdmx.com\/index.php?rest_route=%2Fwp%2Fv2%2Ftags&post=54669"}],"curies":[{"name":"wp","href":"https:\/\/api.w.org\/{rel}","templated":true}]}}