{"id":54675,"date":"2023-12-18T07:27:08","date_gmt":"2023-12-18T07:27:08","guid":{"rendered":"https:\/\/www.bitacoracdmx.com\/?p=54675"},"modified":"2023-12-18T07:27:08","modified_gmt":"2023-12-18T07:27:08","slug":"inaugura-marti-batres-verbena-navidena-en-el-zocalo-participan-artesanos-de-guerrero-afectados-por-otis","status":"publish","type":"post","link":"https:\/\/www.bitacoracdmx.com\/?p=54675","title":{"rendered":"Inaugura MART\u00cd BATRES VERBENA NAVIDE\u00d1A en el Z\u00d3CALO; participan artesanos de guerrero afectados por \u201cOTIS\u201d"},"content":{"rendered":"<p>[fusion_builder_container hundred_percent=&#8221;no&#8221; equal_height_columns=&#8221;no&#8221; menu_anchor=&#8221;&#8221; hide_on_mobile=&#8221;small-visibility,medium-visibility,large-visibility&#8221; class=&#8221;&#8221; id=&#8221;&#8221; background_color=&#8221;&#8221; background_image=&#8221;&#8221; background_position=&#8221;center center&#8221; background_repeat=&#8221;no-repeat&#8221; fade=&#8221;no&#8221; background_parallax=&#8221;none&#8221; parallax_speed=&#8221;0.3&#8243; video_mp4=&#8221;&#8221; video_webm=&#8221;&#8221; video_ogv=&#8221;&#8221; video_url=&#8221;&#8221; video_aspect_ratio=&#8221;16:9&#8243; video_loop=&#8221;yes&#8221; video_mute=&#8221;yes&#8221; overlay_color=&#8221;&#8221; video_preview_image=&#8221;&#8221; border_size=&#8221;&#8221; border_color=&#8221;&#8221; border_style=&#8221;solid&#8221; padding_top=&#8221;&#8221; padding_bottom=&#8221;&#8221; padding_left=&#8221;&#8221; padding_right=&#8221;&#8221;][fusion_builder_row][fusion_builder_column type=&#8221;1_1&#8243; layout=&#8221;1_1&#8243; background_position=&#8221;left top&#8221; background_color=&#8221;&#8221; border_size=&#8221;&#8221; border_color=&#8221;&#8221; border_style=&#8221;solid&#8221; border_position=&#8221;all&#8221; spacing=&#8221;yes&#8221; background_image=&#8221;&#8221; background_repeat=&#8221;no-repeat&#8221; padding_top=&#8221;&#8221; padding_right=&#8221;&#8221; padding_bottom=&#8221;&#8221; padding_left=&#8221;&#8221; margin_top=&#8221;0px&#8221; margin_bottom=&#8221;0px&#8221; class=&#8221;&#8221; id=&#8221;&#8221; animation_type=&#8221;&#8221; animation_speed=&#8221;0.3&#8243; animation_direction=&#8221;left&#8221; hide_on_mobile=&#8221;small-visibility,medium-visibility,large-visibility&#8221; center_content=&#8221;no&#8221; last=&#8221;no&#8221; min_height=&#8221;&#8221; hover_type=&#8221;none&#8221; link=&#8221;&#8221;][fusion_text]<\/p>\n<p>REDACCI\u00d3N<\/p>\n<p>\u25cf Mart\u00ed Batres destac\u00f3 que, en solidaridad y coordinaci\u00f3n con los Gobiernos de M\u00e9xico y de Guerrero, se otorgaron 200 stands a 400 artesanos, y que con la compra de estos art\u00edculos se apoyar\u00e1 la econom\u00eda de la entidad<\/p>\n<p>\u25cf La secretaria de Cultura, Alejandra Frausto Guerrero, afirm\u00f3 que este espacio de venta y exhibici\u00f3n permitir\u00e1 conocer a todo el p\u00fablico la grandeza, riqueza y diversidad cultural de las siete regiones guerrerenses<\/p>\n<p>\u25cf De manera gratuita, las y los visitantes podr\u00e1n disfrutar de conciertos de diversos g\u00e9neros musicales, \u00e1rboles monumentales, espect\u00e1culos de luces cin\u00e9ticas, \u00e1reas de juegos de destreza, venta de libros por parte del Fondo de Cultura Econ\u00f3mica, espacios para la toma de fotograf\u00edas, representaci\u00f3n de pastorelas y un bazar con venta de artesan\u00edas tradicionales de Guerrero<\/p>\n<p>El\u00a0<strong>Jefe de Gobierno, Mart\u00ed Batres Guadarrama<\/strong>, inaugur\u00f3 la\u00a0<strong>Verbena Navide\u00f1a 2023<\/strong>, que se realizar\u00e1\u00a0<strong>del 16 al 30 de diciembre<\/strong>, de 11:00 a 21:00 horas, en el\u00a0<strong>Z\u00f3calo de la Ciudad de M\u00e9xico<\/strong>, para el disfrute de las y los capitalinos de este gran espacio c\u00edvico y cultural durante las fiestas decembrinas.<\/p>\n<p>\u201cVamos a tener aqu\u00ed desde los diversos ritmos de rock, de rap, reggae, todo y, adem\u00e1s, m\u00fasica tradicional de M\u00e9xico tambi\u00e9n. Entonces, en el gran escenario que est\u00e1 aqu\u00ed dispuesto cada quien disfrutar\u00e1 la m\u00fasica que quiera. Hay otros espacios que est\u00e1n \u00e1rboles navide\u00f1os gigantescos y lugares, stands para juegos tradicionales, o simplemente para sacarse la foto\u201d, coment\u00f3.<\/p>\n<p>Desde la Plaza de la Constituci\u00f3n el mandatario capitalino se\u00f1al\u00f3 que aunado a los mil 500 servidores p\u00fablicos que brindaron atenci\u00f3n al pueblo guerrerense tras el impacto del hurac\u00e1n \u201cOtis\u201d, como un acto de solidaridad y en coordinaci\u00f3n con los Gobiernos de M\u00e9xico y del estado de Guerrero, se otorgaron a 400 artesanos afectados 200 stands dentro de la Verbena Navide\u00f1a, para apoyar a la econom\u00eda de la entidad con la compra de estos art\u00edculos.<\/p>\n<p>\u201cQuiero darles la bienvenida a nuestros hermanos de Guerrero, de las siete regiones: Norte, Centro, Tierra Caliente, La Monta\u00f1a, Acapulco, Costa Chica, Costa Grande, sean bienvenidos todas y todos hermanos de Guerrero, aqu\u00ed a la Ciudad, al Z\u00f3calo, esta ciudad que es la capital de todo M\u00e9xico y este Z\u00f3calo que es el espacio p\u00fablico m\u00e1s importante de todo el pa\u00eds. (&#8230;) Reitero<\/p>\n<p>esta invitaci\u00f3n a los habitantes de la Ciudad de M\u00e9xico, a venir a comprar artesan\u00edas, as\u00ed se llevan una artesan\u00eda, un textil, un vestido, en fin, una artesan\u00eda de Guerrero, pero, adem\u00e1s, le ayudan al pueblo de Guerrero en un momento dif\u00edcil\u201d, invit\u00f3.<\/p>\n<p>El Jefe de Gobierno realiz\u00f3 una visita a los stands de artesan\u00edas donde los visitantes podr\u00e1n encontrar objetos de talabarter\u00eda, peleter\u00eda, fibras vegetales, jarcia y cester\u00eda, derivados del coco, miel, chilate, mezcal, piezas de madera, maque y laca, joyer\u00eda y plata; adem\u00e1s de obras de pintura popular, cuadros de arena, flores de conchas, alfarer\u00eda y cer\u00e1mica, textiles bordados, trajes de arco\u00edris, blusas de chaquira, bordados de acateca y obra textil de telar de cintura.<\/p>\n<p>Tambi\u00e9n recorri\u00f3 los \u00e1rboles monumentales elaborados con nochebuenas; los t\u00faneles de luz y danza; las m\u00e1quinas de nieve; la Aldea Navide\u00f1a donde se realizan actividades culturales, talleres y juegos de destreza; y la caba\u00f1a del Fondo de Cultura Econ\u00f3mica con venta de libros para ni\u00f1as y ni\u00f1os.<\/p>\n<p>Durante el evento, la secretaria de Cultura federal, Alejandra Frausto Guerrero, agradeci\u00f3 a Mart\u00ed Batres el apoyo y solidaridad con las y los hermanos de Guerrero afectados por el hurac\u00e1n Otis. Este espacio de venta y exhibici\u00f3n, dijo, permitir\u00e1 conocer a las y los visitantes la grandeza, riqueza y diversidad cultural de las siete regiones guerrerenses.<\/p>\n<p>\u201cVengan a comprar sus regalos navide\u00f1os, porque van a llevarse una pieza de la ra\u00edz cultural de M\u00e9xico que est\u00e1 viva, van a llevar algo \u00fanico. No solo es comprar, es la posibilidad de hablar con los creadores y preguntar qu\u00e9 significa un bordado, c\u00f3mo lo hacen, cu\u00e1nto tiempo les lleva; eso es parte de un movimiento que hemos hecho en esta transformaci\u00f3n para eliminar de una vez por todas el regateo, est\u00e1 prohibido regatear y m\u00e1s a un artesano que ha dedicado su vida a preservar algo tan importante como lo que estamos portando con enorme orgullo\u201d.<\/p>\n<p>La secretaria de Cultura del Estado de Guerrero, A\u00edda Melina Mart\u00ednez Rebolledo; agradeci\u00f3 el impulso a la cultura y las tradiciones guerrerenses tras el paso del hurac\u00e1n.<\/p>\n<p>\u201cDecirles que Guerrero es una cajita, es una cajita pintada en Olinal\u00e1, dice el verso: \u201cAbre pronto la cajita, \u00e1brela pronto, s\u00ed, s\u00ed\u201d. Ahorita Guerrero trae esa cajita que est\u00e1 ah\u00ed, en esos 200 locales que se han puesto para que el mundo entero una vez m\u00e1s ratifique la diversidad cultural que tiene Guerrero y una vez m\u00e1s decir que Acapulco y Coyuca de Ben\u00edtez, est\u00e1n de pie\u201d, expres\u00f3.<\/p>\n<p>En tanto, la secretaria de Cultura capitalina, Claudia Curiel de Icaza, detall\u00f3 que durante 15 d\u00edas habr\u00e1 una programaci\u00f3n musical y art\u00edstica extensa, con conciertos de diversos g\u00e9neros como el funk y el jazz con Los M\u00fasicos de Jos\u00e9, rock y punk con Descartes a Kant, electrocumbia con Amandititita, ska con Sal\u00f3n Victoria, m\u00fasica vern\u00e1cula con Pablo Montero, reggae y hip hop con La Cruzada (Cuba), salsa con Las Guaracheras (Colombia), la m\u00fasica tradicional veracruzana con Los Choclok y m\u00fasica oaxaque\u00f1a con Mujeres del Viento Florido y Los Preamp.<\/p>\n<p>\u201cPara el Gobierno de la Ciudad de M\u00e9xico, a trav\u00e9s de la Secretar\u00eda de Cultura, es fundamental crear estos espacios de encuentro para los habitantes, las habitantes, visitantes a esta gran ciudad y retomar el espacio p\u00fablico, esencial para fortalecer los v\u00ednculos entre las comunidades, la diversidad y contribuir al ejercicio del derecho a la ciudad a los derechos culturales\u201d, remarc\u00f3.<\/p>\n<p>Entre el s\u00e1bado 16 y el domingo 24 de diciembre a las 13 horas, tambi\u00e9n se presentar\u00e1n las tradicionales pastorelas navide\u00f1as &#8220;Los estrelleros. Canci\u00f3n de un largo peregrinaje&#8221;, \u201cLa noche m\u00e1s venturosa\u201d y \u201cEntre pingos y respingos\u201d.<\/p>\n<p>En la inauguraci\u00f3n, tambi\u00e9n estuvieron presentes el subsecretario de Gobierno, Inti Mu\u00f1oz Santini; el coordinador general de la Autoridad del Centro Hist\u00f3rico, Jos\u00e9 Manuel Oropeza Morales; el director general de Grandes Festivales Comunitarios, Argel G\u00f3mez Concheiro; y la artesana de Olinal\u00e1, Guerrero, Florencia Espinal Ram\u00edrez.<\/p>\n<div dir=\"auto\"><a class=\"x1i10hfl xjbqb8w x6umtig x1b1mbwd xaqea5y xav7gou x9f619 x1ypdohk xt0psk2 xe8uvvx xdj266r x11i5rnm xat24cr x1mh8g0r xexx8yu x4uap5 x18d9i69 xkhd6sd x16tdsg8 x1hl2dhg xggy1nq x1a2a7pz xt0b8zv x1qq9wsj xo1l8bm\" tabindex=\"0\" role=\"link\" href=\"https:\/\/www.facebook.com\/hashtag\/verbenanavide%C3%B1a?__eep__=6&amp;__cft__[0]=AZXw23zNJExIx0jNcwOv1HY1CBv7rv6cYbg0nVaKLDil1nKAHRPPcWSSjT1Kp6TYATQXyKcYfmRXlFBuTm3vA8ZJNZtFEIe0TtCwINITa2RLgVfPIOo8pNcVjaWUUMnnO3I&amp;__tn__=*NK-R\">#VerbenaNavide\u00f1a<\/a><\/div>\n<div dir=\"auto\"><a class=\"x1i10hfl xjbqb8w x6umtig x1b1mbwd xaqea5y xav7gou x9f619 x1ypdohk xt0psk2 xe8uvvx xdj266r x11i5rnm xat24cr x1mh8g0r xexx8yu x4uap5 x18d9i69 xkhd6sd x16tdsg8 x1hl2dhg xggy1nq x1a2a7pz xt0b8zv x1qq9wsj xo1l8bm\" tabindex=\"0\" role=\"link\" href=\"https:\/\/www.facebook.com\/hashtag\/secretariadeculturacdmx?__eep__=6&amp;__cft__[0]=AZXw23zNJExIx0jNcwOv1HY1CBv7rv6cYbg0nVaKLDil1nKAHRPPcWSSjT1Kp6TYATQXyKcYfmRXlFBuTm3vA8ZJNZtFEIe0TtCwINITa2RLgVfPIOo8pNcVjaWUUMnnO3I&amp;__tn__=*NK-R\">#secretariadeculturacdmx<\/a><\/div>\n<div dir=\"auto\"><a class=\"x1i10hfl xjbqb8w x6umtig x1b1mbwd xaqea5y xav7gou x9f619 x1ypdohk xt0psk2 xe8uvvx xdj266r x11i5rnm xat24cr x1mh8g0r xexx8yu x4uap5 x18d9i69 xkhd6sd x16tdsg8 x1hl2dhg xggy1nq x1a2a7pz xt0b8zv x1qq9wsj xo1l8bm\" tabindex=\"0\" role=\"link\" href=\"https:\/\/www.facebook.com\/hashtag\/bitacoracdmx?__eep__=6&amp;__cft__[0]=AZXw23zNJExIx0jNcwOv1HY1CBv7rv6cYbg0nVaKLDil1nKAHRPPcWSSjT1Kp6TYATQXyKcYfmRXlFBuTm3vA8ZJNZtFEIe0TtCwINITa2RLgVfPIOo8pNcVjaWUUMnnO3I&amp;__tn__=*NK-R\">#bitacoracdmx<\/a><\/div>\n<p>[\/fusion_text][fusion_imageframe image_id=&#8221;54676|medium&#8221; max_width=&#8221;&#8221; style_type=&#8221;&#8221; blur=&#8221;&#8221; stylecolor=&#8221;&#8221; hover_type=&#8221;none&#8221; bordersize=&#8221;&#8221; bordercolor=&#8221;&#8221; borderradius=&#8221;&#8221; align=&#8221;none&#8221; lightbox=&#8221;no&#8221; gallery_id=&#8221;&#8221; lightbox_image=&#8221;&#8221; lightbox_image_id=&#8221;&#8221; alt=&#8221;&#8221; link=&#8221;&#8221; linktarget=&#8221;_self&#8221; hide_on_mobile=&#8221;small-visibility,medium-visibility,large-visibility&#8221; class=&#8221;&#8221; id=&#8221;&#8221; animation_type=&#8221;&#8221; animation_direction=&#8221;left&#8221; animation_speed=&#8221;0.3&#8243; animation_offset=&#8221;&#8221;]https:\/\/www.bitacoracdmx.com\/wp-content\/uploads\/2023\/12\/WhatsApp-Image-2023-12-16-at-6.35.39-PM-copia-300&#215;200.jpeg[\/fusion_imageframe][\/fusion_builder_column][\/fusion_builder_row][\/fusion_builder_container]<\/p>\n","protected":false},"excerpt":{"rendered":"<p>[fusion_builder_container hundred_percent=&#8221;no&#8221; equal_height_columns=&#8221;no&#8221; menu_anchor=&#8221;&#8221; hide_on_mobile=&#8221;small-visibility,medium-visibility,large-visibility&#8221; class=&#8221;&#8221; id=&#8221;&#8221; background_color=&#8221;&#8221; background_image=&#8221;&#8221; background_position=&#8221;center center&#8221; background_repeat=&#8221;no-repeat&#8221; fade=&#8221;no&#8221; background_parallax=&#8221;none&#8221; parallax_speed=&#8221;0.3&#8243; video_mp4=&#8221;&#8221; video_webm=&#8221;&#8221; video_ogv=&#8221;&#8221; video_url=&#8221;&#8221; video_aspect_ratio=&#8221;16:9&#8243; video_loop=&#8221;yes&#8221; video_mute=&#8221;yes&#8221; overlay_color=&#8221;&#8221; video_preview_image=&#8221;&#8221; border_size=&#8221;&#8221; border_color=&#8221;&#8221; border_style=&#8221;solid&#8221; padding_top=&#8221;&#8221; padding_bottom=&#8221;&#8221; padding_left=&#8221;&#8221; padding_right=&#8221;&#8221;][fusion_builder_row][fusion_builder_column type=&#8221;1_1&#8243; layout=&#8221;1_1&#8243; background_position=&#8221;left top&#8221; background_color=&#8221;&#8221; border_size=&#8221;&#8221; border_color=&#8221;&#8221; border_style=&#8221;solid&#8221; border_position=&#8221;all&#8221; spacing=&#8221;yes&#8221; background_image=&#8221;&#8221; background_repeat=&#8221;no-repeat&#8221; padding_top=&#8221;&#8221; padding_right=&#8221;&#8221; padding_bottom=&#8221;&#8221; padding_left=&#8221;&#8221; margin_top=&#8221;0px&#8221; margin_bottom=&#8221;0px&#8221; class=&#8221;&#8221; id=&#8221;&#8221; animation_type=&#8221;&#8221; animation_speed=&#8221;0.3&#8243; animation_direction=&#8221;left&#8221; hide_on_mobile=&#8221;small-visibility,medium-visibility,large-visibility&#8221; center_content=&#8221;no&#8221; last=&#8221;no&#8221; min_height=&#8221;&#8221; hover_type=&#8221;none&#8221; link=&#8221;&#8221;][fusion_text] REDACCI\u00d3N \u25cf Mart\u00ed Batres destac\u00f3 que, en solidaridad y coordinaci\u00f3n con los Gobiernos de M\u00e9xico y de Guerrero, se otorgaron 200 stands a 400 artesanos, y que con la compra de estos art\u00edculos se apoyar\u00e1 la econom\u00eda de la entidad [&hellip;]<\/p>\n","protected":false},"author":1,"featured_media":54676,"comment_status":"open","ping_status":"open","sticky":false,"template":"","format":"standard","meta":{"footnotes":""},"categories":[4,9],"tags":[],"_links":{"self":[{"href":"https:\/\/www.bitacoracdmx.com\/index.php?rest_route=\/wp\/v2\/posts\/54675"}],"collection":[{"href":"https:\/\/www.bitacoracdmx.com\/index.php?rest_route=\/wp\/v2\/posts"}],"about":[{"href":"https:\/\/www.bitacoracdmx.com\/index.php?rest_route=\/wp\/v2\/types\/post"}],"author":[{"embeddable":true,"href":"https:\/\/www.bitacoracdmx.com\/index.php?rest_route=\/wp\/v2\/users\/1"}],"replies":[{"embeddable":true,"href":"https:\/\/www.bitacoracdmx.com\/index.php?rest_route=%2Fwp%2Fv2%2Fcomments&post=54675"}],"version-history":[{"count":1,"href":"https:\/\/www.bitacoracdmx.com\/index.php?rest_route=\/wp\/v2\/posts\/54675\/revisions"}],"predecessor-version":[{"id":54677,"href":"https:\/\/www.bitacoracdmx.com\/index.php?rest_route=\/wp\/v2\/posts\/54675\/revisions\/54677"}],"wp:featuredmedia":[{"embeddable":true,"href":"https:\/\/www.bitacoracdmx.com\/index.php?rest_route=\/wp\/v2\/media\/54676"}],"wp:attachment":[{"href":"https:\/\/www.bitacoracdmx.com\/index.php?rest_route=%2Fwp%2Fv2%2Fmedia&parent=54675"}],"wp:term":[{"taxonomy":"category","embeddable":true,"href":"https:\/\/www.bitacoracdmx.com\/index.php?rest_route=%2Fwp%2Fv2%2Fcategories&post=54675"},{"taxonomy":"post_tag","embeddable":true,"href":"https:\/\/www.bitacoracdmx.com\/index.php?rest_route=%2Fwp%2Fv2%2Ftags&post=54675"}],"curies":[{"name":"wp","href":"https:\/\/api.w.org\/{rel}","templated":true}]}}