{"id":54684,"date":"2023-12-21T02:14:53","date_gmt":"2023-12-21T02:14:53","guid":{"rendered":"https:\/\/www.bitacoracdmx.com\/?p=54684"},"modified":"2023-12-21T02:14:53","modified_gmt":"2023-12-21T02:14:53","slug":"la-exitosa-comedia-la-clase-regresa-a-cdmx-para-seguir-conquistando-al-publico-con-las-clases-de-seduccion-mas-divertidas-3","status":"publish","type":"post","link":"https:\/\/www.bitacoracdmx.com\/?p=54684","title":{"rendered":"\u00a1La exitosa comedia \u201cLA CLASE\u201d regresa a CDMX para seguir conquistando al p\u00fablico con las clases de seducci\u00f3n m\u00e1s divertidas!"},"content":{"rendered":"<p>[fusion_builder_container hundred_percent=&#8221;no&#8221; equal_height_columns=&#8221;no&#8221; menu_anchor=&#8221;&#8221; hide_on_mobile=&#8221;small-visibility,medium-visibility,large-visibility&#8221; class=&#8221;&#8221; id=&#8221;&#8221; background_color=&#8221;&#8221; background_image=&#8221;&#8221; background_position=&#8221;center center&#8221; background_repeat=&#8221;no-repeat&#8221; fade=&#8221;no&#8221; background_parallax=&#8221;none&#8221; parallax_speed=&#8221;0.3&#8243; video_mp4=&#8221;&#8221; video_webm=&#8221;&#8221; video_ogv=&#8221;&#8221; video_url=&#8221;&#8221; video_aspect_ratio=&#8221;16:9&#8243; video_loop=&#8221;yes&#8221; video_mute=&#8221;yes&#8221; overlay_color=&#8221;&#8221; video_preview_image=&#8221;&#8221; border_size=&#8221;&#8221; border_color=&#8221;&#8221; border_style=&#8221;solid&#8221; padding_top=&#8221;&#8221; padding_bottom=&#8221;&#8221; padding_left=&#8221;&#8221; padding_right=&#8221;&#8221;][fusion_builder_row][fusion_builder_column type=&#8221;1_1&#8243; layout=&#8221;1_1&#8243; background_position=&#8221;left top&#8221; background_color=&#8221;&#8221; border_size=&#8221;&#8221; border_color=&#8221;&#8221; border_style=&#8221;solid&#8221; border_position=&#8221;all&#8221; spacing=&#8221;yes&#8221; background_image=&#8221;&#8221; background_repeat=&#8221;no-repeat&#8221; padding_top=&#8221;&#8221; padding_right=&#8221;&#8221; padding_bottom=&#8221;&#8221; padding_left=&#8221;&#8221; margin_top=&#8221;0px&#8221; margin_bottom=&#8221;0px&#8221; class=&#8221;&#8221; id=&#8221;&#8221; animation_type=&#8221;&#8221; animation_speed=&#8221;0.3&#8243; animation_direction=&#8221;left&#8221; hide_on_mobile=&#8221;small-visibility,medium-visibility,large-visibility&#8221; center_content=&#8221;no&#8221; last=&#8221;no&#8221; min_height=&#8221;&#8221; hover_type=&#8221;none&#8221; link=&#8221;&#8221;][fusion_text]<\/p>\n<p>REDACCI\u00d3N<\/p>\n<p><i><span lang=\"ES\">*Arranca corta temporada en el escenario del\u00a0<b>Teatro M\u00e9xico de la Ciudad de M\u00e9xico\u00a0<\/b>a partir del\u00a0<b>viernes 27 de octubre 2023<\/b><\/span><\/i><\/p>\n<p><i><span lang=\"ES\">*Boletos ya disponibles en el Sistema Ticketmaster en\u00a0<\/span><\/i><\/p>\n<h4><span lang=\"ES\">El elenco original compuesto por las estrellas\u00a0<b>Jos\u00e9 Eduardo Derbez, Mauricio Islas, Leonardo de Lozanne\u00a0<\/b>y\u00a0<b>Miguel Burra,\u00a0<\/b>\u00a0est\u00e1n de regreso con\u00a0<b>LA CLASE<\/b>\u00a0para tomar el escenario del\u00a0<b>Teatro M\u00e9xico de la CDMX\u00a0<\/b>a partir del\u00a0<b>viernes 27 de octubre 2023<\/b>,<b>\u00a0<\/b>y ense\u00f1arte a trav\u00e9s de esta divertid\u00edsima obra, que en el amor y la conquista hay lecciones por aprender que te dejar\u00e1n boquiabierto.<\/span><\/h4>\n<p><span lang=\"ES\">Tras su exitosa 1er. \u00a0temporada en\u00a0<b>CDMX\u00a0<\/b>y una gira espectacular por\u00a0<b>USA, Jos\u00e9 Eduardo Derbez, Mauricio Islas, Leonardo de Lozanne\u00a0<\/b>y<b>\u00a0Miguel Burra<\/b>\u00a0regresan a las lecciones de seducci\u00f3n con esta desenfrenada comedia que explora el humor, la toxicidad masculina, el amor, el enga\u00f1o, el abandono y la venganza desde la perspectiva de los personajes.<\/span><\/p>\n<p><span lang=\"ES\">A partir de su estreno el pasado\u00a0<i>octubre del 2022<\/i>,\u00a0<b>LA CLASE\u00a0<\/b>ha conquistado el coraz\u00f3n del p\u00fablico por su peculiar historia, la destacada actuaci\u00f3n de sus actores y la impecable direcci\u00f3n del consagrado director argentino\u00a0<i>Manuel Gonz\u00e1lez Gil<\/i>. Esta es una obra original del renombrado autor argentino\u00a0<i>Daniel D\u00e1tola<\/i>.<\/span><\/p>\n<p><span lang=\"ES\">Despu\u00e9s de las 100 representaciones de la 1er. temporada donde la madrina de lujo\u00a0<i>Victoria Ruffo<\/i>\u00a0devel\u00f3 la placa, el productor\u00a0<b>Xavier L\u00f3pez Miranda\u00a0<\/b>y<b>\u00a0<\/b>la coproductora\u00a0<b>Laura Ferretti\u00a0<\/b>en compa\u00f1\u00eda del elenco,<b>\u00a0<\/b>arrancaron la gira por USA que seguir\u00e1 sumando m\u00e1s ciudades durante este oto\u00f1o, gracias a su \u00e9xito.<\/span><\/p>\n<p><span lang=\"ES\">En M\u00e9xico celebramos que\u00a0<b>LA CLASE<\/b>\u00a0est\u00e1 de regreso e inicia su\u00a0<b>2\u00aa. Temporada<\/b>\u00a0a partir del\u00a0<b>viernes 27 de octubre<\/b>\u00a0en el escenario que la vio nacer:\u00a0<b>El Teatro M\u00e9xico<\/b>.<\/span><\/p>\n<p><b><span lang=\"ES\">La Venta de boletos disponible a partir de la 1er. semana de octubre<\/span><\/b><\/p>\n<p><span lang=\"ES\">Funciones LA CLASE \u00a0<\/span><\/p>\n<p><span lang=\"ES\">Viernes: \u00a08:30 pm<\/span><\/p>\n<p><span lang=\"ES\">S\u00e1bados: 6 pm y 8:30 pm<\/span><\/p>\n<p><span lang=\"ES\">Domingos: 5:00 pm<\/span><\/p>\n<p><span lang=\"ES\">Boletos ya disponibles en el Sistema Ticketmaster en\u00a0<\/span><\/p>\n<p><span lang=\"ES\">\u00a1Prep\u00e1rate de nuevo para re\u00edr, emocionarte y vivir la seducci\u00f3n como nunca antes en\u00a0<b>LA CLASE!<\/b><\/span><\/p>\n<p><b><i><u><span lang=\"ES\">SINOPSIS<\/span><\/u><\/i><\/b><b><u><span lang=\"ES\">\u00a0LA CLASE<\/span><\/u><\/b><\/p>\n<p><span lang=\"ES\">Este duelo actoral se desarrolla durante una clase de seducci\u00f3n donde conoceremos a LALO, que ser\u00e1 interpretado por el gran talento de\u00a0<b>Jos\u00e9 Eduardo Derbez y Miguel Burra\u00a0<\/b><i>(alternando funciones)\u00a0\u00a0<\/i>LALO es un hombre introvertido, mandil\u00f3n, inseguro, fuera de \u00e9poca que acaba de ser abandonado por su esposa despu\u00e9s de muchos a\u00f1os de matrimonio y que est\u00e1 dispuesto a todo con tal de volver al ruedo.<\/span><\/p>\n<p><span lang=\"ES\">Para lograrlo, contrata una clase con LEO, interpretado por\u00a0 los guapos:<b>\u00a0Mauricio Islas y Leonardo de Lozanne<\/b>. (Alternando funciones) LEO es un gal\u00e1n mujeriego, carism\u00e1tico, manipulador y autoproclamado rey del ligue que necesita dinero y decide aprovechar su experiencia dando clases de seducci\u00f3n en su apartamento. Leo ve en Lalo una presa desesperada a quien ser\u00e1 f\u00e1cil quitarle dinero, pero Lalo resulta un hueso dif\u00edcil de roer.<\/span><\/p>\n<p><span lang=\"ES\">La obra se desarrolla durante esta sesi\u00f3n donde estos personajes tan dispares, explorar\u00e1n juntos el ligue, las relaciones y los recovecos de la mente masculina,\u00a0<i>su \u00fanica acompa\u00f1ante femenina<\/i>\u00a0en esta historia es una ocurrente bocina inteligente, quien los acompa\u00f1a en una lecci\u00f3n que genera miles de risas en el camino.<\/span><\/p>\n<p><span lang=\"ES\">Poco a poco la clase se complica, LEO recibe una llamada que lo altera todo, los roles se invierten y el alumno ahora supera al maestro y as\u00ed las risas y la comedia van creciendo en una clase donde no todo es lo que parece y que tendr\u00e1 al p\u00fablico doblado de risa durante sus 100 minutos de duraci\u00f3n, concluyendo en un final totalmente inesperado que dejar\u00e1 al p\u00fablico hablando por d\u00edas.<\/span><\/p>\n<p><b><span lang=\"ES\">LA CLASE<\/span><\/b><span lang=\"ES\">, es una obra del reconocido escritor argentino Daniel D\u00e1tola (<\/span><span dir=\"RTL\" lang=\"AR-SA\">\u201c<\/span><span lang=\"ES\">4 de copas\u201d, \u201c\u00bfPor qu\u00e9 ser\u00e1 que las queremos tanto?\u201d,\u00a0<\/span><span dir=\"RTL\" lang=\"AR-SA\">\u201c<\/span><span lang=\"ES\">Otra vez Papa\u201d, etc.), fue adaptada a M\u00e9xico por el escritor Marco Lagarde. La direcci\u00f3n estuvo a cargo del c\u00e9lebre Manuel Gonz\u00e1lez Gil, el gran director porte\u00f1o que se ha consolidado en M\u00e9xico con obras como\u00a0<\/span><span dir=\"RTL\" lang=\"AR-SA\">\u201c<\/span><span lang=\"ES\">Dos locas de remate\u201d,\u00a0<\/span><span dir=\"RTL\" lang=\"AR-SA\">\u201c<\/span><span lang=\"ES\">Made in M\u00e9xico\u201d,\u00a0<\/span><span dir=\"RTL\" lang=\"AR-SA\">\u201c<\/span><span lang=\"ES\">La naranja Mec\u00e1nica\u201d,\u00a0<\/span><span dir=\"RTL\" lang=\"AR-SA\">\u201c<\/span><span lang=\"ES\">100 metros cuadrados\u201d,\u00a0<\/span><span dir=\"RTL\" lang=\"AR-SA\">\u201c<\/span><span lang=\"ES\">Si la cosa funciona\u201d etc.<\/span><\/p>\n<p><span lang=\"ES\">Esta gran producci\u00f3n est\u00e1 a cargo de\u00a0<b>ESPIRAL<\/b>, la compa\u00f1\u00eda del vers\u00e1til productor\u00a0<b>Xavier L\u00f3pez Miranda<\/b>, (La Villa de Santa Claus, Ciudad Blanca, Lilo el cocodrilo, etc.) e hijo del c\u00e9lebre\u00a0<b>Xavier L\u00f3pez<\/b>\u00a0<i>\u201cChabelo\u201d,<\/i>\u00a0uni\u00e9ndose como coproductora la actriz y escritora\u00a0<b>Laura Ferretti<\/b>.<\/span><\/p>\n<h2><b><span lang=\"ES\">M\u00e1s informaci\u00f3n en:<\/span><\/b><b><\/b><\/h2>\n<p><b><span lang=\"ES\">Web:\u00a0<\/span><\/b><b><span lang=\"EN-US\"><a href=\"http:\/\/www.laclaseobra.com\/\" target=\"_blank\" rel=\"noopener noreferrer\" data-auth=\"NotApplicable\" data-linkindex=\"3\"><span lang=\"ES\">www.laclaseobra.com<\/span><\/a><\/span><\/b><b><\/b><\/p>\n<p><b><span lang=\"EN-US\">Facebook:\u00a0<\/span><\/b><b><span lang=\"EN-US\"><a href=\"https:\/\/www.facebook.com\/laclaseobra\" target=\"_blank\" rel=\"noopener noreferrer\" data-auth=\"NotApplicable\" data-linkindex=\"4\">https:\/\/www.facebook.com\/laclaseobra<\/a><\/span><\/b><\/p>\n<p><b><span lang=\"EN-US\">Instagram:\u00a0<\/span><\/b><b><span lang=\"EN-US\"><a href=\"https:\/\/www.instagram.com\/laclaseobra\" target=\"_blank\" rel=\"noopener noreferrer\" data-auth=\"NotApplicable\" data-linkindex=\"5\">https:\/\/www.instagram.com\/laclaseobra<\/a><\/span><\/b><\/p>\n<p><b><span lang=\"ES\">Twitter:<\/span><\/b><b><span lang=\"ES\">\u00a0<\/span><\/b><b><span lang=\"EN-US\"><a href=\"https:\/\/twitter.com\/laclaseobra\" target=\"_blank\" rel=\"noopener noreferrer\" data-auth=\"NotApplicable\" data-linkindex=\"6\"><span lang=\"ES\">https:\/\/twitter.com\/laclaseobra<\/span><\/a><\/span><\/b><b><\/b><\/p>\n<p><b><span lang=\"EN-US\">Tiktok:\u00a0<\/span><\/b><b><span lang=\"EN-US\"><a href=\"https:\/\/www.tiktok.com\/@laclaseobra\" target=\"_blank\" rel=\"noopener noreferrer\" data-auth=\"NotApplicable\" data-linkindex=\"7\">https:\/\/www.tiktok.com\/@laclaseobra<\/a><\/span><\/b><\/p>\n<div dir=\"auto\"><a class=\"x1i10hfl xjbqb8w x6umtig x1b1mbwd xaqea5y xav7gou x9f619 x1ypdohk xt0psk2 xe8uvvx xdj266r x11i5rnm xat24cr x1mh8g0r xexx8yu x4uap5 x18d9i69 xkhd6sd x16tdsg8 x1hl2dhg xggy1nq x1a2a7pz xt0b8zv x1qq9wsj xo1l8bm\" tabindex=\"0\" role=\"link\" href=\"https:\/\/www.facebook.com\/hashtag\/laclase?__eep__=6&amp;__cft__[0]=AZU2DGA1p6bpN5fZUemrILV70ln56RjpgempLejY1wVY0eKBE0x2u0qgbB7BeJSSc8tAvhLDRBZe5Q_y7K68MviysXQkk8AXepxWJWoKex4prdORKaeJm6CipsfLIPaUPB8&amp;__tn__=*NK-R\">#LaClase<\/a><\/div>\n<div dir=\"auto\"><a class=\"x1i10hfl xjbqb8w x6umtig x1b1mbwd xaqea5y xav7gou x9f619 x1ypdohk xt0psk2 xe8uvvx xdj266r x11i5rnm xat24cr x1mh8g0r xexx8yu x4uap5 x18d9i69 xkhd6sd x16tdsg8 x1hl2dhg xggy1nq x1a2a7pz xt0b8zv x1qq9wsj xo1l8bm\" tabindex=\"0\" role=\"link\" href=\"https:\/\/www.facebook.com\/hashtag\/teatromexico?__eep__=6&amp;__cft__[0]=AZU2DGA1p6bpN5fZUemrILV70ln56RjpgempLejY1wVY0eKBE0x2u0qgbB7BeJSSc8tAvhLDRBZe5Q_y7K68MviysXQkk8AXepxWJWoKex4prdORKaeJm6CipsfLIPaUPB8&amp;__tn__=*NK-R\">#teatromexico<\/a><\/div>\n<div dir=\"auto\"><a class=\"x1i10hfl xjbqb8w x6umtig x1b1mbwd xaqea5y xav7gou x9f619 x1ypdohk xt0psk2 xe8uvvx xdj266r x11i5rnm xat24cr x1mh8g0r xexx8yu x4uap5 x18d9i69 xkhd6sd x16tdsg8 x1hl2dhg xggy1nq x1a2a7pz xt0b8zv x1qq9wsj xo1l8bm\" tabindex=\"0\" role=\"link\" href=\"https:\/\/www.facebook.com\/hashtag\/ticketmaster?__eep__=6&amp;__cft__[0]=AZU2DGA1p6bpN5fZUemrILV70ln56RjpgempLejY1wVY0eKBE0x2u0qgbB7BeJSSc8tAvhLDRBZe5Q_y7K68MviysXQkk8AXepxWJWoKex4prdORKaeJm6CipsfLIPaUPB8&amp;__tn__=*NK-R\">#ticketmaster<\/a><\/div>\n<div dir=\"auto\"><a class=\"x1i10hfl xjbqb8w x6umtig x1b1mbwd xaqea5y xav7gou x9f619 x1ypdohk xt0psk2 xe8uvvx xdj266r x11i5rnm xat24cr x1mh8g0r xexx8yu x4uap5 x18d9i69 xkhd6sd x16tdsg8 x1hl2dhg xggy1nq x1a2a7pz xt0b8zv x1qq9wsj xo1l8bm\" tabindex=\"0\" role=\"link\" href=\"https:\/\/www.facebook.com\/hashtag\/bitacoracdmx?__eep__=6&amp;__cft__[0]=AZU2DGA1p6bpN5fZUemrILV70ln56RjpgempLejY1wVY0eKBE0x2u0qgbB7BeJSSc8tAvhLDRBZe5Q_y7K68MviysXQkk8AXepxWJWoKex4prdORKaeJm6CipsfLIPaUPB8&amp;__tn__=*NK-R\">#bitacoracdmx<\/a><\/div>\n<p>[\/fusion_text][fusion_imageframe image_id=&#8221;54685|medium&#8221; max_width=&#8221;&#8221; style_type=&#8221;&#8221; blur=&#8221;&#8221; stylecolor=&#8221;&#8221; hover_type=&#8221;none&#8221; bordersize=&#8221;&#8221; bordercolor=&#8221;&#8221; borderradius=&#8221;&#8221; align=&#8221;none&#8221; lightbox=&#8221;no&#8221; gallery_id=&#8221;&#8221; lightbox_image=&#8221;&#8221; lightbox_image_id=&#8221;&#8221; alt=&#8221;&#8221; link=&#8221;&#8221; linktarget=&#8221;_self&#8221; hide_on_mobile=&#8221;small-visibility,medium-visibility,large-visibility&#8221; class=&#8221;&#8221; id=&#8221;&#8221; animation_type=&#8221;&#8221; animation_direction=&#8221;left&#8221; animation_speed=&#8221;0.3&#8243; animation_offset=&#8221;&#8221;]https:\/\/www.bitacoracdmx.com\/wp-content\/uploads\/2023\/12\/LA-CLASE-TEATRO-OCT-2023-POSTER-2-180&#215;300.jpg[\/fusion_imageframe][\/fusion_builder_column][\/fusion_builder_row][\/fusion_builder_container]<\/p>\n","protected":false},"excerpt":{"rendered":"<p>[fusion_builder_container hundred_percent=&#8221;no&#8221; equal_height_columns=&#8221;no&#8221; menu_anchor=&#8221;&#8221; hide_on_mobile=&#8221;small-visibility,medium-visibility,large-visibility&#8221; class=&#8221;&#8221; id=&#8221;&#8221; background_color=&#8221;&#8221; background_image=&#8221;&#8221; background_position=&#8221;center center&#8221; background_repeat=&#8221;no-repeat&#8221; fade=&#8221;no&#8221; background_parallax=&#8221;none&#8221; parallax_speed=&#8221;0.3&#8243; video_mp4=&#8221;&#8221; video_webm=&#8221;&#8221; video_ogv=&#8221;&#8221; video_url=&#8221;&#8221; video_aspect_ratio=&#8221;16:9&#8243; video_loop=&#8221;yes&#8221; video_mute=&#8221;yes&#8221; overlay_color=&#8221;&#8221; video_preview_image=&#8221;&#8221; border_size=&#8221;&#8221; border_color=&#8221;&#8221; border_style=&#8221;solid&#8221; padding_top=&#8221;&#8221; padding_bottom=&#8221;&#8221; padding_left=&#8221;&#8221; padding_right=&#8221;&#8221;][fusion_builder_row][fusion_builder_column type=&#8221;1_1&#8243; layout=&#8221;1_1&#8243; background_position=&#8221;left top&#8221; background_color=&#8221;&#8221; border_size=&#8221;&#8221; border_color=&#8221;&#8221; border_style=&#8221;solid&#8221; border_position=&#8221;all&#8221; spacing=&#8221;yes&#8221; background_image=&#8221;&#8221; background_repeat=&#8221;no-repeat&#8221; padding_top=&#8221;&#8221; padding_right=&#8221;&#8221; padding_bottom=&#8221;&#8221; padding_left=&#8221;&#8221; margin_top=&#8221;0px&#8221; margin_bottom=&#8221;0px&#8221; class=&#8221;&#8221; id=&#8221;&#8221; animation_type=&#8221;&#8221; animation_speed=&#8221;0.3&#8243; animation_direction=&#8221;left&#8221; hide_on_mobile=&#8221;small-visibility,medium-visibility,large-visibility&#8221; center_content=&#8221;no&#8221; last=&#8221;no&#8221; min_height=&#8221;&#8221; hover_type=&#8221;none&#8221; link=&#8221;&#8221;][fusion_text] REDACCI\u00d3N *Arranca corta temporada en el escenario del\u00a0Teatro M\u00e9xico de la Ciudad de M\u00e9xico\u00a0a partir del\u00a0viernes 27 de octubre 2023 *Boletos ya disponibles en el Sistema Ticketmaster en\u00a0 El elenco original compuesto por las estrellas\u00a0Jos\u00e9 Eduardo Derbez, Mauricio Islas, Leonardo [&hellip;]<\/p>\n","protected":false},"author":1,"featured_media":54685,"comment_status":"open","ping_status":"open","sticky":false,"template":"","format":"standard","meta":{"footnotes":""},"categories":[9,14],"tags":[],"_links":{"self":[{"href":"https:\/\/www.bitacoracdmx.com\/index.php?rest_route=\/wp\/v2\/posts\/54684"}],"collection":[{"href":"https:\/\/www.bitacoracdmx.com\/index.php?rest_route=\/wp\/v2\/posts"}],"about":[{"href":"https:\/\/www.bitacoracdmx.com\/index.php?rest_route=\/wp\/v2\/types\/post"}],"author":[{"embeddable":true,"href":"https:\/\/www.bitacoracdmx.com\/index.php?rest_route=\/wp\/v2\/users\/1"}],"replies":[{"embeddable":true,"href":"https:\/\/www.bitacoracdmx.com\/index.php?rest_route=%2Fwp%2Fv2%2Fcomments&post=54684"}],"version-history":[{"count":1,"href":"https:\/\/www.bitacoracdmx.com\/index.php?rest_route=\/wp\/v2\/posts\/54684\/revisions"}],"predecessor-version":[{"id":54686,"href":"https:\/\/www.bitacoracdmx.com\/index.php?rest_route=\/wp\/v2\/posts\/54684\/revisions\/54686"}],"wp:featuredmedia":[{"embeddable":true,"href":"https:\/\/www.bitacoracdmx.com\/index.php?rest_route=\/wp\/v2\/media\/54685"}],"wp:attachment":[{"href":"https:\/\/www.bitacoracdmx.com\/index.php?rest_route=%2Fwp%2Fv2%2Fmedia&parent=54684"}],"wp:term":[{"taxonomy":"category","embeddable":true,"href":"https:\/\/www.bitacoracdmx.com\/index.php?rest_route=%2Fwp%2Fv2%2Fcategories&post=54684"},{"taxonomy":"post_tag","embeddable":true,"href":"https:\/\/www.bitacoracdmx.com\/index.php?rest_route=%2Fwp%2Fv2%2Ftags&post=54684"}],"curies":[{"name":"wp","href":"https:\/\/api.w.org\/{rel}","templated":true}]}}