{"id":54831,"date":"2024-01-08T04:41:32","date_gmt":"2024-01-08T04:41:32","guid":{"rendered":"https:\/\/www.bitacoracdmx.com\/?p=54831"},"modified":"2024-01-08T04:41:32","modified_gmt":"2024-01-08T04:41:32","slug":"wenses-y-lala-un-encuentro-eterno-que-ha-conquistado-el-corazon-del-publico","status":"publish","type":"post","link":"https:\/\/www.bitacoracdmx.com\/?p=54831","title":{"rendered":"WENSES Y LALA un encuentro eterno que ha conquistado el coraz\u00f3n del p\u00fablico"},"content":{"rendered":"<p>[fusion_builder_container hundred_percent=&#8221;no&#8221; equal_height_columns=&#8221;no&#8221; menu_anchor=&#8221;&#8221; hide_on_mobile=&#8221;small-visibility,medium-visibility,large-visibility&#8221; class=&#8221;&#8221; id=&#8221;&#8221; background_color=&#8221;&#8221; background_image=&#8221;&#8221; background_position=&#8221;center center&#8221; background_repeat=&#8221;no-repeat&#8221; fade=&#8221;no&#8221; background_parallax=&#8221;none&#8221; parallax_speed=&#8221;0.3&#8243; video_mp4=&#8221;&#8221; video_webm=&#8221;&#8221; video_ogv=&#8221;&#8221; video_url=&#8221;&#8221; video_aspect_ratio=&#8221;16:9&#8243; video_loop=&#8221;yes&#8221; video_mute=&#8221;yes&#8221; overlay_color=&#8221;&#8221; video_preview_image=&#8221;&#8221; border_size=&#8221;&#8221; border_color=&#8221;&#8221; border_style=&#8221;solid&#8221; padding_top=&#8221;&#8221; padding_bottom=&#8221;&#8221; padding_left=&#8221;&#8221; padding_right=&#8221;&#8221;][fusion_builder_row][fusion_builder_column type=&#8221;1_1&#8243; layout=&#8221;1_1&#8243; background_position=&#8221;left top&#8221; background_color=&#8221;&#8221; border_size=&#8221;&#8221; border_color=&#8221;&#8221; border_style=&#8221;solid&#8221; border_position=&#8221;all&#8221; spacing=&#8221;yes&#8221; background_image=&#8221;&#8221; background_repeat=&#8221;no-repeat&#8221; padding_top=&#8221;&#8221; padding_right=&#8221;&#8221; padding_bottom=&#8221;&#8221; padding_left=&#8221;&#8221; margin_top=&#8221;0px&#8221; margin_bottom=&#8221;0px&#8221; class=&#8221;&#8221; id=&#8221;&#8221; animation_type=&#8221;&#8221; animation_speed=&#8221;0.3&#8243; animation_direction=&#8221;left&#8221; hide_on_mobile=&#8221;small-visibility,medium-visibility,large-visibility&#8221; center_content=&#8221;no&#8221; last=&#8221;no&#8221; min_height=&#8221;&#8221; hover_type=&#8221;none&#8221; link=&#8221;&#8221;][fusion_text]<\/p>\n<p>REDACCI\u00d3N<\/p>\n<p class=\"\">\u00b7\u00a0<strong>Wenses y Lala inicia el a\u00f1o con una corta temporada en La Teatrer\u00eda<\/strong><\/p>\n<p class=\"\">\u00b7\u00a0<strong>Adri\u00e1n y F\u00e1tima nos cuentan la historia de Wenses y Lala, una historia de amor forjado entre inocencia y duras experiencias.<\/strong><\/p>\n<p class=\"\">\u00b7\u00a0<strong>Una obra multipremiada y una direcci\u00f3n excepcional de teatro mexicano.<\/strong><\/p>\n<p class=\"\">\u00b7\u00a0<strong>Wenses y Lala es la obra favorita del p\u00fablico y est\u00e1 llamada a ser una obra obligada del teatro porque logra ser cada d\u00eda m\u00e1s actual<\/strong><\/p>\n<p class=\"\">Wenses y Lala, una producci\u00f3n de la compa\u00f1\u00eda Los Tristes Tigres, inicia el a\u00f1o con una temporada en La Teatrer\u00eda a partir del 13 de enero. Es una obra que se ha consagrado como una de las favoritas de la audiencia y la cr\u00edtica. Si hay una historia de amor que ha conmovido al teatro en M\u00e9xico, es la de Wenses y Lala, puesta en escena entra\u00f1able y divertida que hoy m\u00e1s que nunca se vuelve necesaria para recordarnos lo m\u00e1s valioso que se tiene: la vida.<\/p>\n<p class=\"\">Adri\u00e1n V\u00e1zquez nos habla sobre esta obra que sigue coleccionando \u00e9xitos y taquillas agotadas: \u201cMe siento orgulloso de todo lo que ha crecido la obra, pero tambi\u00e9n observo desde un punto de vista humilde el trabajo que nos toca hacer funci\u00f3n con funci\u00f3n\u201d.<\/p>\n<p class=\"\">\u200bLa incorporaci\u00f3n de F\u00e1tima Molina interpretando a la entra\u00f1able Lala, es una oportunidad para ver esta historia con una personalidad diferente en el escenario interactuando con su contraparte Wenses, buscando matices nuevos.<\/p>\n<p class=\"\">\u200bTodo aquel que ha visto la obra, a veces no s\u00f3lo una sino varias veces, la recomienda por ser un montaje lleno de talento, desde el texto hasta las maravillosas interpretaciones que conforman el elenco. Por eso, no es de extra\u00f1ar encontrarnos con frases como: \u201cWenses y Lala nos ense\u00f1a lo que en verdad es el amor\u201d, \u201cLlevar\u00e9 esta obra en mi coraz\u00f3n siempre\u201d, \u201cUn homenaje a los que se fueron\u201d, \u201cLa recuerdo y mis ojos se inundan de nuevo\u201d.<\/p>\n<p class=\"\">Adri\u00e1n comenta los siguiente: \u201cEs un privilegio y me resulta muy satisfactorio poder tener el cari\u00f1o del p\u00fablico que tal vez nos permita seguir present\u00e1ndonos incluso cuando lleguemos a la tercera edad. Es muy grato ver todo lo que nos ha dado esta obra, todo lo que ha crecido y nosotros con ella\u201d.<\/p>\n<p class=\"\">\u200bLa puesta en escena sucede en alg\u00fan lugar del norte de M\u00e9xico al que se le podr\u00eda poner nombre, pero en realidad es el reflejo de cualquier sitio golpeado por la violencia. A pesar de ello, la naturalidad de las escenas y la narraci\u00f3n invita por medio de la comedia a revivir los recuerdos m\u00e1s atesorados que la memoria puede conservar: la infancia y los juegos en la calle con los vecinos, el malvado perro que correteaba a todos de camino a la tiendita, los a\u00f1os de escuela, el primer amor, el beso inolvidable, el canto de mam\u00e1, las historias que cuenta la familia, una tarde en el campo, la tranquilidad de un r\u00edo; entre otros peque\u00f1os detalles que le dan sentido a la existencia.<\/p>\n<p class=\"\">\u200bAs\u00ed, entre risas y l\u00e1grimas, nos cuentan la historia de dos vidas llenas de alegr\u00edas, de dolor, de p\u00e9rdidas y abandono, de episodios sangrientos que les quitaron lo que m\u00e1s quieren, de las promesas que los mantienen siempre unidos, y lo hacen de tal forma, que los espectadores se mantienen siempre en una monta\u00f1a rusa de emociones, sensaciones, recuerdos y reflexiones.<\/p>\n<p class=\"\">\u200bEs por lo que, desde que naci\u00f3 esta obra, en el a\u00f1o 2014, hasta la fecha, han cultivado expresiones que ya hacen eco en todos los espacios donde se hable del buen teatro: \u201chermosa\u201d, \u201cun referente de la escena mexicana\u201d, \u201cuna joya total\u201d, \u201cmaravillosa\u201d, \u201cconmovedora y entra\u00f1able\u201d \u2026<\/p>\n<p class=\"\">Wenses y Lala cumplir\u00e1 una temporada de 13 de enero al 25 de febrero con funciones los s\u00e1bados a las 20 horas y los domingos a las 18:00 horas en la Teatrer\u00eda, ubicado en Tabasco 152 Colonia Roma Norte. Los boletos tienen un costo de $550 y se pueden obtener en la taquilla y en web<\/p>\n<p class=\"\"><a href=\"https:\/\/click.convertkit-mail2.com\/e5u029mlrzs7hp6k3pwt8h7326w22\/reh8hoh0m2zxewa2\/aHR0cHM6Ly9sYXRlYXRyZXJpYS5ib2xldG9zZW5saW5lYS5ldmVudHMvZGVmYXVsdC5hc3A_c2VhcmNoPXdlbnNlcw==\" target=\"_blank\" rel=\"noopener noreferrer\" data-auth=\"NotApplicable\" data-linkindex=\"0\">https:\/\/lateatreria.boletosenlinea.events\/default.asp?search=wenses<\/a>\u200b<\/p>\n<p class=\"\">Sigue las redes sociales de la compa\u00f1\u00eda para consultar m\u00e1s informaci\u00f3n:<\/p>\n<p class=\"\">\u00b7 FB\u00a0<a href=\"https:\/\/click.convertkit-mail2.com\/e5u029mlrzs7hp6k3pwt8h7326w22\/8ghqhohlo0n9xkfk\/aHR0cHM6Ly93d3cuZmFjZWJvb2suY29tL3dlbnNlc3lsYWxh\" target=\"_blank\" rel=\"noopener noreferrer\" data-auth=\"NotApplicable\" data-linkindex=\"1\">wensesylala<\/a>\u00a0| LosTristesTigresCompania<\/p>\n<p class=\"\">\u00b7 IG\u00a0<a href=\"https:\/\/click.convertkit-mail2.com\/e5u029mlrzs7hp6k3pwt8h7326w22\/m2h7h5h83gze75tm\/aHR0cHM6Ly93d3cuaW5zdGFncmFtLmNvbS90cmlzdGVzdGlncmVzYy8_aGw9ZXM=\" target=\"_blank\" rel=\"noopener noreferrer\" data-auth=\"NotApplicable\" data-linkindex=\"2\">tristestigresc<\/a>\u00a0|<\/p>\n<p class=\"\">\u00b7 TW: @tristestigres<\/p>\n<div dir=\"auto\"><a class=\"x1i10hfl xjbqb8w x6umtig x1b1mbwd xaqea5y xav7gou x9f619 x1ypdohk xt0psk2 xe8uvvx xdj266r x11i5rnm xat24cr x1mh8g0r xexx8yu x4uap5 x18d9i69 xkhd6sd x16tdsg8 x1hl2dhg xggy1nq x1a2a7pz xt0b8zv x1qq9wsj xo1l8bm\" tabindex=\"0\" role=\"link\" href=\"https:\/\/www.facebook.com\/hashtag\/wensesylala?__eep__=6&amp;__cft__[0]=AZW2e6Npp06E3VbVENgD2gi3nBtbRfv3hU7ufHMPpEYA3Ad1kndR1-Nf6o-YjQIAqPGRyOjezi_37Ll8o2dzK_h6_JN8Szc7L-o9NERLUkZ_8YROBrMITOEoMpTPVxcKKrk&amp;__tn__=*NK-R\">#WensesYLala<\/a><\/div>\n<div dir=\"auto\"><a class=\"x1i10hfl xjbqb8w x6umtig x1b1mbwd xaqea5y xav7gou x9f619 x1ypdohk xt0psk2 xe8uvvx xdj266r x11i5rnm xat24cr x1mh8g0r xexx8yu x4uap5 x18d9i69 xkhd6sd x16tdsg8 x1hl2dhg xggy1nq x1a2a7pz xt0b8zv x1qq9wsj xo1l8bm\" tabindex=\"0\" role=\"link\" href=\"https:\/\/www.facebook.com\/hashtag\/lateatreria?__eep__=6&amp;__cft__[0]=AZW2e6Npp06E3VbVENgD2gi3nBtbRfv3hU7ufHMPpEYA3Ad1kndR1-Nf6o-YjQIAqPGRyOjezi_37Ll8o2dzK_h6_JN8Szc7L-o9NERLUkZ_8YROBrMITOEoMpTPVxcKKrk&amp;__tn__=*NK-R\">#LaTeatreria<\/a><\/div>\n<div dir=\"auto\"><a class=\"x1i10hfl xjbqb8w x6umtig x1b1mbwd xaqea5y xav7gou x9f619 x1ypdohk xt0psk2 xe8uvvx xdj266r x11i5rnm xat24cr x1mh8g0r xexx8yu x4uap5 x18d9i69 xkhd6sd x16tdsg8 x1hl2dhg xggy1nq x1a2a7pz xt0b8zv x1qq9wsj xo1l8bm\" tabindex=\"0\" role=\"link\" href=\"https:\/\/www.facebook.com\/hashtag\/bitacoracdmx?__eep__=6&amp;__cft__[0]=AZW2e6Npp06E3VbVENgD2gi3nBtbRfv3hU7ufHMPpEYA3Ad1kndR1-Nf6o-YjQIAqPGRyOjezi_37Ll8o2dzK_h6_JN8Szc7L-o9NERLUkZ_8YROBrMITOEoMpTPVxcKKrk&amp;__tn__=*NK-R\">#bitacoracdmx<\/a><\/div>\n<p>[\/fusion_text][fusion_imageframe image_id=&#8221;54832|medium&#8221; max_width=&#8221;&#8221; style_type=&#8221;&#8221; blur=&#8221;&#8221; stylecolor=&#8221;&#8221; hover_type=&#8221;none&#8221; bordersize=&#8221;&#8221; bordercolor=&#8221;&#8221; borderradius=&#8221;&#8221; align=&#8221;none&#8221; lightbox=&#8221;no&#8221; gallery_id=&#8221;&#8221; lightbox_image=&#8221;&#8221; lightbox_image_id=&#8221;&#8221; alt=&#8221;&#8221; link=&#8221;&#8221; linktarget=&#8221;_self&#8221; hide_on_mobile=&#8221;small-visibility,medium-visibility,large-visibility&#8221; class=&#8221;&#8221; id=&#8221;&#8221; animation_type=&#8221;&#8221; animation_direction=&#8221;left&#8221; animation_speed=&#8221;0.3&#8243; animation_offset=&#8221;&#8221;]https:\/\/www.bitacoracdmx.com\/wp-content\/uploads\/2024\/01\/Wenses-y-Lala-300&#215;300.jpg[\/fusion_imageframe][\/fusion_builder_column][\/fusion_builder_row][\/fusion_builder_container]<\/p>\n","protected":false},"excerpt":{"rendered":"<p>[fusion_builder_container hundred_percent=&#8221;no&#8221; equal_height_columns=&#8221;no&#8221; menu_anchor=&#8221;&#8221; hide_on_mobile=&#8221;small-visibility,medium-visibility,large-visibility&#8221; class=&#8221;&#8221; id=&#8221;&#8221; background_color=&#8221;&#8221; background_image=&#8221;&#8221; background_position=&#8221;center center&#8221; background_repeat=&#8221;no-repeat&#8221; fade=&#8221;no&#8221; background_parallax=&#8221;none&#8221; parallax_speed=&#8221;0.3&#8243; video_mp4=&#8221;&#8221; video_webm=&#8221;&#8221; video_ogv=&#8221;&#8221; video_url=&#8221;&#8221; video_aspect_ratio=&#8221;16:9&#8243; video_loop=&#8221;yes&#8221; video_mute=&#8221;yes&#8221; overlay_color=&#8221;&#8221; video_preview_image=&#8221;&#8221; border_size=&#8221;&#8221; border_color=&#8221;&#8221; border_style=&#8221;solid&#8221; padding_top=&#8221;&#8221; padding_bottom=&#8221;&#8221; padding_left=&#8221;&#8221; padding_right=&#8221;&#8221;][fusion_builder_row][fusion_builder_column type=&#8221;1_1&#8243; layout=&#8221;1_1&#8243; background_position=&#8221;left top&#8221; background_color=&#8221;&#8221; border_size=&#8221;&#8221; border_color=&#8221;&#8221; border_style=&#8221;solid&#8221; border_position=&#8221;all&#8221; spacing=&#8221;yes&#8221; background_image=&#8221;&#8221; background_repeat=&#8221;no-repeat&#8221; padding_top=&#8221;&#8221; padding_right=&#8221;&#8221; padding_bottom=&#8221;&#8221; padding_left=&#8221;&#8221; margin_top=&#8221;0px&#8221; margin_bottom=&#8221;0px&#8221; class=&#8221;&#8221; id=&#8221;&#8221; animation_type=&#8221;&#8221; animation_speed=&#8221;0.3&#8243; animation_direction=&#8221;left&#8221; hide_on_mobile=&#8221;small-visibility,medium-visibility,large-visibility&#8221; center_content=&#8221;no&#8221; last=&#8221;no&#8221; min_height=&#8221;&#8221; hover_type=&#8221;none&#8221; link=&#8221;&#8221;][fusion_text] REDACCI\u00d3N \u00b7\u00a0Wenses y Lala inicia el a\u00f1o con una corta temporada en La Teatrer\u00eda \u00b7\u00a0Adri\u00e1n y F\u00e1tima nos cuentan la historia de Wenses y Lala, una historia de amor forjado entre inocencia y duras experiencias. \u00b7\u00a0Una obra multipremiada y una [&hellip;]<\/p>\n","protected":false},"author":1,"featured_media":54832,"comment_status":"open","ping_status":"open","sticky":false,"template":"","format":"standard","meta":{"footnotes":""},"categories":[9,14],"tags":[],"_links":{"self":[{"href":"https:\/\/www.bitacoracdmx.com\/index.php?rest_route=\/wp\/v2\/posts\/54831"}],"collection":[{"href":"https:\/\/www.bitacoracdmx.com\/index.php?rest_route=\/wp\/v2\/posts"}],"about":[{"href":"https:\/\/www.bitacoracdmx.com\/index.php?rest_route=\/wp\/v2\/types\/post"}],"author":[{"embeddable":true,"href":"https:\/\/www.bitacoracdmx.com\/index.php?rest_route=\/wp\/v2\/users\/1"}],"replies":[{"embeddable":true,"href":"https:\/\/www.bitacoracdmx.com\/index.php?rest_route=%2Fwp%2Fv2%2Fcomments&post=54831"}],"version-history":[{"count":1,"href":"https:\/\/www.bitacoracdmx.com\/index.php?rest_route=\/wp\/v2\/posts\/54831\/revisions"}],"predecessor-version":[{"id":54833,"href":"https:\/\/www.bitacoracdmx.com\/index.php?rest_route=\/wp\/v2\/posts\/54831\/revisions\/54833"}],"wp:featuredmedia":[{"embeddable":true,"href":"https:\/\/www.bitacoracdmx.com\/index.php?rest_route=\/wp\/v2\/media\/54832"}],"wp:attachment":[{"href":"https:\/\/www.bitacoracdmx.com\/index.php?rest_route=%2Fwp%2Fv2%2Fmedia&parent=54831"}],"wp:term":[{"taxonomy":"category","embeddable":true,"href":"https:\/\/www.bitacoracdmx.com\/index.php?rest_route=%2Fwp%2Fv2%2Fcategories&post=54831"},{"taxonomy":"post_tag","embeddable":true,"href":"https:\/\/www.bitacoracdmx.com\/index.php?rest_route=%2Fwp%2Fv2%2Ftags&post=54831"}],"curies":[{"name":"wp","href":"https:\/\/api.w.org\/{rel}","templated":true}]}}