{"id":54834,"date":"2024-01-08T04:54:49","date_gmt":"2024-01-08T04:54:49","guid":{"rendered":"https:\/\/www.bitacoracdmx.com\/?p=54834"},"modified":"2024-01-08T04:54:49","modified_gmt":"2024-01-08T04:54:49","slug":"celebra-marti-batres-dia-de-reyes-con-miles-de-familias-en-el-zocalo-de-la-ciudad-de-mexico","status":"publish","type":"post","link":"https:\/\/www.bitacoracdmx.com\/?p=54834","title":{"rendered":"Celebra MART\u00cd BATRES D\u00cdA DE REYES con miles de familias en el Z\u00d3CALO de la CIUDAD DE M\u00c9XICO"},"content":{"rendered":"<p>[fusion_builder_container hundred_percent=&#8221;no&#8221; equal_height_columns=&#8221;no&#8221; menu_anchor=&#8221;&#8221; hide_on_mobile=&#8221;small-visibility,medium-visibility,large-visibility&#8221; class=&#8221;&#8221; id=&#8221;&#8221; background_color=&#8221;&#8221; background_image=&#8221;&#8221; background_position=&#8221;center center&#8221; background_repeat=&#8221;no-repeat&#8221; fade=&#8221;no&#8221; background_parallax=&#8221;none&#8221; parallax_speed=&#8221;0.3&#8243; video_mp4=&#8221;&#8221; video_webm=&#8221;&#8221; video_ogv=&#8221;&#8221; video_url=&#8221;&#8221; video_aspect_ratio=&#8221;16:9&#8243; video_loop=&#8221;yes&#8221; video_mute=&#8221;yes&#8221; overlay_color=&#8221;&#8221; video_preview_image=&#8221;&#8221; border_size=&#8221;&#8221; border_color=&#8221;&#8221; border_style=&#8221;solid&#8221; padding_top=&#8221;&#8221; padding_bottom=&#8221;&#8221; padding_left=&#8221;&#8221; padding_right=&#8221;&#8221;][fusion_builder_row][fusion_builder_column type=&#8221;1_1&#8243; layout=&#8221;1_1&#8243; background_position=&#8221;left top&#8221; background_color=&#8221;&#8221; border_size=&#8221;&#8221; border_color=&#8221;&#8221; border_style=&#8221;solid&#8221; border_position=&#8221;all&#8221; spacing=&#8221;yes&#8221; background_image=&#8221;&#8221; background_repeat=&#8221;no-repeat&#8221; padding_top=&#8221;&#8221; padding_right=&#8221;&#8221; padding_bottom=&#8221;&#8221; padding_left=&#8221;&#8221; margin_top=&#8221;0px&#8221; margin_bottom=&#8221;0px&#8221; class=&#8221;&#8221; id=&#8221;&#8221; animation_type=&#8221;&#8221; animation_speed=&#8221;0.3&#8243; animation_direction=&#8221;left&#8221; hide_on_mobile=&#8221;small-visibility,medium-visibility,large-visibility&#8221; center_content=&#8221;no&#8221; last=&#8221;no&#8221; min_height=&#8221;&#8221; hover_type=&#8221;none&#8221; link=&#8221;&#8221;][fusion_text]<\/p>\n<p>REDACCI\u00d3N<\/p>\n<p>\u25cf El Jefe de Gobierno encabez\u00f3 los festejos del D\u00eda de Reyes, con la tradicional rosca en el Z\u00f3calo capitalino donde se entregaron 15 mil rebanadas, se rompieron 250 pi\u00f1atas y se entregaron 20 libros a ni\u00f1as y ni\u00f1os, las actividades tambi\u00e9n contemplan la proyecci\u00f3n de la pel\u00edcula\u00a0<em>El \u00daltimo Vag\u00f3n<\/em><\/p>\n<p>\u25cf Destac\u00f3 que en el marco de este d\u00eda, se registr\u00f3 una actividad econ\u00f3mica por parte de aproximadamente 3 millones de Reyes Magos, gracias al incremento al salario m\u00ednimo y los Programas Sociales<\/p>\n<p>El\u00a0<strong>Jefe de Gobierno, Mart\u00ed Batres Guadarrama<\/strong>, encabez\u00f3 los festejos del D\u00eda de Reyes en el Z\u00f3calo de la Ciudad de M\u00e9xico, donde junto a los\u00a0<strong>secretarios de Cultura, Claudia Curiel de Icaza, de Inclusi\u00f3n y Bienestar Social, Juan Gerardo L\u00f3pez Hern\u00e1ndez; el director general de Grandes Festivales Comunitarios, Argel G\u00f3mez Concheiro, el director general del Fondo de Cultura Econ\u00f3mica, Paco Ignacio Taibo II<\/strong>\u00a0y en compa\u00f1\u00eda de miles de familias, visitantes nacionales y extranjeros, parti\u00f3 la tradicional rosca, regal\u00f3 libros a ni\u00f1as y ni\u00f1os, adem\u00e1s de participar en el rompimiento de pi\u00f1atas.<\/p>\n<p>\u201cDesearles a todas y todos, adem\u00e1s de un feliz a\u00f1o, que disfruten este d\u00eda. Aqu\u00ed en el Z\u00f3calo vamos a tener 15 mil rebanadas de rosca, 250 pi\u00f1atas, 20 mil libros para regalar para los ni\u00f1os y va a estar la pel\u00edcula al aire libre \u00b4El \u00daltimo Vag\u00f3n\u00b4, para que la disfruten las ni\u00f1as, los ni\u00f1os con sus familias, su pap\u00e1, su mam\u00e1, su abuelita, con quien quieran, y con sus correspondientes palomitas tambi\u00e9n. Por eso estamos muy contentos el d\u00eda de hoy\u201d, expres\u00f3.<\/p>\n<p>Mart\u00ed Batres destac\u00f3 que gracias al esfuerzo de esta administraci\u00f3n para aumentar los Programas Sociales, las oportunidades laborales y el salario m\u00ednimo, se registr\u00f3, en el marco de estas festividades, una actividad econ\u00f3mica por parte de aproximadamente 3 millones de Reyes Magos.<\/p>\n<p>\u201cCalculamos que por la Ciudad de M\u00e9xico en la madrugada circularon, m\u00e1s o menos, 3 millones de Reyes Magos, no tres, sino 3 millones de Reyes Magos, \u00bfpor qu\u00e9? Porque hay recurso, porque aument\u00f3 el salario m\u00ednimo y aumentaron los programas sociales. Aqu\u00ed ten\u00edamos 90 mil ni\u00f1os con beca, cuando empez\u00f3 el sexenio; y ahora tenemos un mill\u00f3n 250 mil ni\u00f1os con beca y esa es una gran noticia para los ni\u00f1os y las ni\u00f1as en este D\u00eda de Reyes\u201d, asegur\u00f3.<\/p>\n<p>Agradeci\u00f3 a la C\u00e1mara Nacional de la Industria Panificadora y Similares de M\u00e9xico (CANAINPA), por la donaci\u00f3n de la mega rosca, de la cual fueron repartidas 15 mil rebanadas, as\u00ed como a la empresa Coca-Cola FEMSA M\u00e9xico, que aport\u00f3 el mismo n\u00famero de cuadritos de leche para el disfrute de los asistentes.<\/p>\n<p>El director general del Fondo de Cultura Econ\u00f3mica, Paco Ignacio Taibo II, resalt\u00f3 la importancia de compartir estos festejos con la ciudadan\u00eda y a su vez, fomentar el gusto por la lectura con el reparto de 20 mil libros.<\/p>\n<p>\u201cPienso que esta ciudad cambia y que cuando cambia comemos rosca de Reyes todos juntos. (&#8230;) Aprender a compartir de abajo hacia arriba en una sociedad como la nuestra. Y nada m\u00e1s quiero decir que cuando se coman su rosca o medio la coman, demostrando la teor\u00eda de que en la mano derecha un pedazo de rosca y en la mano izquierda un libro, en todas las carpas que tienen pi\u00f1ata, las carpas que tienen pi\u00f1ata vamos a regalar libros hoy el Fondo de Cultura\u201d, expres\u00f3.<\/p>\n<p>En la Plaza de la Constituci\u00f3n se celebr\u00f3 la llegada de los Tres Reyes Magos con la instalaci\u00f3n de cinco m\u00f3dulos donde Melchor, Gaspar y Baltazar, se tomaron videos y fotograf\u00edas con los miles de visitantes.<\/p>\n<p>La diversi\u00f3n continu\u00f3 con las 250 pi\u00f1atas de diferentes formas y colores, colocadas en la Plaza de la Constituci\u00f3n, que los asistentes rompieron para disfrutar de diversos dulces.<\/p>\n<p>A las 18:30 horas, las familias disfrutaron de la proyecci\u00f3n del filme\u00a0<em>El \u00daltimo Vag\u00f3n<\/em>, donde particip\u00f3 el director mexicano Ernesto Contreras, en la cual se repartieron palomitas de ma\u00edz, aguas y jugos, de manera gratuita.<\/p>\n<p>En el inicio de los festejos tambi\u00e9n estuvieron presentes; el presidente de la C\u00e1mara Nacional de la Industria Panificadora y Similares de M\u00e9xico (CANAINPA), Juli\u00e1n Casta\u00f1\u00f3n Fern\u00e1ndez; as\u00ed como el director de Asuntos Corporativos Coca-Cola FEMSA M\u00e9xico, Aldo Castrej\u00f3n Gami\u00f1o.<\/p>\n<div dir=\"auto\"><a class=\"x1i10hfl xjbqb8w x6umtig x1b1mbwd xaqea5y xav7gou x9f619 x1ypdohk xt0psk2 xe8uvvx xdj266r x11i5rnm xat24cr x1mh8g0r xexx8yu x4uap5 x18d9i69 xkhd6sd x16tdsg8 x1hl2dhg xggy1nq x1a2a7pz xt0b8zv x1qq9wsj xo1l8bm\" tabindex=\"0\" role=\"link\" href=\"https:\/\/www.facebook.com\/hashtag\/diadereyesmagos?__eep__=6&amp;__cft__[0]=AZUKHxjsXFISmZLyNymPbvwkg1sZAvs7CsgBuG-7aern_0cEDw5p1l_lGRqI7sCYms3-xzN2K_gGH9DSjcgBSMSG3-8A649Y-iC1v3rGvHtpBVWEu46F9oeVXqscCMmFqgs&amp;__tn__=*NK-R\">#diadereyesmagos<\/a><\/div>\n<div dir=\"auto\"><a class=\"x1i10hfl xjbqb8w x6umtig x1b1mbwd xaqea5y xav7gou x9f619 x1ypdohk xt0psk2 xe8uvvx xdj266r x11i5rnm xat24cr x1mh8g0r xexx8yu x4uap5 x18d9i69 xkhd6sd x16tdsg8 x1hl2dhg xggy1nq x1a2a7pz xt0b8zv x1qq9wsj xo1l8bm\" tabindex=\"0\" role=\"link\" href=\"https:\/\/www.facebook.com\/hashtag\/diadereyes?__eep__=6&amp;__cft__[0]=AZUKHxjsXFISmZLyNymPbvwkg1sZAvs7CsgBuG-7aern_0cEDw5p1l_lGRqI7sCYms3-xzN2K_gGH9DSjcgBSMSG3-8A649Y-iC1v3rGvHtpBVWEu46F9oeVXqscCMmFqgs&amp;__tn__=*NK-R\">#diadereyes<\/a><\/div>\n<div dir=\"auto\"><a class=\"x1i10hfl xjbqb8w x6umtig x1b1mbwd xaqea5y xav7gou x9f619 x1ypdohk xt0psk2 xe8uvvx xdj266r x11i5rnm xat24cr x1mh8g0r xexx8yu x4uap5 x18d9i69 xkhd6sd x16tdsg8 x1hl2dhg xggy1nq x1a2a7pz xt0b8zv x1qq9wsj xo1l8bm\" tabindex=\"0\" role=\"link\" href=\"https:\/\/www.facebook.com\/hashtag\/gobiernodelacdmx?__eep__=6&amp;__cft__[0]=AZUKHxjsXFISmZLyNymPbvwkg1sZAvs7CsgBuG-7aern_0cEDw5p1l_lGRqI7sCYms3-xzN2K_gGH9DSjcgBSMSG3-8A649Y-iC1v3rGvHtpBVWEu46F9oeVXqscCMmFqgs&amp;__tn__=*NK-R\">#GOBIERNODELACDMX<\/a><\/div>\n<div dir=\"auto\"><a class=\"x1i10hfl xjbqb8w x6umtig x1b1mbwd xaqea5y xav7gou x9f619 x1ypdohk xt0psk2 xe8uvvx xdj266r x11i5rnm xat24cr x1mh8g0r xexx8yu x4uap5 x18d9i69 xkhd6sd x16tdsg8 x1hl2dhg xggy1nq x1a2a7pz xt0b8zv x1qq9wsj xo1l8bm\" tabindex=\"0\" role=\"link\" href=\"https:\/\/www.facebook.com\/hashtag\/secretariadeculturacdmx?__eep__=6&amp;__cft__[0]=AZUKHxjsXFISmZLyNymPbvwkg1sZAvs7CsgBuG-7aern_0cEDw5p1l_lGRqI7sCYms3-xzN2K_gGH9DSjcgBSMSG3-8A649Y-iC1v3rGvHtpBVWEu46F9oeVXqscCMmFqgs&amp;__tn__=*NK-R\">#secretariadeculturacdmx<\/a><\/div>\n<div dir=\"auto\"><a class=\"x1i10hfl xjbqb8w x6umtig x1b1mbwd xaqea5y xav7gou x9f619 x1ypdohk xt0psk2 xe8uvvx xdj266r x11i5rnm xat24cr x1mh8g0r xexx8yu x4uap5 x18d9i69 xkhd6sd x16tdsg8 x1hl2dhg xggy1nq x1a2a7pz xt0b8zv x1qq9wsj xo1l8bm\" tabindex=\"0\" role=\"link\" href=\"https:\/\/www.facebook.com\/hashtag\/bitacoracdmx?__eep__=6&amp;__cft__[0]=AZUKHxjsXFISmZLyNymPbvwkg1sZAvs7CsgBuG-7aern_0cEDw5p1l_lGRqI7sCYms3-xzN2K_gGH9DSjcgBSMSG3-8A649Y-iC1v3rGvHtpBVWEu46F9oeVXqscCMmFqgs&amp;__tn__=*NK-R\">#bitacoracdmx<\/a><\/div>\n<p>[\/fusion_text][fusion_imageframe image_id=&#8221;54835|medium&#8221; max_width=&#8221;&#8221; style_type=&#8221;&#8221; blur=&#8221;&#8221; stylecolor=&#8221;&#8221; hover_type=&#8221;none&#8221; bordersize=&#8221;&#8221; bordercolor=&#8221;&#8221; borderradius=&#8221;&#8221; align=&#8221;none&#8221; lightbox=&#8221;no&#8221; gallery_id=&#8221;&#8221; lightbox_image=&#8221;&#8221; lightbox_image_id=&#8221;&#8221; alt=&#8221;&#8221; link=&#8221;&#8221; linktarget=&#8221;_self&#8221; hide_on_mobile=&#8221;small-visibility,medium-visibility,large-visibility&#8221; class=&#8221;&#8221; id=&#8221;&#8221; animation_type=&#8221;&#8221; animation_direction=&#8221;left&#8221; animation_speed=&#8221;0.3&#8243; animation_offset=&#8221;&#8221;]https:\/\/www.bitacoracdmx.com\/wp-content\/uploads\/2024\/01\/WhatsApp-Image-2024-01-06-at-7.28.48-PM-300&#215;200.jpeg[\/fusion_imageframe][\/fusion_builder_column][\/fusion_builder_row][\/fusion_builder_container]<\/p>\n","protected":false},"excerpt":{"rendered":"<p>[fusion_builder_container hundred_percent=&#8221;no&#8221; equal_height_columns=&#8221;no&#8221; menu_anchor=&#8221;&#8221; hide_on_mobile=&#8221;small-visibility,medium-visibility,large-visibility&#8221; class=&#8221;&#8221; id=&#8221;&#8221; background_color=&#8221;&#8221; background_image=&#8221;&#8221; background_position=&#8221;center center&#8221; background_repeat=&#8221;no-repeat&#8221; fade=&#8221;no&#8221; background_parallax=&#8221;none&#8221; parallax_speed=&#8221;0.3&#8243; video_mp4=&#8221;&#8221; video_webm=&#8221;&#8221; video_ogv=&#8221;&#8221; video_url=&#8221;&#8221; video_aspect_ratio=&#8221;16:9&#8243; video_loop=&#8221;yes&#8221; video_mute=&#8221;yes&#8221; overlay_color=&#8221;&#8221; video_preview_image=&#8221;&#8221; border_size=&#8221;&#8221; border_color=&#8221;&#8221; border_style=&#8221;solid&#8221; padding_top=&#8221;&#8221; padding_bottom=&#8221;&#8221; padding_left=&#8221;&#8221; padding_right=&#8221;&#8221;][fusion_builder_row][fusion_builder_column type=&#8221;1_1&#8243; layout=&#8221;1_1&#8243; background_position=&#8221;left top&#8221; background_color=&#8221;&#8221; border_size=&#8221;&#8221; border_color=&#8221;&#8221; border_style=&#8221;solid&#8221; border_position=&#8221;all&#8221; spacing=&#8221;yes&#8221; background_image=&#8221;&#8221; background_repeat=&#8221;no-repeat&#8221; padding_top=&#8221;&#8221; padding_right=&#8221;&#8221; padding_bottom=&#8221;&#8221; padding_left=&#8221;&#8221; margin_top=&#8221;0px&#8221; margin_bottom=&#8221;0px&#8221; class=&#8221;&#8221; id=&#8221;&#8221; animation_type=&#8221;&#8221; animation_speed=&#8221;0.3&#8243; animation_direction=&#8221;left&#8221; hide_on_mobile=&#8221;small-visibility,medium-visibility,large-visibility&#8221; center_content=&#8221;no&#8221; last=&#8221;no&#8221; min_height=&#8221;&#8221; hover_type=&#8221;none&#8221; link=&#8221;&#8221;][fusion_text] REDACCI\u00d3N \u25cf El Jefe de Gobierno encabez\u00f3 los festejos del D\u00eda de Reyes, con la tradicional rosca en el Z\u00f3calo capitalino donde se entregaron 15 mil rebanadas, se rompieron 250 pi\u00f1atas y se entregaron 20 libros a ni\u00f1as y ni\u00f1os, [&hellip;]<\/p>\n","protected":false},"author":1,"featured_media":54835,"comment_status":"open","ping_status":"open","sticky":false,"template":"","format":"standard","meta":{"footnotes":""},"categories":[4,9],"tags":[],"_links":{"self":[{"href":"https:\/\/www.bitacoracdmx.com\/index.php?rest_route=\/wp\/v2\/posts\/54834"}],"collection":[{"href":"https:\/\/www.bitacoracdmx.com\/index.php?rest_route=\/wp\/v2\/posts"}],"about":[{"href":"https:\/\/www.bitacoracdmx.com\/index.php?rest_route=\/wp\/v2\/types\/post"}],"author":[{"embeddable":true,"href":"https:\/\/www.bitacoracdmx.com\/index.php?rest_route=\/wp\/v2\/users\/1"}],"replies":[{"embeddable":true,"href":"https:\/\/www.bitacoracdmx.com\/index.php?rest_route=%2Fwp%2Fv2%2Fcomments&post=54834"}],"version-history":[{"count":1,"href":"https:\/\/www.bitacoracdmx.com\/index.php?rest_route=\/wp\/v2\/posts\/54834\/revisions"}],"predecessor-version":[{"id":54836,"href":"https:\/\/www.bitacoracdmx.com\/index.php?rest_route=\/wp\/v2\/posts\/54834\/revisions\/54836"}],"wp:featuredmedia":[{"embeddable":true,"href":"https:\/\/www.bitacoracdmx.com\/index.php?rest_route=\/wp\/v2\/media\/54835"}],"wp:attachment":[{"href":"https:\/\/www.bitacoracdmx.com\/index.php?rest_route=%2Fwp%2Fv2%2Fmedia&parent=54834"}],"wp:term":[{"taxonomy":"category","embeddable":true,"href":"https:\/\/www.bitacoracdmx.com\/index.php?rest_route=%2Fwp%2Fv2%2Fcategories&post=54834"},{"taxonomy":"post_tag","embeddable":true,"href":"https:\/\/www.bitacoracdmx.com\/index.php?rest_route=%2Fwp%2Fv2%2Ftags&post=54834"}],"curies":[{"name":"wp","href":"https:\/\/api.w.org\/{rel}","templated":true}]}}