{"id":54983,"date":"2024-01-18T01:26:43","date_gmt":"2024-01-18T01:26:43","guid":{"rendered":"https:\/\/www.bitacoracdmx.com\/?p=54983"},"modified":"2024-01-18T01:26:43","modified_gmt":"2024-01-18T01:26:43","slug":"presentan-libro-sobre-el-son-veracruzano-y-la-cultura-del-fandango-en-el-museo-de-la-ciudad-de-mexico","status":"publish","type":"post","link":"https:\/\/www.bitacoracdmx.com\/?p=54983","title":{"rendered":"Presentan libro sobre el SON VERACRUZANO y LA CULTURA DEL FANDANGO en el MUSEO DE LA CIUDAD DE M\u00c9XICO"},"content":{"rendered":"<p>[fusion_builder_container hundred_percent=&#8221;no&#8221; equal_height_columns=&#8221;no&#8221; menu_anchor=&#8221;&#8221; hide_on_mobile=&#8221;small-visibility,medium-visibility,large-visibility&#8221; class=&#8221;&#8221; id=&#8221;&#8221; background_color=&#8221;&#8221; background_image=&#8221;&#8221; background_position=&#8221;center center&#8221; background_repeat=&#8221;no-repeat&#8221; fade=&#8221;no&#8221; background_parallax=&#8221;none&#8221; parallax_speed=&#8221;0.3&#8243; video_mp4=&#8221;&#8221; video_webm=&#8221;&#8221; video_ogv=&#8221;&#8221; video_url=&#8221;&#8221; video_aspect_ratio=&#8221;16:9&#8243; video_loop=&#8221;yes&#8221; video_mute=&#8221;yes&#8221; overlay_color=&#8221;&#8221; video_preview_image=&#8221;&#8221; border_size=&#8221;&#8221; border_color=&#8221;&#8221; border_style=&#8221;solid&#8221; padding_top=&#8221;&#8221; padding_bottom=&#8221;&#8221; padding_left=&#8221;&#8221; padding_right=&#8221;&#8221;][fusion_builder_row][fusion_builder_column type=&#8221;1_1&#8243; layout=&#8221;1_1&#8243; background_position=&#8221;left top&#8221; background_color=&#8221;&#8221; border_size=&#8221;&#8221; border_color=&#8221;&#8221; border_style=&#8221;solid&#8221; border_position=&#8221;all&#8221; spacing=&#8221;yes&#8221; background_image=&#8221;&#8221; background_repeat=&#8221;no-repeat&#8221; padding_top=&#8221;&#8221; padding_right=&#8221;&#8221; padding_bottom=&#8221;&#8221; padding_left=&#8221;&#8221; margin_top=&#8221;0px&#8221; margin_bottom=&#8221;0px&#8221; class=&#8221;&#8221; id=&#8221;&#8221; animation_type=&#8221;&#8221; animation_speed=&#8221;0.3&#8243; animation_direction=&#8221;left&#8221; hide_on_mobile=&#8221;small-visibility,medium-visibility,large-visibility&#8221; center_content=&#8221;no&#8221; last=&#8221;no&#8221; min_height=&#8221;&#8221; hover_type=&#8221;none&#8221; link=&#8221;&#8221;][fusion_text]<\/p>\n<p>REDACCI\u00d3N<\/p>\n<div class=\"x11i5rnm xat24cr x1mh8g0r x1vvkbs xtlvy1s x126k92a\">\n<div dir=\"auto\">\u25cf La fot\u00f3grafa y soci\u00f3loga Silvia Gonz\u00e1lez de Le\u00f3n retrat\u00f3 por m\u00e1s de tres d\u00e9cadas el movimiento de son jarocho y fandangos en comunidades de Veracruz<\/div>\n<div dir=\"auto\"><\/div>\n<\/div>\n<div class=\"x11i5rnm xat24cr x1mh8g0r x1vvkbs xtlvy1s x126k92a\">\n<div dir=\"auto\">\u25cf La obra consta de 40 im\u00e1genes que capturan personajes, bailadores, m\u00fasicos, artesanos lauderos, la fiesta e instrumentos musicales<\/div>\n<div dir=\"auto\"><\/div>\n<\/div>\n<div class=\"x11i5rnm xat24cr x1mh8g0r x1vvkbs xtlvy1s x126k92a\">\n<div dir=\"auto\">Con el fin de mantener y dar a conocer la tradici\u00f3n del son jarocho y los fandangos, en el Museo de la Ciudad de M\u00e9xico, recinto perteneciente a la Secretar\u00eda de Cultura local, se llev\u00f3 a cabo la presentaci\u00f3n del libro El p\u00e1jaro carpintero. M\u00fasicos y lauderos de Veracruz de la fot\u00f3grafa y soci\u00f3loga Silvia Gonz\u00e1lez de Le\u00f3n, quien a trav\u00e9s de su lente captura retratos, personas, paisajes, m\u00fasicos, la fiesta, artesanos e instrumentos musicales de los ritmos t\u00edpicos y populares de comunidades veracruzanas.<\/div>\n<div dir=\"auto\"><\/div>\n<\/div>\n<div class=\"x11i5rnm xat24cr x1mh8g0r x1vvkbs xtlvy1s x126k92a\">\n<div dir=\"auto\">Este libro est\u00e1 compuesto por 40 fotograf\u00edas de Gonz\u00e1lez de Le\u00f3n, quien por tres d\u00e9cadas retrat\u00f3 el movimiento del son y fandango en Veracruz; adem\u00e1s est\u00e1 acompa\u00f1ado de coplas de Gilberto Guti\u00e9rrez Silva, fundador del Grupo Mono Blanco y quien por m\u00e1s de 40 a\u00f1os ha promovido esta m\u00fasica regional.<\/div>\n<div dir=\"auto\"><\/div>\n<\/div>\n<div class=\"x11i5rnm xat24cr x1mh8g0r x1vvkbs xtlvy1s x126k92a\">\n<div dir=\"auto\">\u201cPienso que el libro es como un peque\u00f1o tesoro que guarda las im\u00e1genes de los jaraneros, de los m\u00fasicos, de los bailadores, los ni\u00f1os y todas las generaciones que participan ah\u00ed. Yo creo que es importante para la historia del jarocho haber retratado todo esto y que est\u00e9 en un libro porque en una exposici\u00f3n solamente la ven algunas personas, pero en un libro es algo que va a durar y que va a quedar como parte de la historia del jarocho\u201d, declar\u00f3 la fotograf\u00eda.<\/div>\n<div dir=\"auto\"><\/div>\n<\/div>\n<div class=\"x11i5rnm xat24cr x1mh8g0r x1vvkbs xtlvy1s x126k92a\">\n<div dir=\"auto\">El inter\u00e9s de Gonz\u00e1lez de Le\u00f3n por la m\u00fasica popular jarocha comenz\u00f3 cuando ingres\u00f3 al Instituto Veracruzano de Cultura, donde tuvo una cercan\u00eda con el Grupo Mono Blanco, con quien viaj\u00f3 a diversas comunidades donde se practicaba esta m\u00fasica tradicional.<\/div>\n<div dir=\"auto\"><\/div>\n<\/div>\n<div class=\"x11i5rnm xat24cr x1mh8g0r x1vvkbs xtlvy1s x126k92a\">\n<div dir=\"auto\">\u201cEstos m\u00fasicos se dedicaron a ir a las comunidades y a buscar a los viejos que cantaban, tocaban y que hab\u00edan participado en fandangos, el cual en ese entonces estaba un poco olvidado, pero los j\u00f3venes empezaron a hacer otra vez los fandangos en distintos lados. Para m\u00ed fue muy importante estar en medio de todo esto y poder convivir con esa m\u00fasica comunitaria, el tener acceso a muchos lugares, el conocer d\u00f3nde viv\u00edan las personas, c\u00f3mo era el fandango y la fiesta alrededor de la cual se tocaba el son\u201d, indic\u00f3.<\/div>\n<div dir=\"auto\"><\/div>\n<\/div>\n<div class=\"x11i5rnm xat24cr x1mh8g0r x1vvkbs xtlvy1s x126k92a\">\n<div dir=\"auto\">Gonz\u00e1lez de Le\u00f3n, quien fue alumna de la famosa fotograf\u00eda h\u00fangara Kati Horna, ha sido testigo de la evoluci\u00f3n del movimiento del son jarocho, de su \u201cresurgimiento\u201d y de una apertura a la participaci\u00f3n del g\u00e9nero femenino, donde ahora ya no nada m\u00e1s hay bailadoras sino mujeres que tocan diversos instrumentos, cantan y realizan coplas. Asimismo, mencion\u00f3 que para ella fue importante retratar la convivencia y las fiestas en torno a la m\u00fasica.<\/div>\n<div dir=\"auto\"><\/div>\n<\/div>\n<div class=\"x11i5rnm xat24cr x1mh8g0r x1vvkbs xtlvy1s x126k92a\">\n<div dir=\"auto\">\u201cEl fandango es una reuni\u00f3n de la comunidad, todo gira alrededor de eso, de la m\u00fasica, de lauder\u00eda\u2026 Es muy importante dar a conocer las tradiciones que est\u00e1n vivas ahora y que los podemos ver muy claramente con el son jarocho\u201d, dijo.<\/div>\n<div dir=\"auto\"><\/div>\n<\/div>\n<div class=\"x11i5rnm xat24cr x1mh8g0r x1vvkbs xtlvy1s x126k92a\">\n<div dir=\"auto\">En el evento tambi\u00e9n estuvo presente el poeta \u00c1ngel Cuevas y la catedr\u00e1tica e investigadora Ishtar Cardona, quien mencion\u00f3 que en la d\u00e9cada de los 80 el son jarocho vivi\u00f3 un resurgimiento y de rescate de m\u00fasica regional.<\/div>\n<div dir=\"auto\"><\/div>\n<\/div>\n<div class=\"x11i5rnm xat24cr x1mh8g0r x1vvkbs xtlvy1s x126k92a\">\n<div dir=\"auto\">\u201cEstamos frente a un fen\u00f3meno de historia viva, frente a un proceso de reestructuraci\u00f3n comunitaria, y Silvia ha sido testigo a trav\u00e9s de la lente. Los ojos de Silvia son historia viva. El jarocho todav\u00eda va para adelante y las im\u00e1genes del jarocho se seguir\u00e1n reproduciendo\u201d, afirm\u00f3.<\/div>\n<div dir=\"auto\"><\/div>\n<\/div>\n<div class=\"x11i5rnm xat24cr x1mh8g0r x1vvkbs xtlvy1s x126k92a\">\n<div dir=\"auto\">En la presentaci\u00f3n tambi\u00e9n estuvo el grupo Cantos de Esclavitud del proyecto comunitario &#8220;Tejiendo Armon\u00edas A.C., j\u00f3venes Orquestas&#8221;, que deleit\u00f3 a los asistentes con canciones y coplas jarocha.<\/div>\n<div dir=\"auto\"><\/div>\n<\/div>\n<div class=\"x11i5rnm xat24cr x1mh8g0r x1vvkbs xtlvy1s x126k92a\">\n<div dir=\"auto\">Cabe destacar que Gonz\u00e1lez de Le\u00f3n ha trabajado en t\u00e9cnicas fotogr\u00e1ficas experimentales, en especial por las c\u00e1maras sin lente y la cianotipia, as\u00ed como por la elaboraci\u00f3n de libros de artista.<\/div>\n<div dir=\"auto\"><\/div>\n<\/div>\n<div class=\"x11i5rnm xat24cr x1mh8g0r x1vvkbs xtlvy1s x126k92a\">\n<div dir=\"auto\">Ha expuesto su trabajo en el puerto de Veracruz, en diferentes recintos de Xalapa; en galer\u00edas y museos de la Ciudad de M\u00e9xico, entre los que destaca el Museo de la Ciudad, en 2019, as\u00ed como en Estados Unidos, Argentina e Irlanda. Ha sido integrante del Sistema Nacional de Creadores de Arte de 2014 a 2016 y de 2019 a 2022). Su obra es parte de las colecciones de la Fototeca de Veracruz, la Fototeca Nacional y el Museo de la Ciudad.<\/div>\n<div dir=\"auto\"><\/div>\n<\/div>\n<div class=\"x11i5rnm xat24cr x1mh8g0r x1vvkbs xtlvy1s x126k92a\">\n<div dir=\"auto\">Las actividades de la Secretar\u00eda de Cultura capitalina se pueden conocer en la p\u00e1gina oficial en la Cartelera de la Ciudad de M\u00e9xico (cartelera.cdmx.gob.mx\/), y a trav\u00e9s de sus redes sociales.<\/div>\n<div dir=\"auto\"><\/div>\n<\/div>\n<div class=\"x11i5rnm xat24cr x1mh8g0r x1vvkbs xtlvy1s x126k92a\">\n<div dir=\"auto\"><a class=\"x1i10hfl xjbqb8w x6umtig x1b1mbwd xaqea5y xav7gou x9f619 x1ypdohk xt0psk2 xe8uvvx xdj266r x11i5rnm xat24cr x1mh8g0r xexx8yu x4uap5 x18d9i69 xkhd6sd x16tdsg8 x1hl2dhg xggy1nq x1a2a7pz xt0b8zv x1fey0fg xo1l8bm\" tabindex=\"0\" role=\"link\" href=\"https:\/\/www.facebook.com\/hashtag\/sonveracruzano?__eep__=6&amp;__cft__[0]=AZUwK6UbeMKe6PMRRPEXLhdwzAQUvlISxirzdIlNBPIaDV0yr4fxyM3s_G2VPL-Q7vxgQot9bLcgorB59eab7c3VDB8ayKPT1KTAflZEYGtMWKdRfoLnO681ynlLtQ--cSjiVKbkxAjd5bIxZJLcELjN4bz_2d2dgGDa-YgcqKmu1fGbDxDXWBmYl80cNowfeNk&amp;__tn__=*NK-R\">#SonVeracruzano<\/a><\/div>\n<div dir=\"auto\"><a class=\"x1i10hfl xjbqb8w x6umtig x1b1mbwd xaqea5y xav7gou x9f619 x1ypdohk xt0psk2 xe8uvvx xdj266r x11i5rnm xat24cr x1mh8g0r xexx8yu x4uap5 x18d9i69 xkhd6sd x16tdsg8 x1hl2dhg xggy1nq x1a2a7pz xt0b8zv x1fey0fg xo1l8bm\" tabindex=\"0\" role=\"link\" href=\"https:\/\/www.facebook.com\/hashtag\/fandango?__eep__=6&amp;__cft__[0]=AZUwK6UbeMKe6PMRRPEXLhdwzAQUvlISxirzdIlNBPIaDV0yr4fxyM3s_G2VPL-Q7vxgQot9bLcgorB59eab7c3VDB8ayKPT1KTAflZEYGtMWKdRfoLnO681ynlLtQ--cSjiVKbkxAjd5bIxZJLcELjN4bz_2d2dgGDa-YgcqKmu1fGbDxDXWBmYl80cNowfeNk&amp;__tn__=*NK-R\">#fandango<\/a><\/div>\n<div dir=\"auto\"><a class=\"x1i10hfl xjbqb8w x6umtig x1b1mbwd xaqea5y xav7gou x9f619 x1ypdohk xt0psk2 xe8uvvx xdj266r x11i5rnm xat24cr x1mh8g0r xexx8yu x4uap5 x18d9i69 xkhd6sd x16tdsg8 x1hl2dhg xggy1nq x1a2a7pz xt0b8zv x1fey0fg xo1l8bm\" tabindex=\"0\" role=\"link\" href=\"https:\/\/www.facebook.com\/hashtag\/museodelaciudaddemexico?__eep__=6&amp;__cft__[0]=AZUwK6UbeMKe6PMRRPEXLhdwzAQUvlISxirzdIlNBPIaDV0yr4fxyM3s_G2VPL-Q7vxgQot9bLcgorB59eab7c3VDB8ayKPT1KTAflZEYGtMWKdRfoLnO681ynlLtQ--cSjiVKbkxAjd5bIxZJLcELjN4bz_2d2dgGDa-YgcqKmu1fGbDxDXWBmYl80cNowfeNk&amp;__tn__=*NK-R\">#MuseodelaCiudaddeMexico<\/a><\/div>\n<div dir=\"auto\"><a class=\"x1i10hfl xjbqb8w x6umtig x1b1mbwd xaqea5y xav7gou x9f619 x1ypdohk xt0psk2 xe8uvvx xdj266r x11i5rnm xat24cr x1mh8g0r xexx8yu x4uap5 x18d9i69 xkhd6sd x16tdsg8 x1hl2dhg xggy1nq x1a2a7pz xt0b8zv x1fey0fg xo1l8bm\" tabindex=\"0\" role=\"link\" href=\"https:\/\/www.facebook.com\/hashtag\/novedadeditorial?__eep__=6&amp;__cft__[0]=AZUwK6UbeMKe6PMRRPEXLhdwzAQUvlISxirzdIlNBPIaDV0yr4fxyM3s_G2VPL-Q7vxgQot9bLcgorB59eab7c3VDB8ayKPT1KTAflZEYGtMWKdRfoLnO681ynlLtQ--cSjiVKbkxAjd5bIxZJLcELjN4bz_2d2dgGDa-YgcqKmu1fGbDxDXWBmYl80cNowfeNk&amp;__tn__=*NK-R\">#novedadeditorial<\/a><\/div>\n<div dir=\"auto\"><a class=\"x1i10hfl xjbqb8w x6umtig x1b1mbwd xaqea5y xav7gou x9f619 x1ypdohk xt0psk2 xe8uvvx xdj266r x11i5rnm xat24cr x1mh8g0r xexx8yu x4uap5 x18d9i69 xkhd6sd x16tdsg8 x1hl2dhg xggy1nq x1a2a7pz xt0b8zv x1fey0fg xo1l8bm\" tabindex=\"0\" role=\"link\" href=\"https:\/\/www.facebook.com\/hashtag\/secretariadeculturacdmx?__eep__=6&amp;__cft__[0]=AZUwK6UbeMKe6PMRRPEXLhdwzAQUvlISxirzdIlNBPIaDV0yr4fxyM3s_G2VPL-Q7vxgQot9bLcgorB59eab7c3VDB8ayKPT1KTAflZEYGtMWKdRfoLnO681ynlLtQ--cSjiVKbkxAjd5bIxZJLcELjN4bz_2d2dgGDa-YgcqKmu1fGbDxDXWBmYl80cNowfeNk&amp;__tn__=*NK-R\">#secretariadeculturacdmx<\/a><\/div>\n<div dir=\"auto\"><a class=\"x1i10hfl xjbqb8w x6umtig x1b1mbwd xaqea5y xav7gou x9f619 x1ypdohk xt0psk2 xe8uvvx xdj266r x11i5rnm xat24cr x1mh8g0r xexx8yu x4uap5 x18d9i69 xkhd6sd x16tdsg8 x1hl2dhg xggy1nq x1a2a7pz xt0b8zv x1fey0fg xo1l8bm\" tabindex=\"0\" role=\"link\" href=\"https:\/\/www.facebook.com\/hashtag\/bitacoracdmx?__eep__=6&amp;__cft__[0]=AZUwK6UbeMKe6PMRRPEXLhdwzAQUvlISxirzdIlNBPIaDV0yr4fxyM3s_G2VPL-Q7vxgQot9bLcgorB59eab7c3VDB8ayKPT1KTAflZEYGtMWKdRfoLnO681ynlLtQ--cSjiVKbkxAjd5bIxZJLcELjN4bz_2d2dgGDa-YgcqKmu1fGbDxDXWBmYl80cNowfeNk&amp;__tn__=*NK-R\">#bitacoracdmx<\/a><\/div>\n<\/div>\n<p>[\/fusion_text][fusion_imageframe image_id=&#8221;54984|medium&#8221; max_width=&#8221;&#8221; style_type=&#8221;&#8221; blur=&#8221;&#8221; stylecolor=&#8221;&#8221; hover_type=&#8221;none&#8221; bordersize=&#8221;&#8221; bordercolor=&#8221;&#8221; borderradius=&#8221;&#8221; align=&#8221;none&#8221; lightbox=&#8221;no&#8221; gallery_id=&#8221;&#8221; lightbox_image=&#8221;&#8221; lightbox_image_id=&#8221;&#8221; alt=&#8221;&#8221; link=&#8221;&#8221; linktarget=&#8221;_self&#8221; hide_on_mobile=&#8221;small-visibility,medium-visibility,large-visibility&#8221; class=&#8221;&#8221; id=&#8221;&#8221; animation_type=&#8221;&#8221; animation_direction=&#8221;left&#8221; animation_speed=&#8221;0.3&#8243; animation_offset=&#8221;&#8221;]https:\/\/www.bitacoracdmx.com\/wp-content\/uploads\/2024\/01\/420412735_971142577738308_4656749447508246039_n-300&#215;200.jpg[\/fusion_imageframe][\/fusion_builder_column][\/fusion_builder_row][\/fusion_builder_container]<\/p>\n","protected":false},"excerpt":{"rendered":"<p>[fusion_builder_container hundred_percent=&#8221;no&#8221; equal_height_columns=&#8221;no&#8221; menu_anchor=&#8221;&#8221; hide_on_mobile=&#8221;small-visibility,medium-visibility,large-visibility&#8221; class=&#8221;&#8221; id=&#8221;&#8221; background_color=&#8221;&#8221; background_image=&#8221;&#8221; background_position=&#8221;center center&#8221; background_repeat=&#8221;no-repeat&#8221; fade=&#8221;no&#8221; background_parallax=&#8221;none&#8221; parallax_speed=&#8221;0.3&#8243; video_mp4=&#8221;&#8221; video_webm=&#8221;&#8221; video_ogv=&#8221;&#8221; video_url=&#8221;&#8221; video_aspect_ratio=&#8221;16:9&#8243; video_loop=&#8221;yes&#8221; video_mute=&#8221;yes&#8221; overlay_color=&#8221;&#8221; video_preview_image=&#8221;&#8221; border_size=&#8221;&#8221; border_color=&#8221;&#8221; border_style=&#8221;solid&#8221; padding_top=&#8221;&#8221; padding_bottom=&#8221;&#8221; padding_left=&#8221;&#8221; padding_right=&#8221;&#8221;][fusion_builder_row][fusion_builder_column type=&#8221;1_1&#8243; layout=&#8221;1_1&#8243; background_position=&#8221;left top&#8221; background_color=&#8221;&#8221; border_size=&#8221;&#8221; border_color=&#8221;&#8221; border_style=&#8221;solid&#8221; border_position=&#8221;all&#8221; spacing=&#8221;yes&#8221; background_image=&#8221;&#8221; background_repeat=&#8221;no-repeat&#8221; padding_top=&#8221;&#8221; padding_right=&#8221;&#8221; padding_bottom=&#8221;&#8221; padding_left=&#8221;&#8221; margin_top=&#8221;0px&#8221; margin_bottom=&#8221;0px&#8221; class=&#8221;&#8221; id=&#8221;&#8221; animation_type=&#8221;&#8221; animation_speed=&#8221;0.3&#8243; animation_direction=&#8221;left&#8221; hide_on_mobile=&#8221;small-visibility,medium-visibility,large-visibility&#8221; center_content=&#8221;no&#8221; last=&#8221;no&#8221; min_height=&#8221;&#8221; hover_type=&#8221;none&#8221; link=&#8221;&#8221;][fusion_text] REDACCI\u00d3N \u25cf La fot\u00f3grafa y soci\u00f3loga Silvia Gonz\u00e1lez de Le\u00f3n retrat\u00f3 por m\u00e1s de tres d\u00e9cadas el movimiento de son jarocho y fandangos en comunidades de Veracruz \u25cf La obra consta de 40 im\u00e1genes que capturan personajes, bailadores, m\u00fasicos, artesanos [&hellip;]<\/p>\n","protected":false},"author":1,"featured_media":54984,"comment_status":"open","ping_status":"open","sticky":false,"template":"","format":"standard","meta":{"footnotes":""},"categories":[5,9,10],"tags":[],"_links":{"self":[{"href":"https:\/\/www.bitacoracdmx.com\/index.php?rest_route=\/wp\/v2\/posts\/54983"}],"collection":[{"href":"https:\/\/www.bitacoracdmx.com\/index.php?rest_route=\/wp\/v2\/posts"}],"about":[{"href":"https:\/\/www.bitacoracdmx.com\/index.php?rest_route=\/wp\/v2\/types\/post"}],"author":[{"embeddable":true,"href":"https:\/\/www.bitacoracdmx.com\/index.php?rest_route=\/wp\/v2\/users\/1"}],"replies":[{"embeddable":true,"href":"https:\/\/www.bitacoracdmx.com\/index.php?rest_route=%2Fwp%2Fv2%2Fcomments&post=54983"}],"version-history":[{"count":1,"href":"https:\/\/www.bitacoracdmx.com\/index.php?rest_route=\/wp\/v2\/posts\/54983\/revisions"}],"predecessor-version":[{"id":54985,"href":"https:\/\/www.bitacoracdmx.com\/index.php?rest_route=\/wp\/v2\/posts\/54983\/revisions\/54985"}],"wp:featuredmedia":[{"embeddable":true,"href":"https:\/\/www.bitacoracdmx.com\/index.php?rest_route=\/wp\/v2\/media\/54984"}],"wp:attachment":[{"href":"https:\/\/www.bitacoracdmx.com\/index.php?rest_route=%2Fwp%2Fv2%2Fmedia&parent=54983"}],"wp:term":[{"taxonomy":"category","embeddable":true,"href":"https:\/\/www.bitacoracdmx.com\/index.php?rest_route=%2Fwp%2Fv2%2Fcategories&post=54983"},{"taxonomy":"post_tag","embeddable":true,"href":"https:\/\/www.bitacoracdmx.com\/index.php?rest_route=%2Fwp%2Fv2%2Ftags&post=54983"}],"curies":[{"name":"wp","href":"https:\/\/api.w.org\/{rel}","templated":true}]}}