{"id":54986,"date":"2024-01-18T01:30:47","date_gmt":"2024-01-18T01:30:47","guid":{"rendered":"https:\/\/www.bitacoracdmx.com\/?p=54986"},"modified":"2024-01-18T01:39:22","modified_gmt":"2024-01-18T01:39:22","slug":"exposicion-ciudad-espectro-cierra-los-festejos-por-el-centenario-del-fotografo-hector-garcia","status":"publish","type":"post","link":"https:\/\/www.bitacoracdmx.com\/?p=54986","title":{"rendered":"Exposici\u00f3n \u201cCIUDAD ESPECTRO\u201d cierra los festejos por el CENTENARIO del  fot\u00f3grafo H\u00c9CTOR GARC\u00cdA"},"content":{"rendered":"<p>[fusion_builder_container hundred_percent=&#8221;no&#8221; equal_height_columns=&#8221;no&#8221; menu_anchor=&#8221;&#8221; hide_on_mobile=&#8221;small-visibility,medium-visibility,large-visibility&#8221; class=&#8221;&#8221; id=&#8221;&#8221; background_color=&#8221;&#8221; background_image=&#8221;&#8221; background_position=&#8221;center center&#8221; background_repeat=&#8221;no-repeat&#8221; fade=&#8221;no&#8221; background_parallax=&#8221;none&#8221; parallax_speed=&#8221;0.3&#8243; video_mp4=&#8221;&#8221; video_webm=&#8221;&#8221; video_ogv=&#8221;&#8221; video_url=&#8221;&#8221; video_aspect_ratio=&#8221;16:9&#8243; video_loop=&#8221;yes&#8221; video_mute=&#8221;yes&#8221; overlay_color=&#8221;&#8221; video_preview_image=&#8221;&#8221; border_size=&#8221;&#8221; border_color=&#8221;&#8221; border_style=&#8221;solid&#8221; padding_top=&#8221;&#8221; padding_bottom=&#8221;&#8221; padding_left=&#8221;&#8221; padding_right=&#8221;&#8221;][fusion_builder_row][fusion_builder_column type=&#8221;1_1&#8243; layout=&#8221;1_1&#8243; background_position=&#8221;left top&#8221; background_color=&#8221;&#8221; border_size=&#8221;&#8221; border_color=&#8221;&#8221; border_style=&#8221;solid&#8221; border_position=&#8221;all&#8221; spacing=&#8221;yes&#8221; background_image=&#8221;&#8221; background_repeat=&#8221;no-repeat&#8221; padding_top=&#8221;&#8221; padding_right=&#8221;&#8221; padding_bottom=&#8221;&#8221; padding_left=&#8221;&#8221; margin_top=&#8221;0px&#8221; margin_bottom=&#8221;0px&#8221; class=&#8221;&#8221; id=&#8221;&#8221; animation_type=&#8221;&#8221; animation_speed=&#8221;0.3&#8243; animation_direction=&#8221;left&#8221; hide_on_mobile=&#8221;small-visibility,medium-visibility,large-visibility&#8221; center_content=&#8221;no&#8221; last=&#8221;no&#8221; min_height=&#8221;&#8221; hover_type=&#8221;none&#8221; link=&#8221;&#8221;][fusion_text]<\/p>\n<p>REDACCI\u00d3N<\/p>\n<div class=\"x11i5rnm xat24cr x1mh8g0r x1vvkbs xtlvy1s x126k92a\">\n<div dir=\"auto\">El Museo de la Ciudad de M\u00e9xico acoge una parte de la obra del artista nacido el 23 de agosto de 1923, quien es considerado como un cronista de la imagen de la capital del pa\u00eds, en donde retrat\u00f3 diversas formas de vida, el desarrollo de la metr\u00f3poli, temas sociales y cotidianos que sirven para conservar la memoria hist\u00f3rica y la reconstrucci\u00f3n del pasado.<\/div>\n<div dir=\"auto\"><\/div>\n<\/div>\n<div class=\"x11i5rnm xat24cr x1mh8g0r x1vvkbs xtlvy1s x126k92a\">\n<div dir=\"auto\">\u201c\u00c9l es parte de este nuevo fotoperiodismo y de alguna manera cambi\u00f3 la visi\u00f3n del fotoperiodismo, ya que no era nada m\u00e1s ir a registrar lo que pasaba si no empez\u00f3 a buscar el lado humano donde se ve el ojo de \u00e9l, como un ser humano que buscaba reflejar en todos los sentidos lo que pasaba en esta ciudad, de una manera amorosa y a la vez cr\u00edtica. Todo ese registro que tenemos pues tiene un gran valor porque finalmente sirve como referencia para que la gente pueda conocer c\u00f3mo fue la ciudad en los a\u00f1os cincuenta, y c\u00f3mo est\u00e1 hoy en d\u00eda\u201d, declar\u00f3 Garc\u00eda S\u00e1nchez.<\/div>\n<div dir=\"auto\"><\/div>\n<\/div>\n<div class=\"x11i5rnm xat24cr x1mh8g0r x1vvkbs xtlvy1s x126k92a\">\n<div dir=\"auto\">El fotorreportero, quien tuvo una amistad con diversas personalidades art\u00edsticas como Tin Tan, Carlos Monsivais y Elena Poniatowska, vivi\u00f3 en la Candelaria de los patos, en la Merced y desde peque\u00f1o le gustaba recorrer y conocer la ciudad por eso era llamado \u201cpata de perro\u201d. Adem\u00e1s, retrat\u00f3 las diversas caras de la modernizaci\u00f3n que se dieron en el pa\u00eds y la capital en la segunda mitad del siglo XX.<\/div>\n<div dir=\"auto\"><\/div>\n<\/div>\n<div class=\"x11i5rnm xat24cr x1mh8g0r x1vvkbs xtlvy1s x126k92a\">\n<div dir=\"auto\">\u201cHay un amor muy grande por la ciudad que \u00e9l registra en sus fotograf\u00edas. \u00c9l tambi\u00e9n fue definido como alguien de que hac\u00eda cr\u00edtica social. \u00c9l a su vez retrataba parte de la gente a la que no le benefici\u00f3 esta modernidad, tomaba estas fotograf\u00edas haciendo una cr\u00edtica para que la gente pudiera conocer que realmente no todo era lo que se dec\u00eda en el gobierno en el pa\u00eds\u201d, a\u00f1adi\u00f3.<\/div>\n<div dir=\"auto\"><\/div>\n<\/div>\n<div class=\"x11i5rnm xat24cr x1mh8g0r x1vvkbs xtlvy1s x126k92a\">\n<div dir=\"auto\">Parte de su obra se puede apreciar en la exposici\u00f3n Ciudad Espectro, la cual concluye el pr\u00f3ximo domingo 28 de enero, en la cual hay im\u00e1genes de la metr\u00f3poli de noche, donde el artista retrat\u00f3 shows de burlesque, espect\u00e1culos de baile, cines, personajes de la far\u00e1ndula y monumentos hist\u00f3ricos entre las sombras y la oscuridad.<\/div>\n<div dir=\"auto\"><\/div>\n<\/div>\n<div class=\"x11i5rnm xat24cr x1mh8g0r x1vvkbs xtlvy1s x126k92a\">\n<div dir=\"auto\">Garc\u00eda S\u00e1nchez mencion\u00f3 que, aunque concluyen los festejos del centenario de nacimiento de su padre, se planean realizar m\u00e1s exposiciones sobre su obra, ya que cuentan con miles de fotograf\u00edas de la Ciudad de M\u00e9xico y de diversas partes del mundo.<\/div>\n<div dir=\"auto\"><\/div>\n<\/div>\n<div class=\"x11i5rnm xat24cr x1mh8g0r x1vvkbs xtlvy1s x126k92a\">\n<div dir=\"auto\">\u201cLa intenci\u00f3n es que la gente lo conozca sepa que existe este material y que de alguna manera lo tenemos que seguir mostrando al p\u00fablico. Vamos a seguir haciendo exposiciones, pero tambi\u00e9n queremos presentar el material que falta por conocer, porque aqu\u00ed lo que tenemos es de la Ciudad de M\u00e9xico, pero tenemos de sus viajes pues fue Europa, China, Jap\u00f3n y Cuba\u201d, inform\u00f3.<\/div>\n<div dir=\"auto\"><\/div>\n<\/div>\n<div class=\"x11i5rnm xat24cr x1mh8g0r x1vvkbs xtlvy1s x126k92a\">\n<div dir=\"auto\">Las exposiciones para conmemorar el natalicio del fot\u00f3grafo comprenden la Fundaci\u00f3n Mar\u00eda y H\u00e9ctor Garc\u00eda, el Centro de la Imagen, el Complejo Cultural Los Pinos, el Museo Nacional de Arte, la Galer\u00eda Abierta Rejas de Chapultepec, el Museo del Estanquillo, el Instituto Guimar\u00e3es Rosa de la Embajada de M\u00e9xico en Brasil, y la LMI Gallery.<\/div>\n<div dir=\"auto\"><\/div>\n<\/div>\n<div class=\"x11i5rnm xat24cr x1mh8g0r x1vvkbs xtlvy1s x126k92a\">\n<div dir=\"auto\">H\u00e9ctor Garc\u00eda estudi\u00f3 en el Instituto de Artes y Ciencias Cinematogr\u00e1ficas y en 1945 comenz\u00f3 a trabajar como periodista gr\u00e1fico. A lo largo de su trayectoria ha retratado diversos movimientos sociales y la vida cultural del pa\u00eds.<\/div>\n<\/div>\n<div class=\"x11i5rnm xat24cr x1mh8g0r x1vvkbs xtlvy1s x126k92a\">\n<div dir=\"auto\">Para conocer todas las actividades de la Secretar\u00eda de Cultura capitalina se puede consultar la Cartelera de la Ciudad de M\u00e9xico (<a class=\"x1i10hfl xjbqb8w x6umtig x1b1mbwd xaqea5y xav7gou x9f619 x1ypdohk xt0psk2 xe8uvvx xdj266r x11i5rnm xat24cr x1mh8g0r xexx8yu x4uap5 x18d9i69 xkhd6sd x16tdsg8 x1hl2dhg xggy1nq x1a2a7pz xt0b8zv x1fey0fg\" tabindex=\"0\" role=\"link\" href=\"https:\/\/l.facebook.com\/l.php?u=https%3A%2F%2Fcartelera.cdmx.gob.mx%2F%3Ffbclid%3DIwAR2Zda0wiTxVv5xy824YMZcIbAarn-4yEmpn7fjjGCGUiEVDCVLREA6mifY&amp;h=AT1UrlBZRWWT3HvwsjP3-LN560toC4o-qX-eVFuC3UfQaxhRlMOiCT_gJ_9R_s74PxZDAY3x9ctkaIEk-AzYUURDi3FdNAdK3GXUYpWRFg0llQquD6n-imCqk-J-16pM38GnzfQEaq0pma-Fpsj5&amp;__tn__=-UK-R&amp;c[0]=AT2qjNY8svXfxuWXVl2Cixy8BaNYTT5gauftmIiY3NtwvWFrar0C4bEA_WIKpgXP1pivSgW1rj5NgbQ8NhdI64_s74DEo2fm9AL_8gjB4BO6gdbfhrebH2mitFLSTaLzplW_qGtXtQL42m_qW0wb2K7jXzHn7HJRkswxq7bcGVwHV5ylFw\" target=\"_blank\" rel=\"nofollow noopener noreferrer\">https:\/\/cartelera.cdmx.gob.mx\/<\/a>) y las redes sociales de la Secretar\u00eda de Cultura: Facebook, Twitter, Instagram y YouTube.<\/div>\n<div dir=\"auto\"><\/div>\n<\/div>\n<div class=\"x11i5rnm xat24cr x1mh8g0r x1vvkbs xtlvy1s x126k92a\">\n<div dir=\"auto\"><a class=\"x1i10hfl xjbqb8w x6umtig x1b1mbwd xaqea5y xav7gou x9f619 x1ypdohk xt0psk2 xe8uvvx xdj266r x11i5rnm xat24cr x1mh8g0r xexx8yu x4uap5 x18d9i69 xkhd6sd x16tdsg8 x1hl2dhg xggy1nq x1a2a7pz xt0b8zv x1fey0fg xo1l8bm\" tabindex=\"0\" role=\"link\" href=\"https:\/\/www.facebook.com\/hashtag\/hectorgarcia?__eep__=6&amp;__cft__[0]=AZWU3ggeIKQpFkkwfRAjzLoP0xRl0l6DTHC_z5NprCMsqkae2Kuvl3eVBI-Z39k7KkU6CdsdXZ4g808k6c0hdFLugr8KeUMqhal07FIkXpd-i-AjEBHuKLXxOye9WvcWqRpdenA8U4If1YfX2xMcrlgb&amp;__tn__=*NK-R\">#hectorgarcia<\/a><\/div>\n<div dir=\"auto\"><a class=\"x1i10hfl xjbqb8w x6umtig x1b1mbwd xaqea5y xav7gou x9f619 x1ypdohk xt0psk2 xe8uvvx xdj266r x11i5rnm xat24cr x1mh8g0r xexx8yu x4uap5 x18d9i69 xkhd6sd x16tdsg8 x1hl2dhg xggy1nq x1a2a7pz xt0b8zv x1fey0fg xo1l8bm\" tabindex=\"0\" role=\"link\" href=\"https:\/\/www.facebook.com\/hashtag\/ciudadespectro?__eep__=6&amp;__cft__[0]=AZWU3ggeIKQpFkkwfRAjzLoP0xRl0l6DTHC_z5NprCMsqkae2Kuvl3eVBI-Z39k7KkU6CdsdXZ4g808k6c0hdFLugr8KeUMqhal07FIkXpd-i-AjEBHuKLXxOye9WvcWqRpdenA8U4If1YfX2xMcrlgb&amp;__tn__=*NK-R\">#ciudadespectro<\/a><\/div>\n<div dir=\"auto\"><a class=\"x1i10hfl xjbqb8w x6umtig x1b1mbwd xaqea5y xav7gou x9f619 x1ypdohk xt0psk2 xe8uvvx xdj266r x11i5rnm xat24cr x1mh8g0r xexx8yu x4uap5 x18d9i69 xkhd6sd x16tdsg8 x1hl2dhg xggy1nq x1a2a7pz xt0b8zv x1fey0fg xo1l8bm\" tabindex=\"0\" role=\"link\" href=\"https:\/\/www.facebook.com\/hashtag\/museodelaciudaddemexico?__eep__=6&amp;__cft__[0]=AZWU3ggeIKQpFkkwfRAjzLoP0xRl0l6DTHC_z5NprCMsqkae2Kuvl3eVBI-Z39k7KkU6CdsdXZ4g808k6c0hdFLugr8KeUMqhal07FIkXpd-i-AjEBHuKLXxOye9WvcWqRpdenA8U4If1YfX2xMcrlgb&amp;__tn__=*NK-R\">#MuseodelaCiudaddeMexico<\/a><\/div>\n<div dir=\"auto\"><a class=\"x1i10hfl xjbqb8w x6umtig x1b1mbwd xaqea5y xav7gou x9f619 x1ypdohk xt0psk2 xe8uvvx xdj266r x11i5rnm xat24cr x1mh8g0r xexx8yu x4uap5 x18d9i69 xkhd6sd x16tdsg8 x1hl2dhg xggy1nq x1a2a7pz xt0b8zv x1fey0fg xo1l8bm\" tabindex=\"0\" role=\"link\" href=\"https:\/\/www.facebook.com\/hashtag\/secretariadeculturacdmx?__eep__=6&amp;__cft__[0]=AZWU3ggeIKQpFkkwfRAjzLoP0xRl0l6DTHC_z5NprCMsqkae2Kuvl3eVBI-Z39k7KkU6CdsdXZ4g808k6c0hdFLugr8KeUMqhal07FIkXpd-i-AjEBHuKLXxOye9WvcWqRpdenA8U4If1YfX2xMcrlgb&amp;__tn__=*NK-R\">#secretariadeculturacdmx<\/a><\/div>\n<div dir=\"auto\"><a class=\"x1i10hfl xjbqb8w x6umtig x1b1mbwd xaqea5y xav7gou x9f619 x1ypdohk xt0psk2 xe8uvvx xdj266r x11i5rnm xat24cr x1mh8g0r xexx8yu x4uap5 x18d9i69 xkhd6sd x16tdsg8 x1hl2dhg xggy1nq x1a2a7pz xt0b8zv x1fey0fg xo1l8bm\" tabindex=\"0\" role=\"link\" href=\"https:\/\/www.facebook.com\/hashtag\/bitacoracd?__eep__=6&amp;__cft__[0]=AZWU3ggeIKQpFkkwfRAjzLoP0xRl0l6DTHC_z5NprCMsqkae2Kuvl3eVBI-Z39k7KkU6CdsdXZ4g808k6c0hdFLugr8KeUMqhal07FIkXpd-i-AjEBHuKLXxOye9WvcWqRpdenA8U4If1YfX2xMcrlgb&amp;__tn__=*NK-R\">#bitacoracdmx<\/a><\/div>\n<\/div>\n<p>[\/fusion_text][fusion_imageframe image_id=&#8221;54987|medium&#8221; max_width=&#8221;&#8221; style_type=&#8221;&#8221; blur=&#8221;&#8221; stylecolor=&#8221;&#8221; hover_type=&#8221;none&#8221; bordersize=&#8221;&#8221; bordercolor=&#8221;&#8221; borderradius=&#8221;&#8221; align=&#8221;none&#8221; lightbox=&#8221;no&#8221; gallery_id=&#8221;&#8221; lightbox_image=&#8221;&#8221; lightbox_image_id=&#8221;&#8221; alt=&#8221;&#8221; link=&#8221;&#8221; linktarget=&#8221;_self&#8221; hide_on_mobile=&#8221;small-visibility,medium-visibility,large-visibility&#8221; class=&#8221;&#8221; id=&#8221;&#8221; animation_type=&#8221;&#8221; animation_direction=&#8221;left&#8221; animation_speed=&#8221;0.3&#8243; animation_offset=&#8221;&#8221;]https:\/\/www.bitacoracdmx.com\/wp-content\/uploads\/2024\/01\/420043656_971150601070839_7142753121592955519_n-300&#215;200.jpg[\/fusion_imageframe][\/fusion_builder_column][\/fusion_builder_row][\/fusion_builder_container]<\/p>\n","protected":false},"excerpt":{"rendered":"<p>[fusion_builder_container hundred_percent=&#8221;no&#8221; equal_height_columns=&#8221;no&#8221; menu_anchor=&#8221;&#8221; hide_on_mobile=&#8221;small-visibility,medium-visibility,large-visibility&#8221; class=&#8221;&#8221; id=&#8221;&#8221; background_color=&#8221;&#8221; background_image=&#8221;&#8221; background_position=&#8221;center center&#8221; background_repeat=&#8221;no-repeat&#8221; fade=&#8221;no&#8221; background_parallax=&#8221;none&#8221; parallax_speed=&#8221;0.3&#8243; video_mp4=&#8221;&#8221; video_webm=&#8221;&#8221; video_ogv=&#8221;&#8221; video_url=&#8221;&#8221; video_aspect_ratio=&#8221;16:9&#8243; video_loop=&#8221;yes&#8221; video_mute=&#8221;yes&#8221; overlay_color=&#8221;&#8221; video_preview_image=&#8221;&#8221; border_size=&#8221;&#8221; border_color=&#8221;&#8221; border_style=&#8221;solid&#8221; padding_top=&#8221;&#8221; padding_bottom=&#8221;&#8221; padding_left=&#8221;&#8221; padding_right=&#8221;&#8221;][fusion_builder_row][fusion_builder_column type=&#8221;1_1&#8243; layout=&#8221;1_1&#8243; background_position=&#8221;left top&#8221; background_color=&#8221;&#8221; border_size=&#8221;&#8221; border_color=&#8221;&#8221; border_style=&#8221;solid&#8221; border_position=&#8221;all&#8221; spacing=&#8221;yes&#8221; background_image=&#8221;&#8221; background_repeat=&#8221;no-repeat&#8221; padding_top=&#8221;&#8221; padding_right=&#8221;&#8221; padding_bottom=&#8221;&#8221; padding_left=&#8221;&#8221; margin_top=&#8221;0px&#8221; margin_bottom=&#8221;0px&#8221; class=&#8221;&#8221; id=&#8221;&#8221; animation_type=&#8221;&#8221; animation_speed=&#8221;0.3&#8243; animation_direction=&#8221;left&#8221; hide_on_mobile=&#8221;small-visibility,medium-visibility,large-visibility&#8221; center_content=&#8221;no&#8221; last=&#8221;no&#8221; min_height=&#8221;&#8221; hover_type=&#8221;none&#8221; link=&#8221;&#8221;][fusion_text] REDACCI\u00d3N El Museo de la Ciudad de M\u00e9xico acoge una parte de la obra del artista nacido el 23 de agosto de 1923, quien es considerado como un cronista de la imagen de la capital del pa\u00eds, en donde retrat\u00f3 [&hellip;]<\/p>\n","protected":false},"author":1,"featured_media":54987,"comment_status":"open","ping_status":"open","sticky":false,"template":"","format":"standard","meta":{"footnotes":""},"categories":[5,9,27],"tags":[],"_links":{"self":[{"href":"https:\/\/www.bitacoracdmx.com\/index.php?rest_route=\/wp\/v2\/posts\/54986"}],"collection":[{"href":"https:\/\/www.bitacoracdmx.com\/index.php?rest_route=\/wp\/v2\/posts"}],"about":[{"href":"https:\/\/www.bitacoracdmx.com\/index.php?rest_route=\/wp\/v2\/types\/post"}],"author":[{"embeddable":true,"href":"https:\/\/www.bitacoracdmx.com\/index.php?rest_route=\/wp\/v2\/users\/1"}],"replies":[{"embeddable":true,"href":"https:\/\/www.bitacoracdmx.com\/index.php?rest_route=%2Fwp%2Fv2%2Fcomments&post=54986"}],"version-history":[{"count":2,"href":"https:\/\/www.bitacoracdmx.com\/index.php?rest_route=\/wp\/v2\/posts\/54986\/revisions"}],"predecessor-version":[{"id":54992,"href":"https:\/\/www.bitacoracdmx.com\/index.php?rest_route=\/wp\/v2\/posts\/54986\/revisions\/54992"}],"wp:featuredmedia":[{"embeddable":true,"href":"https:\/\/www.bitacoracdmx.com\/index.php?rest_route=\/wp\/v2\/media\/54987"}],"wp:attachment":[{"href":"https:\/\/www.bitacoracdmx.com\/index.php?rest_route=%2Fwp%2Fv2%2Fmedia&parent=54986"}],"wp:term":[{"taxonomy":"category","embeddable":true,"href":"https:\/\/www.bitacoracdmx.com\/index.php?rest_route=%2Fwp%2Fv2%2Fcategories&post=54986"},{"taxonomy":"post_tag","embeddable":true,"href":"https:\/\/www.bitacoracdmx.com\/index.php?rest_route=%2Fwp%2Fv2%2Ftags&post=54986"}],"curies":[{"name":"wp","href":"https:\/\/api.w.org\/{rel}","templated":true}]}}