{"id":55480,"date":"2024-03-01T00:11:52","date_gmt":"2024-03-01T00:11:52","guid":{"rendered":"https:\/\/www.bitacoracdmx.com\/?p=55480"},"modified":"2024-03-01T00:11:54","modified_gmt":"2024-03-01T00:11:54","slug":"se-consolida-la-ciudad-de-mexico-como-la-capital-audiovisual-de-america-latina-con-derrama-de-34-6-millones-de-pesos-y-104-mil-empleos-en-2023","status":"publish","type":"post","link":"https:\/\/www.bitacoracdmx.com\/?p=55480","title":{"rendered":"Se consolida la CIUDAD DE M\u00c9XICO como la capital audiovisual de AM\u00c9RICA LATINA con derrama de 34.6 millones de pesos y 104 mil empleos en 2023"},"content":{"rendered":"\n<p>En la Faro Cosmos se present\u00f3 el Anuario Estad\u00edstico 2023 de la Comisi\u00f3n de Filmaciones de la Ciudad de M\u00e9xico, en el que se destac\u00f3 que durante el a\u00f1o pasado se tuvo una inversi\u00f3n en este sector de 583 millones de pesos y se produjeron mil 231 proyectos audiovisuales como pel\u00edculas, series de televisi\u00f3n y comerciales<\/p>\n\n\n\n<p>El Museo Yancuic, que ser\u00e1 abierto al p\u00fablico a partir del 25 de febrero en Iztapalapa, se suma a la Faro Cosmos y Faro Arag\u00f3n como uno de los espacios de la Secretar\u00eda de Cultura de la Ciudad de M\u00e9xico con vocaci\u00f3n cinematogr\u00e1fica, donde se ofrecer\u00e1n funciones gracias a un proyector donado por Canacine<\/p>\n\n\n\n<p>La Comisi\u00f3n de Filmaciones de la Ciudad de M\u00e9xico inform\u00f3 que se trabaja en una iniciativa de modificaci\u00f3n para la Ley de Filmaciones en el Congreso capitalino para que la publicaci\u00f3n del Anuario Estad\u00edstico de la Industria Audiovisual se vuelva un ejercicio de transparencia y rendici\u00f3n de cuentas obligatorio<\/p>\n\n\n\n<figure class=\"wp-block-image size-full is-resized\"><img loading=\"lazy\" decoding=\"async\" width=\"1280\" height=\"853\" src=\"https:\/\/www.bitacoracdmx.com\/wp-content\/uploads\/2024\/03\/WhatsApp-Image-2024-02-21-at-3.20.00-PM.jpeg\" alt=\"\" class=\"wp-image-55481\" style=\"width:914px;height:auto\"\/><\/figure>\n","protected":false},"excerpt":{"rendered":"<p>En la Faro Cosmos se present\u00f3 el Anuario Estad\u00edstico 2023 de la Comisi\u00f3n de Filmaciones de la Ciudad de M\u00e9xico, en el que se destac\u00f3 que durante el a\u00f1o pasado se tuvo una inversi\u00f3n en este sector de 583 millones de pesos y se produjeron mil 231 proyectos audiovisuales como pel\u00edculas, series de televisi\u00f3n y comerciales El Museo Yancuic, que ser\u00e1 abierto al p\u00fablico a partir del 25 de febrero en Iztapalapa, se suma a la Faro Cosmos y Faro Arag\u00f3n como uno de los espacios de la Secretar\u00eda de Cultura de la Ciudad de M\u00e9xico con vocaci\u00f3n cinematogr\u00e1fica, donde [&hellip;]<\/p>\n","protected":false},"author":1,"featured_media":55481,"comment_status":"closed","ping_status":"closed","sticky":false,"template":"","format":"standard","meta":{"footnotes":""},"categories":[3,4,9],"tags":[],"_links":{"self":[{"href":"https:\/\/www.bitacoracdmx.com\/index.php?rest_route=\/wp\/v2\/posts\/55480"}],"collection":[{"href":"https:\/\/www.bitacoracdmx.com\/index.php?rest_route=\/wp\/v2\/posts"}],"about":[{"href":"https:\/\/www.bitacoracdmx.com\/index.php?rest_route=\/wp\/v2\/types\/post"}],"author":[{"embeddable":true,"href":"https:\/\/www.bitacoracdmx.com\/index.php?rest_route=\/wp\/v2\/users\/1"}],"replies":[{"embeddable":true,"href":"https:\/\/www.bitacoracdmx.com\/index.php?rest_route=%2Fwp%2Fv2%2Fcomments&post=55480"}],"version-history":[{"count":1,"href":"https:\/\/www.bitacoracdmx.com\/index.php?rest_route=\/wp\/v2\/posts\/55480\/revisions"}],"predecessor-version":[{"id":55482,"href":"https:\/\/www.bitacoracdmx.com\/index.php?rest_route=\/wp\/v2\/posts\/55480\/revisions\/55482"}],"wp:featuredmedia":[{"embeddable":true,"href":"https:\/\/www.bitacoracdmx.com\/index.php?rest_route=\/wp\/v2\/media\/55481"}],"wp:attachment":[{"href":"https:\/\/www.bitacoracdmx.com\/index.php?rest_route=%2Fwp%2Fv2%2Fmedia&parent=55480"}],"wp:term":[{"taxonomy":"category","embeddable":true,"href":"https:\/\/www.bitacoracdmx.com\/index.php?rest_route=%2Fwp%2Fv2%2Fcategories&post=55480"},{"taxonomy":"post_tag","embeddable":true,"href":"https:\/\/www.bitacoracdmx.com\/index.php?rest_route=%2Fwp%2Fv2%2Ftags&post=55480"}],"curies":[{"name":"wp","href":"https:\/\/api.w.org\/{rel}","templated":true}]}}