{"id":55486,"date":"2024-03-02T03:50:56","date_gmt":"2024-03-02T03:50:56","guid":{"rendered":"https:\/\/www.bitacoracdmx.com\/?p=55486"},"modified":"2024-03-02T03:50:58","modified_gmt":"2024-03-02T03:50:58","slug":"inaugura-marti-batres-museo-yancuic-en-iztapalapa-simbolo-de-lucha-popular-derechos-sociales-conocimiento-y-cultura","status":"publish","type":"post","link":"https:\/\/www.bitacoracdmx.com\/?p=55486","title":{"rendered":"Inaugura MART\u00cd BATRES \u201cMUSEO YANCUIC\u201d, en IZTAPALAPA, s\u00edmbolo de LUCHA POPULAR, DERECHOS SOCIALES, CONOCIMIENTO Y CULTURA"},"content":{"rendered":"\n<p>\u25cf El Jefe de Gobierno destac\u00f3 que la construcci\u00f3n de este museo se dio a partir de la recuperaci\u00f3n del espacio en el que se encuentra ubicado al oriente de la ciudad, el cual pretend\u00eda ser privatizado, por lo que es s\u00edmbolo de lucha social, as\u00ed como la ciencia y la cultura, al impulsar el cuidado del ambiente<\/p>\n\n\n\n<p>\u25cf Para la construcci\u00f3n del complejo con cinco niveles, una extensi\u00f3n de 20 mil metros cuadrados y 36 metros de altura, se invirtieron 529 millones de pesos, y tiene capacidad para recibir hasta 5 mil personas al d\u00eda<\/p>\n\n\n\n<p>\u25cf El Museo Yancuic cuenta con cuatro salas de exhibici\u00f3n, una librer\u00eda del Fondo de Cultura Econ\u00f3mica (FCE), el Punto de Innovaci\u00f3n, Libertad, Arte, Educaci\u00f3n y Saberes (PILARES) \u201cYancuic\u201d, espacios de estudio y lectura, salas de usos m\u00faltiples para la realizaci\u00f3n de talleres; as\u00ed como un multiforo equipado para proyecciones y puestas en escena; cafeter\u00eda y espacios de recreaci\u00f3n; el acceso al p\u00fablico ser\u00e1 gratuito, de mi\u00e9rcoles a domingo, de 10:00 a 17:00 horas<\/p>\n\n\n\n<figure class=\"wp-block-image size-full is-resized\"><img loading=\"lazy\" decoding=\"async\" width=\"1280\" height=\"852\" src=\"https:\/\/www.bitacoracdmx.com\/wp-content\/uploads\/2024\/03\/WhatsApp-Image-2024-02-24-at-7.11.40-PM.jpeg\" alt=\"\" class=\"wp-image-55487\" style=\"width:936px;height:auto\"\/><\/figure>\n","protected":false},"excerpt":{"rendered":"<p>\u25cf El Jefe de Gobierno destac\u00f3 que la construcci\u00f3n de este museo se dio a partir de la recuperaci\u00f3n del espacio en el que se encuentra ubicado al oriente de la ciudad, el cual pretend\u00eda ser privatizado, por lo que es s\u00edmbolo de lucha social, as\u00ed como la ciencia y la cultura, al impulsar el cuidado del ambiente \u25cf Para la construcci\u00f3n del complejo con cinco niveles, una extensi\u00f3n de 20 mil metros cuadrados y 36 metros de altura, se invirtieron 529 millones de pesos, y tiene capacidad para recibir hasta 5 mil personas al d\u00eda \u25cf El Museo Yancuic [&hellip;]<\/p>\n","protected":false},"author":1,"featured_media":55487,"comment_status":"closed","ping_status":"closed","sticky":false,"template":"","format":"standard","meta":{"footnotes":""},"categories":[5,4,9],"tags":[],"_links":{"self":[{"href":"https:\/\/www.bitacoracdmx.com\/index.php?rest_route=\/wp\/v2\/posts\/55486"}],"collection":[{"href":"https:\/\/www.bitacoracdmx.com\/index.php?rest_route=\/wp\/v2\/posts"}],"about":[{"href":"https:\/\/www.bitacoracdmx.com\/index.php?rest_route=\/wp\/v2\/types\/post"}],"author":[{"embeddable":true,"href":"https:\/\/www.bitacoracdmx.com\/index.php?rest_route=\/wp\/v2\/users\/1"}],"replies":[{"embeddable":true,"href":"https:\/\/www.bitacoracdmx.com\/index.php?rest_route=%2Fwp%2Fv2%2Fcomments&post=55486"}],"version-history":[{"count":1,"href":"https:\/\/www.bitacoracdmx.com\/index.php?rest_route=\/wp\/v2\/posts\/55486\/revisions"}],"predecessor-version":[{"id":55488,"href":"https:\/\/www.bitacoracdmx.com\/index.php?rest_route=\/wp\/v2\/posts\/55486\/revisions\/55488"}],"wp:featuredmedia":[{"embeddable":true,"href":"https:\/\/www.bitacoracdmx.com\/index.php?rest_route=\/wp\/v2\/media\/55487"}],"wp:attachment":[{"href":"https:\/\/www.bitacoracdmx.com\/index.php?rest_route=%2Fwp%2Fv2%2Fmedia&parent=55486"}],"wp:term":[{"taxonomy":"category","embeddable":true,"href":"https:\/\/www.bitacoracdmx.com\/index.php?rest_route=%2Fwp%2Fv2%2Fcategories&post=55486"},{"taxonomy":"post_tag","embeddable":true,"href":"https:\/\/www.bitacoracdmx.com\/index.php?rest_route=%2Fwp%2Fv2%2Ftags&post=55486"}],"curies":[{"name":"wp","href":"https:\/\/api.w.org\/{rel}","templated":true}]}}