{"id":55517,"date":"2024-03-03T06:00:38","date_gmt":"2024-03-03T06:00:38","guid":{"rendered":"https:\/\/www.bitacoracdmx.com\/?p=55517"},"modified":"2024-03-03T06:00:40","modified_gmt":"2024-03-03T06:00:40","slug":"museo-archivo-de-la-fotografia-presenta-retrospectiva-de-patricia-aridjis","status":"publish","type":"post","link":"https:\/\/www.bitacoracdmx.com\/?p=55517","title":{"rendered":"MUSEO ARCHIVO DE LA FOTOGRAF\u00cdA presenta RETROSPECTIVA de PATRICIA ARIDJIS"},"content":{"rendered":"\n<p>REDACCI\u00d3N<\/p>\n\n\n\n<p>\u25cf A trav\u00e9s de esta exposici\u00f3n, integrada por 53 obras en variados formatos, el p\u00fablico puede conocer a Patricia Aridjis en diferentes momentos de su quehacer fotogr\u00e1fico<\/p>\n\n\n\n<p>\u25cf Inaugurada en el marco de la segunda Noche de Museos de 2024, la muestra estar\u00e1 disponible al p\u00fablico hasta el pr\u00f3ximo domingo 5 de mayo del presente a\u00f1o<\/p>\n\n\n\n<p>Con una mirada regresiva a su obra fotogr\u00e1fica, la artista michoacana&nbsp;<strong>Patricia Aridjis<\/strong>&nbsp;present\u00f3 este mi\u00e9rcoles 28 de febrero la exposici\u00f3n&nbsp;<em>Ojos de mujer volando. Retrospectiva de Patricia Aridjis<\/em>&nbsp;en el&nbsp;<strong>Museo Archivo de la Fotograf\u00eda (MAF)<\/strong>, como parte la segunda&nbsp;<strong>Noche de Museos<\/strong>&nbsp;del a\u00f1o y de la sexta edici\u00f3n del Festival&nbsp;<strong>\u201cTiempo de Mujeres. Festival por la Igualdad 2024\u201d<\/strong>, que se realizar\u00e1 del 1 al 17 de marzo.<\/p>\n\n\n\n<p>El acto inaugural cont\u00f3 con la presencia de la artista visual, especializada en fotoperiodismo y fotograf\u00eda documental, encabezado por Lizbeth Ram\u00edrez Ch\u00e1vez, responsable del recinto a cargo de la Secretar\u00eda de Cultura capitalina, as\u00ed como en compa\u00f1\u00eda de la fot\u00f3grafa Elsa Medina, la historiadora Blanca Ru\u00edz y la fotoperiodista \u00c1ngeles Torrej\u00f3n, quienes coincidieron en la mirada disruptiva, honesta, con estilo y composici\u00f3n pero, sobre todo, con compromiso social.<\/p>\n\n\n\n<p>&#8220;Esta exposici\u00f3n es un homenaje a todas ellas, son mi espejo, mujeres que miro y admiro, mujeres en prisi\u00f3n, mujeres que escarban con sus propias manos la tierra con la posibilidad de encontrar los restos de sus familiares desaparecidos, mujeres que en lugar de abrazar a un beb\u00e9 sujetan un rifle para luchar por los derechos de los y las ind\u00edgenas, mujeres que con su apabullante cuerpo voluminoso incomodan a esta sociedad donde la apariencia tiene un papel preponderante&#8221;, coment\u00f3 Aridjis.<\/p>\n\n\n\n<p>Y enfatiz\u00f3: &#8220;Esta retrospectiva va como homenaje a todas las mujeres que se han permitido ser parte de mi vida personal y fotogr\u00e1fica, a trav\u00e9s de sus historias cuento la m\u00eda&#8221;.<\/p>\n\n\n\n<p>Como parte del Festival \u201cTiempo de Mujeres\u201d, que busca visibilizar y reconocer el quehacer femenino en la producci\u00f3n art\u00edstica, la exposici\u00f3n integrada por 53 im\u00e1genes en diversos formatos, conduce al espectador por un recorrido fotogr\u00e1fico sobre el trabajo de Aridjis, quien desde hace m\u00e1s de tres d\u00e9cadas atras del lente ha marcado una pauta visual sobre la narrativa fotogr\u00e1fica de las mujeres en Am\u00e9rica Latina al cuestionar los c\u00e1nones sociales.<\/p>\n\n\n\n<p>&#8220;Con esta muestra abre un programa que se va a llamar &#8216;Fotograf\u00eda y feminismos&#8217;, porque para nosotros es muy importante dar un espacio a las mujeres fot\u00f3grafas y fotohistoriadoras. Esta es la primera de 3 exposiciones con 2 semanas de pl\u00e1ticas donde vamos a hablar de nuestro acontecer en la historia fotogr\u00e1fica&#8221;, adelant\u00f3 la responsable del recinto.<\/p>\n\n\n\n<p>La exposici\u00f3n acerca a la singularidad y contundencia de las historias de diversas mujeres capturadas por la agudeza visual de Aridjis, que con un juego de colores, reflejos, luces y sombras acent\u00faa la expresi\u00f3n emocional de diversas generaciones de mujeres mexicanas.<\/p>\n\n\n\n<p>El p\u00fablico recorrer\u00e1 en la planta baja del recinto algunos extractos de sus diversos ensayos fotogr\u00e1ficos como &#8220;Arrullo para otros&#8221;, &#8220;Las horas negras&#8221;,&#8221;Las flores del mal&#8221;, &#8220;Nostalgia de la muerte&#8221;, &#8220;Sangre de mi sangre&#8221;, &#8220;Zapatistas&#8221;, &#8220;Caminos de Michoac\u00e1n&#8221;, &#8220;Imelda&#8221; y m\u00e1s recientemente &#8220;Mujeres de peso&#8221;.<\/p>\n\n\n\n<p>La artista, originaria de Contepec en el estado de Michoac\u00e1n, estudi\u00f3 la carrera de Comunicaci\u00f3n Social en la Universidad Aut\u00f3noma Metropolitana (UAM) Xochimilco y es miembro del Sistema Nacional de Creadores de Arte. En 2020 recibi\u00f3 la Medalla al M\u00e9rito Fotogr\u00e1fico otorgada por el Instituto Nacional de Antropolog\u00eda e Historia (INAH) y la Fototeca Nacional.<\/p>\n\n\n\n<p>Su obra se ha publicado de manera individual en los libros&nbsp;<em>Las horas negras<\/em>&nbsp;(2007),&nbsp;<em>Ensayo fotogr\u00e1fico sobre mujeres en reclusi\u00f3n<\/em>&nbsp;y&nbsp;<em>Ojos de papel volando<\/em>&nbsp;(2012), este \u00faltimo forma parte de la colecci\u00f3n de libros de fotograf\u00eda documental&nbsp;<em>Ojo de venado<\/em>. Ha participado en alrededor de 26 exposiciones individuales y en m\u00e1s de 63 colectivas en espacios nacionales e internacionales y su trabajo ha sido publicado y exhibido en B\u00e9lgica, China, Espa\u00f1a, Portugal, Canad\u00e1, Polonia, varios pa\u00edses de Latinoam\u00e9rica y en gran parte de la Rep\u00fablica mexicana.<\/p>\n\n\n\n<p>La sexta edici\u00f3n del Festival \u201cTiempo de Mujeres. Festival por la Igualdad 2024\u201d, que tendr\u00e1 m\u00e1s de 150 actividades en 28 sedes de la capital, se realizar\u00e1 del 1 al 17 de marzo, en el marco del 8M, D\u00eda Internacional de la Mujer, con el prop\u00f3sito de visibilizar y reconocer la lucha social de las mujeres en las diversas disciplinas.<\/p>\n\n\n\n<p><em>Ojos de mujer volando. Retrospectiva de Patricia Aridjis<\/em>podr\u00e1 visitarse hasta el domingo 5 de mayo en el Museo Archivo de la Fotograf\u00eda (MAF) ubicado en Rep\u00fablica de Guatemala 34, frente al Templo Mayor y detr\u00e1s de la Catedral Metropolitana. Entrada libre.<\/p>\n\n\n\n<p>Para conocer todas las actividades de la Secretar\u00eda de Cultura capitalina, se puede consultar la Cartelera de la Ciudad de M\u00e9xico (<a href=\"https:\/\/cartelera.cdmx.gob.mx\/\">https:\/\/cartelera.cdmx.gob.mx\/<\/a>) y las redes sociales de la Secretar\u00eda de Cultura: Facebook, X, Instagram y YouTube.<\/p>\n\n\n\n<p><a href=\"https:\/\/www.facebook.com\/hashtag\/museoarchivodelafotograf%C3%ADa?__eep__=6&amp;__cft__[0]=AZUKE7HXKS_nz9IMzdrmhL-oMZfheSMMiMQZE9OrwVg0UR4lXkwXvfxfthiMVSV15jfxTyi4iRZ23PKa1ClqgKbpw67Y9aiF-e5qaUxw0uf-qQVbJbq-ihUpaoskrMxBTkY&amp;__tn__=*NK-R\">#museoarchivodelafotograf\u00eda<\/a><a href=\"https:\/\/www.facebook.com\/hashtag\/retrospectiva?__eep__=6&amp;__cft__[0]=AZUKE7HXKS_nz9IMzdrmhL-oMZfheSMMiMQZE9OrwVg0UR4lXkwXvfxfthiMVSV15jfxTyi4iRZ23PKa1ClqgKbpw67Y9aiF-e5qaUxw0uf-qQVbJbq-ihUpaoskrMxBTkY&amp;__tn__=*NK-R\">#RETROSPECTIVA<\/a><a href=\"https:\/\/www.facebook.com\/hashtag\/patriciaaridjis?__eep__=6&amp;__cft__[0]=AZUKE7HXKS_nz9IMzdrmhL-oMZfheSMMiMQZE9OrwVg0UR4lXkwXvfxfthiMVSV15jfxTyi4iRZ23PKa1ClqgKbpw67Y9aiF-e5qaUxw0uf-qQVbJbq-ihUpaoskrMxBTkY&amp;__tn__=*NK-R\">#PatriciaAridjis<\/a><a href=\"https:\/\/www.facebook.com\/hashtag\/secretariadeculturacdmx?__eep__=6&amp;__cft__[0]=AZVCKFbb75fpq3BgrQojN_6MPAK_RKJlsmqUZOqia2S7h5g6qtSYOX4gAblFyCgBRPJMGiqjk7DLSrvFdv9nYx7xywjNpX6gpS76QW8C3SJ0v9vK3nckn4P3b2YiHInbQCZji_se0TTEACM6i7a4xMEX&amp;__tn__=*NK-R\">#secretariadeculturacdmx<\/a><a href=\"https:\/\/www.facebook.com\/hashtag\/bitacoracdmx?__eep__=6&amp;__cft__[0]=AZVCKFbb75fpq3BgrQojN_6MPAK_RKJlsmqUZOqia2S7h5g6qtSYOX4gAblFyCgBRPJMGiqjk7DLSrvFdv9nYx7xywjNpX6gpS76QW8C3SJ0v9vK3nckn4P3b2YiHInbQCZji_se0TTEACM6i7a4xMEX&amp;__tn__=*NK-R\"> <\/a><a href=\"https:\/\/www.facebook.com\/hashtag\/bitacoracdmx?__eep__=6&amp;__cft__[0]=AZVCKFbb75fpq3BgrQojN_6MPAK_RKJlsmqUZOqia2S7h5g6qtSYOX4gAblFyCgBRPJMGiqjk7DLSrvFdv9nYx7xywjNpX6gpS76QW8C3SJ0v9vK3nckn4P3b2YiHInbQCZji_se0TTEACM6i7a4xMEX&amp;__tn__=*NK-R\">#bitacoracdmx<\/a><\/p>\n\n\n\n<p><a href=\"https:\/\/www.facebook.com\/photo\/?fbid=1002633707922528&amp;set=pcb.1002634007922498&amp;__cft__[0]=AZUKE7HXKS_nz9IMzdrmhL-oMZfheSMMiMQZE9OrwVg0UR4lXkwXvfxfthiMVSV15jfxTyi4iRZ23PKa1ClqgKbpw67Y9aiF-e5qaUxw0uf-qQVbJbq-ihUpaoskrMxBTkY&amp;__tn__=*bH-R\"><\/a><\/p>\n\n\n\n<p><a href=\"https:\/\/www.facebook.com\/photo\/?fbid=1002633664589199&amp;set=pcb.1002634007922498&amp;__cft__[0]=AZUKE7HXKS_nz9IMzdrmhL-oMZfheSMMiMQZE9OrwVg0UR4lXkwXvfxfthiMVSV15jfxTyi4iRZ23PKa1ClqgKbpw67Y9aiF-e5qaUxw0uf-qQVbJbq-ihUpaoskrMxBTkY&amp;__tn__=*bH-R\"><\/a><\/p>\n\n\n\n<p><a href=\"https:\/\/www.facebook.com\/photo\/?fbid=1002633691255863&amp;set=pcb.1002634007922498&amp;__cft__[0]=AZUKE7HXKS_nz9IMzdrmhL-oMZfheSMMiMQZE9OrwVg0UR4lXkwXvfxfthiMVSV15jfxTyi4iRZ23PKa1ClqgKbpw67Y9aiF-e5qaUxw0uf-qQVbJbq-ihUpaoskrMxBTkY&amp;__tn__=*bH-R\"><\/a><\/p>\n\n\n\n<p><a href=\"https:\/\/www.facebook.com\/photo\/?fbid=1002633747922524&amp;set=pcb.1002634007922498&amp;__cft__[0]=AZUKE7HXKS_nz9IMzdrmhL-oMZfheSMMiMQZE9OrwVg0UR4lXkwXvfxfthiMVSV15jfxTyi4iRZ23PKa1ClqgKbpw67Y9aiF-e5qaUxw0uf-qQVbJbq-ihUpaoskrMxBTkY&amp;__tn__=*bH-R\"><\/a><\/p>\n\n\n\n<p><a href=\"https:\/\/www.facebook.com\/photo\/?fbid=1002633777922521&amp;set=pcb.1002634007922498&amp;__cft__[0]=AZUKE7HXKS_nz9IMzdrmhL-oMZfheSMMiMQZE9OrwVg0UR4lXkwXvfxfthiMVSV15jfxTyi4iRZ23PKa1ClqgKbpw67Y9aiF-e5qaUxw0uf-qQVbJbq-ihUpaoskrMxBTkY&amp;__tn__=*bH-R\"><\/a><\/p>\n","protected":false},"excerpt":{"rendered":"<p>REDACCI\u00d3N \u25cf A trav\u00e9s de esta exposici\u00f3n, integrada por 53 obras en variados formatos, el p\u00fablico puede conocer a Patricia Aridjis en diferentes momentos de su quehacer fotogr\u00e1fico \u25cf Inaugurada en el marco de la segunda Noche de Museos de 2024, la muestra estar\u00e1 disponible al p\u00fablico hasta el pr\u00f3ximo domingo 5 de mayo del presente a\u00f1o Con una mirada regresiva a su obra fotogr\u00e1fica, la artista michoacana&nbsp;Patricia Aridjis&nbsp;present\u00f3 este mi\u00e9rcoles 28 de febrero la exposici\u00f3n&nbsp;Ojos de mujer volando. Retrospectiva de Patricia Aridjis&nbsp;en el&nbsp;Museo Archivo de la Fotograf\u00eda (MAF), como parte la segunda&nbsp;Noche de Museos&nbsp;del a\u00f1o y de la sexta [&hellip;]<\/p>\n","protected":false},"author":1,"featured_media":55518,"comment_status":"closed","ping_status":"closed","sticky":false,"template":"","format":"standard","meta":{"footnotes":""},"categories":[9,27],"tags":[],"_links":{"self":[{"href":"https:\/\/www.bitacoracdmx.com\/index.php?rest_route=\/wp\/v2\/posts\/55517"}],"collection":[{"href":"https:\/\/www.bitacoracdmx.com\/index.php?rest_route=\/wp\/v2\/posts"}],"about":[{"href":"https:\/\/www.bitacoracdmx.com\/index.php?rest_route=\/wp\/v2\/types\/post"}],"author":[{"embeddable":true,"href":"https:\/\/www.bitacoracdmx.com\/index.php?rest_route=\/wp\/v2\/users\/1"}],"replies":[{"embeddable":true,"href":"https:\/\/www.bitacoracdmx.com\/index.php?rest_route=%2Fwp%2Fv2%2Fcomments&post=55517"}],"version-history":[{"count":1,"href":"https:\/\/www.bitacoracdmx.com\/index.php?rest_route=\/wp\/v2\/posts\/55517\/revisions"}],"predecessor-version":[{"id":55519,"href":"https:\/\/www.bitacoracdmx.com\/index.php?rest_route=\/wp\/v2\/posts\/55517\/revisions\/55519"}],"wp:featuredmedia":[{"embeddable":true,"href":"https:\/\/www.bitacoracdmx.com\/index.php?rest_route=\/wp\/v2\/media\/55518"}],"wp:attachment":[{"href":"https:\/\/www.bitacoracdmx.com\/index.php?rest_route=%2Fwp%2Fv2%2Fmedia&parent=55517"}],"wp:term":[{"taxonomy":"category","embeddable":true,"href":"https:\/\/www.bitacoracdmx.com\/index.php?rest_route=%2Fwp%2Fv2%2Fcategories&post=55517"},{"taxonomy":"post_tag","embeddable":true,"href":"https:\/\/www.bitacoracdmx.com\/index.php?rest_route=%2Fwp%2Fv2%2Ftags&post=55517"}],"curies":[{"name":"wp","href":"https:\/\/api.w.org\/{rel}","templated":true}]}}