{"id":55523,"date":"2024-03-03T06:37:49","date_gmt":"2024-03-03T06:37:49","guid":{"rendered":"https:\/\/www.bitacoracdmx.com\/?p=55523"},"modified":"2024-03-03T06:37:51","modified_gmt":"2024-03-03T06:37:51","slug":"multiforo-alicia-reabre-en-santa-maria-la-ribera-para-continuar-con-su-labor-cultural-y-social-de-mas-de-27-anos","status":"publish","type":"post","link":"https:\/\/www.bitacoracdmx.com\/?p=55523","title":{"rendered":"MULTIFORO ALICIA reabre en SANTA MAR\u00cdA LA RIBERA para continuar con su labor CULTURAL y SOCIAL de m\u00e1s de 27 a\u00f1os"},"content":{"rendered":"\n<p>REDACCI\u00d3N<\/p>\n\n\n\n<p>\u25cf La nueva sede del Multiforo Alicia, que tendr\u00e1 su reapertura oficial el 23 de marzo,en Eligio Ancona 145 de la Santa Mar\u00eda la Ribera continuar\u00e1 con su tradici\u00f3n de formaci\u00f3n y desarrollo comunitario con la impartici\u00f3n de talleres gratuitos en ingenier\u00eda de audio e iluminaci\u00f3n, oficios t\u00e9cnicos para escenarios y dise\u00f1o gr\u00e1fico, adem\u00e1s de ser un espacio para conversatorios, charlas y mesas de discusi\u00f3n<\/p>\n\n\n\n<p>\u25cf Para la escena musical, el nuevo Multiforo Alicia ser\u00e1 escenario de presentaciones musicales de varios g\u00e9neros como son rock, blues, jazz, avant-garde, punk, metal, hardcore, ska, reggae, surf, garage, rockabilly, hip-hop, boleros, cumbia y tradicional, entre otras<\/p>\n\n\n\n<p>\u25cf La Secretar\u00eda de Cultura de la Ciudad de M\u00e9xico invita a quienes cuenten con un espacio cultural independiente, a tramitar su Constancia de Espacios Culturales Independientes, la cual reconoce su actividad cultural y mercantil, adem\u00e1s de ofrecerles programas de capacitaci\u00f3n y regularizaci\u00f3n, asesor\u00eda jur\u00eddica, as\u00ed como beneficios fiscales y econ\u00f3micos<\/p>\n\n\n\n<p>Tras&nbsp;<strong>27 a\u00f1os de historia<\/strong>&nbsp;y un a\u00f1o de haber cerrado sus puertas, el&nbsp;<strong>Multiforo Alicia reabre<\/strong>, ahora en la colonia&nbsp;<strong>Santa Mar\u00eda la Ribera<\/strong>, para continuar con su labor social que ha marcado para bien a&nbsp;<strong>m\u00fasicos, dise\u00f1adores, artistas y p\u00fablicos de tres generaciones<\/strong>&nbsp;en la Ciudad de M\u00e9xico.<\/p>\n\n\n\n<p>Con apoyo de la&nbsp;<strong>Secretar\u00eda de Cultura de la Ciudad de M\u00e9xico<\/strong>, que ha sumado esfuerzo con su fundador&nbsp;<strong>Nacho Pineda<\/strong>, el Multiforo Alicia se reactiva como un recinto para la formaci\u00f3n y desarrollo comunitario en la colonia Santa Mar\u00eda la Ribera y sus alrededores, promoviendo el acceso a los bienes y servicios culturales en condiciones de equidad e inclusi\u00f3n para la ciudadan\u00eda.<\/p>\n\n\n\n<p>Con un performance musical de improvisaci\u00f3n libre a cargo de Rams\u00e9s Luna, l\u00edder de Luz Riada, en el saxof\u00f3n, y de Jos\u00e9 \u00c1lvarez, fundador de Oxomaxoma, en la voz acompa\u00f1ado de un tecladista, el emblem\u00e1tico Multiforo Alicia dio la bienvenida a los asistentes en la nueva sede ubicada en Eligio Ancona 145 de Santa Mar\u00eda la Ribera.<\/p>\n\n\n\n<p>La secretaria de Cultura capitalina, Claudia Curiel de Icaza, asegur\u00f3 que reabrir el Multiforo Alicia se convirti\u00f3 en una prioridad para el Gobierno capitalino porque \u201ces parte de la identidad y de la resistencia de la contracultura de la Ciudad de M\u00e9xico\u201d.<\/p>\n\n\n\n<p>Acompa\u00f1ada del fundador&nbsp;<strong>Nacho Pineda, de Jes\u00fas Ram\u00edrez Cuevas, vocero del Gobierno de la Rep\u00fablica, y de Andr\u00e9s Mario Ram\u00edrez<\/strong>, dise\u00f1ador por 27 a\u00f1os de los carteles del Alicia, Curiel de Icaza invit\u00f3 a quienes cuenten con un espacio cultural independiente, a tramitar su Constancia de Espacios Culturales Independientes, la cual reconoce su actividad cultural y mercantil, adem\u00e1s de ofrecerles programas de capacitaci\u00f3n y regularizaci\u00f3n, asesor\u00eda jur\u00eddica, as\u00ed como beneficios fiscales y econ\u00f3micos.<\/p>\n\n\n\n<p>\u201cNos da mucho gusto informar que el Multiforo Alicia, con el significado que tiene para esta ciudad, va a ser el primer espacio, el que tenga el folio 001, con la figura de Espacio Cultural Independiente, lo cual significa el triunfo de una lucha de todos ustedes como comunidad\u201d, celebr\u00f3 la funcionaria.<\/p>\n\n\n\n<p>Con esta figura, explic\u00f3 Curiel de Icaza, los Espacios Culturales Independientes podr\u00e1n acceder a apoyos de distintas dependencias como las secretar\u00edas de Trabajo y Fomento al Empleo, Administraci\u00f3n y Finanzas, Desarrollo Econ\u00f3mico y Riesgos y Protecci\u00f3n Civil.<\/p>\n\n\n\n<p>Por su parte, Jes\u00fas Ram\u00edrez asegur\u00f3 que &#8220;es importante hoy que reinicia actividades el Alicia porque es un s\u00edmbolo de lucha, de resistencia cultural, parte de la cultura de esta ciudad y sobre todo hay alternativas culturales para expresar lo que somos y lo que queremos&#8221;.<\/p>\n\n\n\n<p>&#8220;Estamos reivindicando con este espacio la tradici\u00f3n de esta ciudad, una ciudad libertaria, ciudad de lucha, ciudad creativa y ciudad comunitaria\u201d, dijo.<\/p>\n\n\n\n<p>En tanto, el fundador Nacho Pineda inform\u00f3 que la&nbsp;<strong>reapertura oficial del Multiforo Alicia se llevar\u00e1 a cabo el 23 de marzo<\/strong>&nbsp;y que el cartel art\u00edstico se anunciar\u00e1 pr\u00f3ximamente en redes sociales.<\/p>\n\n\n\n<p>A lo largo de sus 27 a\u00f1os de vida, este espacio ha representado un impulso para la creaci\u00f3n, la producci\u00f3n y la difusi\u00f3n de diversas expresiones, teniendo en su haber la realizaci\u00f3n de m\u00e1s de 9 mil eventos culturales, donde se han presentado m\u00e1s de&nbsp;<strong>54 mil bandas de distintos g\u00e9neros musicales, se han producido 138 discos, un libro, tres documentales, m\u00e1s de 6 mil dise\u00f1os originales y alrededor de 5 millones de carteles<\/strong>.<\/p>\n\n\n\n<p>Cabe resaltar que en esta nueva sede, el Alicia, como popularmente se le conoce, mantiene su esp\u00edritu autogestivo con una programaci\u00f3n multidisciplinaria y de actividades mayoritariamente gratuitas para todo p\u00fablico, en combinaci\u00f3n con algunas de m\u00f3dica cuota de recuperaci\u00f3n para garantizar su sostenibilidad.<\/p>\n\n\n\n<p>Esta nueva etapa, el Multiforo Alicia ser\u00e1 escenario de presentaciones musicales de varios g\u00e9neros como son rock, blues, jazz, avant-garde, punk, metal, hardcore, ska, reggae, surf, garage, rockabilly, hip-hop, boleros, cumbia y tradicional, entre otras.<\/p>\n\n\n\n<p>Adem\u00e1s se impartir\u00e1n talleres gratuitos en ingenier\u00eda de audio e iluminaci\u00f3n, oficios t\u00e9cnicos para escenarios y dise\u00f1o gr\u00e1fico; asimismo contar\u00e1 con estudio de grabaci\u00f3n, maquila y distribuci\u00f3n de discos que brinda servicio gratuito a las bandas y artistas para promover, difundir y distribuir su m\u00fasica.<\/p>\n\n\n\n<p>El Alicia ser\u00e1 un espacio para conversatorios, charlas y mesas de discusi\u00f3n sobre temas de actualidad e inter\u00e9s comunitario, as\u00ed como presentaciones de libros, discos, revistas y fanzines; cuenta con sala de lectura y biblioteca encaminada a la promoci\u00f3n y difusi\u00f3n de la lectura y la creaci\u00f3n literaria.<\/p>\n\n\n\n<p>Continuar\u00e1 con sus tradicionales proyecciones de cine para promover la producci\u00f3n audiovisual independiente, su estaci\u00f3n de radio por internet de corte comunitario con \u00e9nfasis en la m\u00fasica local, as\u00ed como programas de an\u00e1lisis, entrevistas y especiales de m\u00fasica, entre muchas otras actividades.<\/p>\n\n\n\n<p>La nueva sede del Multiforo Alicia se encuentra en Eligio Ancona 145 de la colonia Santa Mar\u00eda la Ribera, alcald\u00eda Cuauht\u00e9moc, con un horario de mi\u00e9rcoles a domingo de las 16:00 a 23:00 horas.<\/p>\n\n\n\n<p>Para conocer todas las actividades de la Secretar\u00eda de Cultura capitalina, se puede consultar la Cartelera de la Ciudad de M\u00e9xico (<a href=\"https:\/\/cartelera.cdmx.gob.mx\/\">https:\/\/cartelera.cdmx.gob.mx\/<\/a>) y las redes sociales de la Secretar\u00eda de Cultura: Facebook, Twitter, Instagram y YouTube.<\/p>\n\n\n\n<p><a href=\"https:\/\/www.facebook.com\/hashtag\/multiforoalicia?__eep__=6&amp;__cft__[0]=AZWk50Pp5vDbJtkuCVyrP4bmuKpELyoUSSY7h1N-h_XljEQW3y3zuUFTTXUX0c1wJJqaXEbEJ0EYIUTTIR7_j-PF6FDy5Hz0KhqdV_2w4CQs2MJyeq6PuBcgQS848XGoIf0&amp;__tn__=*NK-R\">#MultiforoAlicia<\/a><a href=\"https:\/\/www.facebook.com\/hashtag\/santamarialaribera?__eep__=6&amp;__cft__[0]=AZWk50Pp5vDbJtkuCVyrP4bmuKpELyoUSSY7h1N-h_XljEQW3y3zuUFTTXUX0c1wJJqaXEbEJ0EYIUTTIR7_j-PF6FDy5Hz0KhqdV_2w4CQs2MJyeq6PuBcgQS848XGoIf0&amp;__tn__=*NK-R\">#santamarialaribera<\/a><a href=\"https:\/\/www.facebook.com\/hashtag\/secretariadeculturacdmx?__eep__=6&amp;__cft__[0]=AZWk50Pp5vDbJtkuCVyrP4bmuKpELyoUSSY7h1N-h_XljEQW3y3zuUFTTXUX0c1wJJqaXEbEJ0EYIUTTIR7_j-PF6FDy5Hz0KhqdV_2w4CQs2MJyeq6PuBcgQS848XGoIf0&amp;__tn__=*NK-R\">#secretariadeculturacdmx<\/a><a href=\"https:\/\/www.facebook.com\/hashtag\/bitacoracdmx?__eep__=6&amp;__cft__[0]=AZWk50Pp5vDbJtkuCVyrP4bmuKpELyoUSSY7h1N-h_XljEQW3y3zuUFTTXUX0c1wJJqaXEbEJ0EYIUTTIR7_j-PF6FDy5Hz0KhqdV_2w4CQs2MJyeq6PuBcgQS848XGoIf0&amp;__tn__=*NK-R\">#bitacoracdmx<\/a><\/p>\n","protected":false},"excerpt":{"rendered":"<p>REDACCI\u00d3N \u25cf La nueva sede del Multiforo Alicia, que tendr\u00e1 su reapertura oficial el 23 de marzo,en Eligio Ancona 145 de la Santa Mar\u00eda la Ribera continuar\u00e1 con su tradici\u00f3n de formaci\u00f3n y desarrollo comunitario con la impartici\u00f3n de talleres gratuitos en ingenier\u00eda de audio e iluminaci\u00f3n, oficios t\u00e9cnicos para escenarios y dise\u00f1o gr\u00e1fico, adem\u00e1s de ser un espacio para conversatorios, charlas y mesas de discusi\u00f3n \u25cf Para la escena musical, el nuevo Multiforo Alicia ser\u00e1 escenario de presentaciones musicales de varios g\u00e9neros como son rock, blues, jazz, avant-garde, punk, metal, hardcore, ska, reggae, surf, garage, rockabilly, hip-hop, boleros, cumbia [&hellip;]<\/p>\n","protected":false},"author":1,"featured_media":55524,"comment_status":"closed","ping_status":"closed","sticky":false,"template":"","format":"standard","meta":{"footnotes":""},"categories":[5,4,9,11],"tags":[],"_links":{"self":[{"href":"https:\/\/www.bitacoracdmx.com\/index.php?rest_route=\/wp\/v2\/posts\/55523"}],"collection":[{"href":"https:\/\/www.bitacoracdmx.com\/index.php?rest_route=\/wp\/v2\/posts"}],"about":[{"href":"https:\/\/www.bitacoracdmx.com\/index.php?rest_route=\/wp\/v2\/types\/post"}],"author":[{"embeddable":true,"href":"https:\/\/www.bitacoracdmx.com\/index.php?rest_route=\/wp\/v2\/users\/1"}],"replies":[{"embeddable":true,"href":"https:\/\/www.bitacoracdmx.com\/index.php?rest_route=%2Fwp%2Fv2%2Fcomments&post=55523"}],"version-history":[{"count":1,"href":"https:\/\/www.bitacoracdmx.com\/index.php?rest_route=\/wp\/v2\/posts\/55523\/revisions"}],"predecessor-version":[{"id":55525,"href":"https:\/\/www.bitacoracdmx.com\/index.php?rest_route=\/wp\/v2\/posts\/55523\/revisions\/55525"}],"wp:featuredmedia":[{"embeddable":true,"href":"https:\/\/www.bitacoracdmx.com\/index.php?rest_route=\/wp\/v2\/media\/55524"}],"wp:attachment":[{"href":"https:\/\/www.bitacoracdmx.com\/index.php?rest_route=%2Fwp%2Fv2%2Fmedia&parent=55523"}],"wp:term":[{"taxonomy":"category","embeddable":true,"href":"https:\/\/www.bitacoracdmx.com\/index.php?rest_route=%2Fwp%2Fv2%2Fcategories&post=55523"},{"taxonomy":"post_tag","embeddable":true,"href":"https:\/\/www.bitacoracdmx.com\/index.php?rest_route=%2Fwp%2Fv2%2Ftags&post=55523"}],"curies":[{"name":"wp","href":"https:\/\/api.w.org\/{rel}","templated":true}]}}