{"id":55526,"date":"2024-03-03T06:50:33","date_gmt":"2024-03-03T06:50:33","guid":{"rendered":"https:\/\/www.bitacoracdmx.com\/?p=55526"},"modified":"2024-03-03T06:53:20","modified_gmt":"2024-03-03T06:53:20","slug":"secretaria-de-cultura-de-la-ciudad-de-mexico-invita-a-clase-masiva-de-danza-en-el-zocalo-a-cargo-de-la-bailarina-elisa-carrillo","status":"publish","type":"post","link":"https:\/\/www.bitacoracdmx.com\/?p=55526","title":{"rendered":"SECRETAR\u00cdA DE CULTURA de la CIUDAD DE M\u00c9XICO invita a CLASE MASIVA DE DANZA en el Z\u00d3CALO a cargo de la bailarina ELISA CARRILLO"},"content":{"rendered":"\n<p>REDACCI\u00d3N<\/p>\n\n\n\n<p>\u25cf La clase tendr\u00e1 lugar el domingo 17 de marzo a las 9 horas y el registro est\u00e1 abierto para mujeres y hombres de todas las edades, a partir de los 7 a\u00f1os de edad del 1 al 8 de marzo, o hasta llenar el cupo de 5 mil personas<\/p>\n\n\n\n<p>\u25cf Elisa Carrillo es embajadora de la Cultura de M\u00e9xico, miembro del Consejo Internacional de Danza de la UNESCO y ha sido galardonada con los reconocimientos m\u00e1s cotizados a nivel mundial como el Premio Benois de la Danse, el Alma de la Danza de Rusia y el Festival Dance Open en San Petersburgo<\/p>\n\n\n\n<p>\u25cf \u201cTiempo de Mujeres. Festival por la Igualdad 2024\u201d realiza su sexta edici\u00f3n del 1 al 17 de marzo con 150 actividades culturales en 28 sedes de la capital en el marco del D\u00eda Internacional de la Mujer, con el prop\u00f3sito de visibilizar y reconocer la lucha social de las mujeres<\/p>\n\n\n\n<p>Como parte de la sexta edici\u00f3n de&nbsp;<strong>\u201cTiempo de Mujeres. Festival por la Igualdad 2024\u201d<\/strong>, el&nbsp;<strong>Gobierno de la Ciudad de M\u00e9xico<\/strong>, a trav\u00e9s de la&nbsp;<strong>Secretar\u00eda de Cultura local<\/strong>,&nbsp;<strong>ofrece la primera clase masiva de danza en el Z\u00f3calo capitalino<\/strong>&nbsp;a cargo de la bailarina&nbsp;<strong>Elisa Carrillo<\/strong>, la cual espera reunir a cinco mil personas el pr\u00f3ximo&nbsp;<strong>domingo 17 de marzo a las 9 horas<\/strong>. Para participar en esta clase es necesario llenar el formulario de prerregistro en el sitio&nbsp;<a href=\"https:\/\/danzazocalo.cultura.cdmx.gob.mx\/\">https:\/\/danzazocalo.cultura.cdmx.gob.mx\/<\/a>, el cual estar\u00e1 habilitado del 1 al 8 de marzo o hasta que llene el cupo.<\/p>\n\n\n\n<p>La convocatoria es totalmente gratuita y est\u00e1 abierta para ni\u00f1as, ni\u00f1os, mujeres y hombres de todas las edades a partir de los 7 a\u00f1os, sin importar si tienen o no experiencia previa en danza cl\u00e1sica; el registro es habilitado por la Secretar\u00eda de Cultura de la Ciudad de M\u00e9xico para las y los interesados en vivir esta experiencia \u00fanica.<\/p>\n\n\n\n<p>El 17 de marzo, el acceso al p\u00fablico a la clase de danza masiva inicia a las 8 horas y se recomienda a los participantes presentarse con ropa de ballet o ropa c\u00f3moda de color blanco, lleva zapatillas de ballet, de jazz o zapatos tenis de suela delgada, cabello recogido, usar bloqueador solar en rostro y brazos, adem\u00e1s de llevar agua para mantenerse hidratados.<\/p>\n\n\n\n<p>En el Z\u00f3calo habr\u00e1 una zona habilitada para personas en silla de ruedas y el registro de menores de edad debe realizarse por un adulto.<\/p>\n\n\n\n<p>Esta clase masiva de danza ser\u00e1 impartida por Elisa Carrillo, una de las bailarinas mexicanas con mayor reconocimiento mundialmente que logr\u00f3 convertirse en primera bailarina del Staatsballett, Berl\u00edn, una de las compa\u00f1\u00edas de ballet m\u00e1s importantes de Europa y del mundo.<\/p>\n\n\n\n<p>Embajadora de la Cultura de M\u00e9xico y miembro del Consejo Internacional de Danza en la Organizaci\u00f3n de las Naciones Unidas para la Educaci\u00f3n, la Ciencia y la Cultura (UNESCO, por sus siglas en ingl\u00e9s), Carrillo ha sido galardonada el Premio Benois de la Danse, el Alma de la Danza de Rusia y el Festival Dance Open en San Petersburgo.<\/p>\n\n\n\n<p>Este evento sin precedentes es el cierre de la sexta edici\u00f3n de \u201cTiempo de Mujeres. Festival por la Igualdad\u201d, que en su edici\u00f3n 2024 cuenta con 150 actividades culturales que tendr\u00e1n lugar en 28 sedes y dar\u00e1 inicio con&nbsp;<em>Correspondences<\/em>, un performance inmersivo desarrollado por Patti Smith y Soundwalk Collective, el viernes 1 de marzo en el emblem\u00e1tico Teatro de la Ciudad Esperanza Iris.<\/p>\n\n\n\n<p>Destacan la exposici\u00f3n&nbsp;<em>Ojos de mujer volando<\/em>, una retrospectiva de la fotoperiodista Patricia Aridjis, abierta al p\u00fablico hasta el 17 de marzo; el concierto de la Banda Filarm\u00f3nica Femenil Ka&#8217;ux el mi\u00e9rcoles 6 de marzo, a las 20 horas, en el Teatro de la Ciudad Esperanza Iris; la inauguraci\u00f3n de mural con Eva Bracamontes el s\u00e1bado 9 de marzo, a las 12 horas, en la F\u00e1brica de Artes y Oficios (FARO) Oriente; la presentaci\u00f3n de danza \u201cEnredo barroco, piezas con historias\u201d el s\u00e1bado 9 de marzo, a las 19 horas, en el Z\u00f3calo.<\/p>\n\n\n\n<p>Adem\u00e1s, un concierto gratuito de la Orquesta T\u00edpica de la Ciudad de M\u00e9xico, dedicado a la obra de compositoras mexicanas, dirigida por Sandra Cepero el domingo 10 de marzo, a las 11:30 horas, en el Museo Jos\u00e9 Luis Cuevas; un Homenaje a las mujeres en la \u00f3pera, con un concierto de Sof\u00eda Ram\u00edrez el viernes 15 de marzo, a las 19:00 horas, en el Museo de la Ciudad de M\u00e9xico; y programaci\u00f3n musical con enfoque de g\u00e9nero en el FARO Cosmos el jueves 7 de marzo, a las 18:00 horas.<\/p>\n\n\n\n<p>Tambi\u00e9n el Primer Encuentro de Fotograf\u00eda y Feminismos el s\u00e1bado 9 de marzo, a las 16 horas, en el Museo Archivo de la Fotograf\u00eda; la S\u00faper Clase de Yoga con Karla Omm el domingo 3 de marzo, a las 09 horas, en la Utop\u00eda Meyehualco; la clase magistral de parkour, con Raquel Olson y B\u00e1rbara Guzm\u00e1n, el domingo 10 de marzo, a las 12 horas, en la Utop\u00eda Meyehualco; la proyecci\u00f3n de la pel\u00edcula T\u00f3tem, de Lila Avil\u00e9s, el mi\u00e9rcoles 20 de marzo, a las 17 horas, en el FARO Cosmos<\/p>\n\n\n\n<p>Asimismo, el s\u00e1bado 16 de marzo a las 18:30 horas tendr\u00e1 lugar en el Z\u00f3calo de la Ciudad de M\u00e9xico un concierto masivo encabezado por Julieta Venegas, en el que estar\u00e1 acompa\u00f1ada por Vanessa Zamora, Girl Ultra y Laura Itandehui.<\/p>\n\n\n\n<p>\u201cTiempo de Mujeres. Festival por la Igualdad 2024\u201d se realiza a\u00f1o con a\u00f1o en el marco del 8M, D\u00eda Internacional de la Mujer, con el prop\u00f3sito de visibilizar y reconocer la lucha social de las mujeres, a trav\u00e9s de espacios dedicados a la promoci\u00f3n de su labor art\u00edstica, cultural, pol\u00edtica, cient\u00edfica y educativa.<\/p>\n\n\n\n<p>El Gobierno de la Ciudad de M\u00e9xico recuerda a la ciudadan\u00eda y a diversas colectivas que el Z\u00f3calo capitalino permanecer\u00e1 despejado durante el 8 de marzo para el libre desarrollo de la Marcha por el D\u00eda Internacional de la Mujer.<\/p>\n\n\n\n<p>Para conocer todas las actividades de la Secretar\u00eda de Cultura capitalina, se puede consultar la Cartelera de la Ciudad de M\u00e9xico (<a href=\"https:\/\/cartelera.cdmx.gob.mx\/\">https:\/\/cartelera.cdmx.gob.mx\/<\/a>) y las redes sociales de la Secretar\u00eda de Cultura: Facebook, Twitter, Instagram y YouTube.<\/p>\n\n\n\n<p><a href=\"https:\/\/www.facebook.com\/hashtag\/clasemasivadedanza?__eep__=6&amp;__cft__[0]=AZVmAgOfvTad4vNdW8baUTnxKJDkcUhbzilXzdsgWZC8HdL95KNLJEO4aqwAxOsuTZ4J9tRWjM4xhlgcnbM5HiXEMbo7VcDCSSmf1QsDIeKWoBBLUV2A-svbZSXjgOAET6Q&amp;__tn__=*NK-R\">#clasemasivadedanza<\/a><a href=\"https:\/\/www.facebook.com\/hashtag\/elisacarrillo?__eep__=6&amp;__cft__[0]=AZVmAgOfvTad4vNdW8baUTnxKJDkcUhbzilXzdsgWZC8HdL95KNLJEO4aqwAxOsuTZ4J9tRWjM4xhlgcnbM5HiXEMbo7VcDCSSmf1QsDIeKWoBBLUV2A-svbZSXjgOAET6Q&amp;__tn__=*NK-R\">#ElisaCarrillo<\/a><a href=\"https:\/\/www.facebook.com\/hashtag\/zocalocdmx?__eep__=6&amp;__cft__[0]=AZVmAgOfvTad4vNdW8baUTnxKJDkcUhbzilXzdsgWZC8HdL95KNLJEO4aqwAxOsuTZ4J9tRWjM4xhlgcnbM5HiXEMbo7VcDCSSmf1QsDIeKWoBBLUV2A-svbZSXjgOAET6Q&amp;__tn__=*NK-R\">#zocalocdmx<\/a><a href=\"https:\/\/www.facebook.com\/hashtag\/secretariadeculturacdmx?__eep__=6&amp;__cft__[0]=AZVmAgOfvTad4vNdW8baUTnxKJDkcUhbzilXzdsgWZC8HdL95KNLJEO4aqwAxOsuTZ4J9tRWjM4xhlgcnbM5HiXEMbo7VcDCSSmf1QsDIeKWoBBLUV2A-svbZSXjgOAET6Q&amp;__tn__=*NK-R\">#secretariadeculturacdmx<\/a><a href=\"https:\/\/www.facebook.com\/hashtag\/bitacoracdmx?__eep__=6&amp;__cft__[0]=AZVmAgOfvTad4vNdW8baUTnxKJDkcUhbzilXzdsgWZC8HdL95KNLJEO4aqwAxOsuTZ4J9tRWjM4xhlgcnbM5HiXEMbo7VcDCSSmf1QsDIeKWoBBLUV2A-svbZSXjgOAET6Q&amp;__tn__=*NK-R\">#bitacoracdmx<\/a><\/p>\n","protected":false},"excerpt":{"rendered":"<p>REDACCI\u00d3N \u25cf La clase tendr\u00e1 lugar el domingo 17 de marzo a las 9 horas y el registro est\u00e1 abierto para mujeres y hombres de todas las edades, a partir de los 7 a\u00f1os de edad del 1 al 8 de marzo, o hasta llenar el cupo de 5 mil personas \u25cf Elisa Carrillo es embajadora de la Cultura de M\u00e9xico, miembro del Consejo Internacional de Danza de la UNESCO y ha sido galardonada con los reconocimientos m\u00e1s cotizados a nivel mundial como el Premio Benois de la Danse, el Alma de la Danza de Rusia y el Festival Dance [&hellip;]<\/p>\n","protected":false},"author":1,"featured_media":55527,"comment_status":"closed","ping_status":"closed","sticky":false,"template":"","format":"standard","meta":{"footnotes":""},"categories":[5,4,9],"tags":[],"_links":{"self":[{"href":"https:\/\/www.bitacoracdmx.com\/index.php?rest_route=\/wp\/v2\/posts\/55526"}],"collection":[{"href":"https:\/\/www.bitacoracdmx.com\/index.php?rest_route=\/wp\/v2\/posts"}],"about":[{"href":"https:\/\/www.bitacoracdmx.com\/index.php?rest_route=\/wp\/v2\/types\/post"}],"author":[{"embeddable":true,"href":"https:\/\/www.bitacoracdmx.com\/index.php?rest_route=\/wp\/v2\/users\/1"}],"replies":[{"embeddable":true,"href":"https:\/\/www.bitacoracdmx.com\/index.php?rest_route=%2Fwp%2Fv2%2Fcomments&post=55526"}],"version-history":[{"count":3,"href":"https:\/\/www.bitacoracdmx.com\/index.php?rest_route=\/wp\/v2\/posts\/55526\/revisions"}],"predecessor-version":[{"id":55530,"href":"https:\/\/www.bitacoracdmx.com\/index.php?rest_route=\/wp\/v2\/posts\/55526\/revisions\/55530"}],"wp:featuredmedia":[{"embeddable":true,"href":"https:\/\/www.bitacoracdmx.com\/index.php?rest_route=\/wp\/v2\/media\/55527"}],"wp:attachment":[{"href":"https:\/\/www.bitacoracdmx.com\/index.php?rest_route=%2Fwp%2Fv2%2Fmedia&parent=55526"}],"wp:term":[{"taxonomy":"category","embeddable":true,"href":"https:\/\/www.bitacoracdmx.com\/index.php?rest_route=%2Fwp%2Fv2%2Fcategories&post=55526"},{"taxonomy":"post_tag","embeddable":true,"href":"https:\/\/www.bitacoracdmx.com\/index.php?rest_route=%2Fwp%2Fv2%2Ftags&post=55526"}],"curies":[{"name":"wp","href":"https:\/\/api.w.org\/{rel}","templated":true}]}}