{"id":55531,"date":"2024-03-03T07:03:42","date_gmt":"2024-03-03T07:03:42","guid":{"rendered":"https:\/\/www.bitacoracdmx.com\/?p=55531"},"modified":"2024-03-03T07:03:44","modified_gmt":"2024-03-03T07:03:44","slug":"procinecdmx-ofrecera-clases-magistrales-de-creacion-audiovisual-en-la-faro-cosmos","status":"publish","type":"post","link":"https:\/\/www.bitacoracdmx.com\/?p=55531","title":{"rendered":"PROCINECDMX ofrecer\u00e1 CLASES MAGISTRALES de CREACI\u00d3N AUDIOVISUAL en la FARO COSMOS"},"content":{"rendered":"\n<p>REDACCI\u00d3N<\/p>\n\n\n\n<p>\u25cf El programa invita a las y los j\u00f3venes capitalinos con inter\u00e9s en los medios audiovisuales y cine documental a las charlas gratuitas que impartir\u00e1n destacados cineastas y profesionales del gremio en el recinto capitalino<\/p>\n\n\n\n<p>\u25cf Las actividades forman parte del diplomado en \u201cCreaci\u00f3n Audiovisual Comunitaria\u201d que lanza el Fideicomiso en colaboraci\u00f3n con el Centro Cultural Ollin Yoliztli en el 2023<\/p>\n\n\n\n<p>Con el fin de impulsar la formaci\u00f3n, aprendizaje y creaci\u00f3n audiovisual, as\u00ed como de fortalecer la vocaci\u00f3n cinematogr\u00e1fica en la juventud capitalina y comunidad cin\u00e9fila, la&nbsp;<strong>Secretar\u00eda de Cultura capitalina<\/strong>, a trav\u00e9s del&nbsp;<strong>Fideicomiso para la Promoci\u00f3n y Desarrollo del Cine Mexicano en la Ciudad de M\u00e9xico (PROCINECDMX)<\/strong>, en colaboraci\u00f3n con la&nbsp;<strong>F\u00e1brica de Artes y Oficios (Faro) Cosmos<\/strong>, ofrecer\u00e1n un ciclo de cinco clases magistrales gratuitas que se impartir\u00e1n&nbsp;<strong>del 12 de marzo al 29 de abril<\/strong>.<\/p>\n\n\n\n<p>Las clases se impartir\u00e1n por el director Carlos Mendoza Aupetit (12 de marzo), la cineasta Lucia Gaj\u00e1 (martes 19 de marzo), la productora M\u00f3nica Lozano (jueves 2 de abril), la cinefot\u00f3grafa uruguaya Mar\u00eda Secco (martes 16 de abril) y el editor Pablo Fern\u00e1ndez Murgu\u00eda (lunes 19 de abril), todas en un horario de 16 a 19 horas. Las y los interesados deber\u00e1n realizar su registro previo en&nbsp;<a href=\"https:\/\/docs.google.com\/forms\/d\/e\/1FAIpQLSdRue944KrZdxVJrFXFziS392lGjyD19VXHttksAWR44zm_Gw\/viewform\">https:\/\/docs.google.com\/forms\/d\/e\/1FAIpQLSdRue944KrZdxVJrFXFziS392lGjyD19VXHttksAWR44zm_Gw\/viewform<\/a>.<\/p>\n\n\n\n<p>Estas clases, forman parte de las actividades del diplomado en \u201cCreaci\u00f3n Audiovisual Comunitaria\u201d que lanza el Fideicomiso en colaboraci\u00f3n con el Centro Cultural Ollin Yoliztli en el 2023 con un enfoque comunitario para dotar a j\u00f3venes de herramientas necesarias que contribuyan a su inserci\u00f3n en el mercado laboral de la industria cinematogr\u00e1fica y audiovisual. En esta ocasi\u00f3n, participar\u00e1n j\u00f3venes integrantes de la segunda generaci\u00f3n; actualmente la primera generaci\u00f3n se encuentra en proceso de producci\u00f3n de sus documentales que tendr\u00e1n su estreno el pr\u00f3ximo 25 de marzo en la Cineteca Nacional.<\/p>\n\n\n\n<p>La clase inaugural, bajo el t\u00edtulo \u201cDocumental como herramienta cr\u00edtica y de transformaci\u00f3n\u201d ser\u00e1 conducida por el director e investigador de cine mexicano, Carlos Mendoza Aupetit quien, desde hace m\u00e1s de tres d\u00e9cadas, imparte la materia de guion y realizaci\u00f3n documental en la Escuela Nacional de Artes Cinematogr\u00e1ficas (ENAC antes CUEC). Es tambi\u00e9n fundador y director del Canal 6 de julio y ha realizado m\u00e1s de setenta documentales que le han valido el reconocimiento de premios nacionales e internacionales.<\/p>\n\n\n\n<p>El martes 19 de marzo se presenta la cineasta y documentalista mexicana, Lucia Gaj\u00e1 con la clase \u201cEl camino para contar lo que nos importa\u201d, quien ha sido nominada en ocho ocasiones al premio Ariel de la Academia Mexicana de Artes y Ciencias Cinematogr\u00e1ficas (AMACC) y ganadora del Ariel por su cortometraje documental \u201cSoy\u201d. Su segundo largometraje,&nbsp;<em>Batallas \u00edntimas<\/em>&nbsp;(2016) aborda el tema sobre la violencia dom\u00e9stica en cinco pa\u00edses, lo que la ha colocado como portavoz del tema en \u00e1mbitos acad\u00e9micos, pol\u00edticos y sociales en M\u00e9xico y el extranjero.<\/p>\n\n\n\n<p>Arrancando el mes de abril, la reconocida productora M\u00f3nica Lozano, qui\u00e9n ha producido y coproducido m\u00e1s de cincuenta pel\u00edculas y series, entre estas, la multipremiada pel\u00edcula&nbsp;<em>Amores perros<\/em>, de Alejandro Gonz\u00e1lez I\u00f1arrit\u00fa y \u00e9xitos taquilleros como la comedia&nbsp;<em>No se aceptan devoluciones<\/em>; compartir\u00e1 con el p\u00fablico su visi\u00f3n en la producci\u00f3n documental y las acciones que promueve en mejora de la producci\u00f3n, distribuci\u00f3n y exhibici\u00f3n cinematogr\u00e1fica en M\u00e9xico, el jueves 2 de abril.<\/p>\n\n\n\n<p>El tema de fotograf\u00eda documental se abordar\u00e1 el martes 16 de abril con la cinefot\u00f3grafa uruguaya Mar\u00eda Secco, ganadora del premio Ariel a Mejor Fotograf\u00eda por la cinta&nbsp;<em>La jaula de oro<\/em>, y quien recientemente fue invitada para formar parte de la Academia de Artes y Ciencias Cinematogr\u00e1ficas de Estados Unidos por su contribuci\u00f3n al cine. Guiar\u00e1 a la audiencia en un recorrido de su filmograf\u00eda entre las que destacan La monta\u00f1a, de Diego E. Osorno y&nbsp;<em>Temporada de huracanes<\/em>, basada en la novela escrita por Fernanda Melchor y bajo la direcci\u00f3n de Elisa Miller.<\/p>\n\n\n\n<p>El cierre del programa, estar\u00e1 a cargo del dise\u00f1ador, editor y mixer de sonido Pablo Fern\u00e1ndez Murgu\u00eda, docente en la ENAC, la Escuela Superior de Cine y la escuela de cine itinerante Ambulante M\u00e1s All\u00e1 y acreedor del premio Ariel en el 2006 a Mejor Sonido por la pel\u00edcula Mezcal, la cual obtuvo en el mismo a\u00f1o la estatuilla por Mejor Pel\u00edcula.<\/p>\n\n\n\n<p>La F\u00e1brica de Artes y Oficios (Faro) Cosmos, es un espacio cultural que fomenta disciplinas art\u00edsticas y culturales con un enfoque comunitario. Desde el 2023, PROCINECDMX trabaja conjuntamente con este recinto emblem\u00e1tico del Cine de Oro Mexicano para llevar a cabo actividades de formaci\u00f3n y exhibici\u00f3n en fomento a la cultura y educaci\u00f3n en esta materia.<\/p>\n\n\n\n<p>Para conocer todas las actividades de la\u00a0<strong>Secretar\u00eda de Cultura capitalina<\/strong>, se puede consultar la Cartelera de la Ciudad de M\u00e9xico (<a href=\"https:\/\/cartelera.cdmx.gob.mx\/\">https:\/\/cartelera.cdmx.gob.mx\/<\/a>) y las redes sociales de la Secretar\u00eda de Cultura: Facebook, Twitter, Instagram y YouTube.<\/p>\n\n\n\n<p><a href=\"https:\/\/www.facebook.com\/hashtag\/procinecdmx?__eep__=6&amp;__cft__[0]=AZUSKKHtZVPrVrwWUVeYv6ttr21l5fTkoLiA3TW9cu3fVfH_ks25Ni173KV27o34YvCUcgaLikjsuC5YkNc7JRdIcRfkUDdtDvH7EggQJ6K6zz6ZepyBv5FTmh8it4iDaKY&amp;__tn__=*NK-R\">#PROCINECDMX<\/a><a href=\"https:\/\/www.facebook.com\/hashtag\/farocosmos?__eep__=6&amp;__cft__[0]=AZUSKKHtZVPrVrwWUVeYv6ttr21l5fTkoLiA3TW9cu3fVfH_ks25Ni173KV27o34YvCUcgaLikjsuC5YkNc7JRdIcRfkUDdtDvH7EggQJ6K6zz6ZepyBv5FTmh8it4iDaKY&amp;__tn__=*NK-R\">#FAROCosmos<\/a><a href=\"https:\/\/www.facebook.com\/hashtag\/secretariadeculturacdmx?__eep__=6&amp;__cft__[0]=AZUSKKHtZVPrVrwWUVeYv6ttr21l5fTkoLiA3TW9cu3fVfH_ks25Ni173KV27o34YvCUcgaLikjsuC5YkNc7JRdIcRfkUDdtDvH7EggQJ6K6zz6ZepyBv5FTmh8it4iDaKY&amp;__tn__=*NK-R\">#secretariadeculturacdmx<\/a><a href=\"https:\/\/www.facebook.com\/hashtag\/bitacoracdmx?__eep__=6&amp;__cft__[0]=AZUSKKHtZVPrVrwWUVeYv6ttr21l5fTkoLiA3TW9cu3fVfH_ks25Ni173KV27o34YvCUcgaLikjsuC5YkNc7JRdIcRfkUDdtDvH7EggQJ6K6zz6ZepyBv5FTmh8it4iDaKY&amp;__tn__=*NK-R\">#bitacoracdmx<\/a><\/p>\n","protected":false},"excerpt":{"rendered":"<p>REDACCI\u00d3N \u25cf El programa invita a las y los j\u00f3venes capitalinos con inter\u00e9s en los medios audiovisuales y cine documental a las charlas gratuitas que impartir\u00e1n destacados cineastas y profesionales del gremio en el recinto capitalino \u25cf Las actividades forman parte del diplomado en \u201cCreaci\u00f3n Audiovisual Comunitaria\u201d que lanza el Fideicomiso en colaboraci\u00f3n con el Centro Cultural Ollin Yoliztli en el 2023 Con el fin de impulsar la formaci\u00f3n, aprendizaje y creaci\u00f3n audiovisual, as\u00ed como de fortalecer la vocaci\u00f3n cinematogr\u00e1fica en la juventud capitalina y comunidad cin\u00e9fila, la&nbsp;Secretar\u00eda de Cultura capitalina, a trav\u00e9s del&nbsp;Fideicomiso para la Promoci\u00f3n y Desarrollo del [&hellip;]<\/p>\n","protected":false},"author":1,"featured_media":55532,"comment_status":"closed","ping_status":"closed","sticky":false,"template":"","format":"standard","meta":{"footnotes":""},"categories":[3,9],"tags":[],"_links":{"self":[{"href":"https:\/\/www.bitacoracdmx.com\/index.php?rest_route=\/wp\/v2\/posts\/55531"}],"collection":[{"href":"https:\/\/www.bitacoracdmx.com\/index.php?rest_route=\/wp\/v2\/posts"}],"about":[{"href":"https:\/\/www.bitacoracdmx.com\/index.php?rest_route=\/wp\/v2\/types\/post"}],"author":[{"embeddable":true,"href":"https:\/\/www.bitacoracdmx.com\/index.php?rest_route=\/wp\/v2\/users\/1"}],"replies":[{"embeddable":true,"href":"https:\/\/www.bitacoracdmx.com\/index.php?rest_route=%2Fwp%2Fv2%2Fcomments&post=55531"}],"version-history":[{"count":1,"href":"https:\/\/www.bitacoracdmx.com\/index.php?rest_route=\/wp\/v2\/posts\/55531\/revisions"}],"predecessor-version":[{"id":55533,"href":"https:\/\/www.bitacoracdmx.com\/index.php?rest_route=\/wp\/v2\/posts\/55531\/revisions\/55533"}],"wp:featuredmedia":[{"embeddable":true,"href":"https:\/\/www.bitacoracdmx.com\/index.php?rest_route=\/wp\/v2\/media\/55532"}],"wp:attachment":[{"href":"https:\/\/www.bitacoracdmx.com\/index.php?rest_route=%2Fwp%2Fv2%2Fmedia&parent=55531"}],"wp:term":[{"taxonomy":"category","embeddable":true,"href":"https:\/\/www.bitacoracdmx.com\/index.php?rest_route=%2Fwp%2Fv2%2Fcategories&post=55531"},{"taxonomy":"post_tag","embeddable":true,"href":"https:\/\/www.bitacoracdmx.com\/index.php?rest_route=%2Fwp%2Fv2%2Ftags&post=55531"}],"curies":[{"name":"wp","href":"https:\/\/api.w.org\/{rel}","templated":true}]}}