{"id":55534,"date":"2024-03-03T07:18:51","date_gmt":"2024-03-03T07:18:51","guid":{"rendered":"https:\/\/www.bitacoracdmx.com\/?p=55534"},"modified":"2024-03-03T07:18:53","modified_gmt":"2024-03-03T07:18:53","slug":"inaugura-correspondences-de-soundwalk-collective-con-patti-smith-el-festival-tiempo-de-mujeres-en-el-teatro-de-la-ciudad","status":"publish","type":"post","link":"https:\/\/www.bitacoracdmx.com\/?p=55534","title":{"rendered":"Inaugura \u201cCORRESPONDENCES\u201d de SOUNDWALK COLLECTIVE con PATTI SMITH el Festival \u201cTIEMPO DE MUJERES\u201d en el TEATRO DE LA CIUDAD"},"content":{"rendered":"\n<p>REDACCI\u00d3N<\/p>\n\n\n\n<p>\u25cf La compositora y el colectivo integrado por Stephan Crasneanscki y Simone Merli regalaron al p\u00fablico una experiencia inmersiva en la que dialogan la m\u00fasica creada a partir de sonidos capturados en diversos lugares del mundo, la poes\u00eda sonora de Smith y la imagen en movimiento plasmada en pantallas de gran formato<\/p>\n\n\n\n<p>\u25cf \u201cCorrespondences\u201d fue el acto encargado de abrir la sexta edici\u00f3n del festival \u201cTiempo de Mujeres. Festival por la Igualdad 2024\u201d, que se llevar\u00e1 a cabo hasta el 17 de marzo en 28 sedes de la Ciudad de M\u00e9xico y en el que se program\u00f3 una extensa cartelera cultural para conmemorar el Mes de la Mujer<\/p>\n\n\n\n<p>Este viernes dio inicio la sexta edici\u00f3n de&nbsp;<strong>\u201cTiempo de Mujeres. Festival por la Igualdad 2024\u201d<\/strong>, iniciativa de la&nbsp;<strong>Secretar\u00eda de Cultura de la Ciudad de M\u00e9xico<\/strong>, con la presentaci\u00f3n en el&nbsp;<strong>Teatro de la Ciudad Esperanza Iris de \u201cCorrespondences\u201d<\/strong>, un performance de la poeta y compositora estadounidense&nbsp;<strong>Patti Smith y el proyecto Soundwalk Collective<\/strong>, integrado por Stephan Crasneanscki y Simone Merli.<\/p>\n\n\n\n<p>El escenario del Teatro de la Ciudad se convirti\u00f3 en un escaparate con una gran pantalla en la que el p\u00fablico pudo apreciar im\u00e1genes en movimiento acompa\u00f1adas por m\u00fasica creada a partir de sonidos capturados en diferentes partes del mundo por Crasneanscki, escena que es completada por Patti Smith con su spoken word.<\/p>\n\n\n\n<p>As\u00ed, mientras en la pantalla se proyectaban v\u00eddeos de la naturaleza, cortometrajes y fragmentos de pel\u00edculas, los m\u00fasicos invitados en el escenario crearon ambientes con diversos instrumentos y objetos como un bloque de hielo que lograban potenciar los desgarradores pasajes que Smith recit\u00f3 con la gran energ\u00eda que la caracteriza.<\/p>\n\n\n\n<p>\u201cCorrespondences\u201d, que ha recorrido el mundo en formato de exposici\u00f3n inmersiva, es el resultado de 10 a\u00f1os de trabajo en los que Crasneanscki se dedic\u00f3 a grabar los sonidos, componer la m\u00fasica e intercambiar ideas con Smith.<\/p>\n\n\n\n<p>Durante m\u00e1s de una hora y ante un Teatro de la Ciudad con lleno total, Smith y Soundwalk Collective cautivaron y llevaron al p\u00fablico por un viaje sin igual e inmersivo en el que dialogan la m\u00fasica, la poes\u00eda sonora y la imagen.<\/p>\n\n\n\n<p>\u201cGracias por estar aqu\u00ed, estoy muy agradecida por pertenecer a Soundwalk Collective y de poder estar aqu\u00ed con ustedes esta noche. Fue un d\u00eda muy emocionante en la Ciudad de M\u00e9xico y quiero agradecer quienes hicieron posible traernos aqu\u00ed y a todas las personas que ayudaron para estar aqu\u00ed esta noche. Quiero cantarles una canci\u00f3n que es una peque\u00f1a oraci\u00f3n para ustedes\u201d, expres\u00f3 Smith para regalar al p\u00fablico un fragmento de su canci\u00f3n \u201cWing\u201d.<\/p>\n\n\n\n<p>Adem\u00e1s, comparti\u00f3 con el p\u00fablico que este 1 de marzo es una fecha especial porque un d\u00eda como este en 1980 se cas\u00f3 con Fred \u201cSonic\u201d Smith, y celebr\u00f3 este aniversario interpretando junto al guitarrista Lenny K. su gran \u00e9xito \u201cBecause the night\u201d y \u201cPeople have the power\u201d, en la que invit\u00f3 a subir al escenario a personas del p\u00fablico y personal del Teatro de la Ciudad.<\/p>\n\n\n\n<p>Con esta memorable noche arranc\u00f3 la sexta edici\u00f3n de \u201cTiempo de Mujeres. Festival por la Igualdad 2024\u201d que contar\u00e1 con 150 actividades culturales que tendr\u00e1n lugar en 28 sedes del 1 al 17 de marzo, una iniciativa que se realiza en el marco del 8M, D\u00eda Internacional de la Mujer, con el prop\u00f3sito de visibilizar y reconocer la lucha social de las mujeres, a trav\u00e9s de espacios dedicados a la promoci\u00f3n de su labor art\u00edstica, cultural, pol\u00edtica, cient\u00edfica y educativa.<\/p>\n\n\n\n<p>Como parte de esta celebraci\u00f3n cultural destacan el concierto de Julieta Venegas en el Z\u00f3calo de la Ciudad de M\u00e9xico que se realizar\u00e1 el s\u00e1bado 16 de marzo y la Clase Masiva de Ballet impartida por la bailarina mexicana Elisa Carrillo que tendr\u00e1 lugar en la misma plaza el domingo 17 de marzo a las 9:00 horas, misma con la que se clausura el festival.<\/p>\n\n\n\n<p>Para conocer a detalles toda la cartelera programada para el festival \u201cTiempo de Mujeres. Festival por la Igualdad 2024\u201d, as\u00ed como todas las actividades de la Secretar\u00eda de Cultura capitalina, se puede consultar la Cartelera de la Ciudad de M\u00e9xico (<a href=\"https:\/\/cartelera.cdmx.gob.mx\/\">https:\/\/cartelera.cdmx.gob.mx\/<\/a>) y las redes sociales de la Secretar\u00eda de Cultura: Facebook, Twitter, Instagram y YouTube.<\/p>\n\n\n\n<p><a href=\"https:\/\/www.facebook.com\/hashtag\/correspondences?__eep__=6&amp;__cft__[0]=AZXvQD_Gqof7FxRKJirleGauEpx9xWjxAVW1D0F9B0orIyOXWbS-9zdyZy23O6g833LTG49MRMP6PC03aCmnEbmoUxTkZ6iRQjiviPupqsKj6Z6EGYOb9Gel9OGglRAzvYE&amp;__tn__=*NK-R\">#correspondences<\/a><a href=\"https:\/\/www.facebook.com\/hashtag\/soundwalkcollective?__eep__=6&amp;__cft__[0]=AZXvQD_Gqof7FxRKJirleGauEpx9xWjxAVW1D0F9B0orIyOXWbS-9zdyZy23O6g833LTG49MRMP6PC03aCmnEbmoUxTkZ6iRQjiviPupqsKj6Z6EGYOb9Gel9OGglRAzvYE&amp;__tn__=*NK-R\">#soundwalkcollective<\/a><a href=\"https:\/\/www.facebook.com\/hashtag\/pattismith?__eep__=6&amp;__cft__[0]=AZXvQD_Gqof7FxRKJirleGauEpx9xWjxAVW1D0F9B0orIyOXWbS-9zdyZy23O6g833LTG49MRMP6PC03aCmnEbmoUxTkZ6iRQjiviPupqsKj6Z6EGYOb9Gel9OGglRAzvYE&amp;__tn__=*NK-R\">#pattismith<\/a><a href=\"https:\/\/www.facebook.com\/hashtag\/tiempodemujeres?__eep__=6&amp;__cft__[0]=AZXvQD_Gqof7FxRKJirleGauEpx9xWjxAVW1D0F9B0orIyOXWbS-9zdyZy23O6g833LTG49MRMP6PC03aCmnEbmoUxTkZ6iRQjiviPupqsKj6Z6EGYOb9Gel9OGglRAzvYE&amp;__tn__=*NK-R\">#TiempoDeMujeres<\/a><a href=\"https:\/\/www.facebook.com\/hashtag\/teatrodelaciudadesperanzairis?__eep__=6&amp;__cft__[0]=AZXvQD_Gqof7FxRKJirleGauEpx9xWjxAVW1D0F9B0orIyOXWbS-9zdyZy23O6g833LTG49MRMP6PC03aCmnEbmoUxTkZ6iRQjiviPupqsKj6Z6EGYOb9Gel9OGglRAzvYE&amp;__tn__=*NK-R\"> <\/a><a href=\"https:\/\/www.facebook.com\/hashtag\/teatrodelaciudadesperanzairis?__eep__=6&amp;__cft__[0]=AZXvQD_Gqof7FxRKJirleGauEpx9xWjxAVW1D0F9B0orIyOXWbS-9zdyZy23O6g833LTG49MRMP6PC03aCmnEbmoUxTkZ6iRQjiviPupqsKj6Z6EGYOb9Gel9OGglRAzvYE&amp;__tn__=*NK-R\">#TeatroDeLaCiudadEsperanzaIris<\/a><a href=\"https:\/\/www.facebook.com\/hashtag\/secretariadeculturacdmx?__eep__=6&amp;__cft__[0]=AZXvQD_Gqof7FxRKJirleGauEpx9xWjxAVW1D0F9B0orIyOXWbS-9zdyZy23O6g833LTG49MRMP6PC03aCmnEbmoUxTkZ6iRQjiviPupqsKj6Z6EGYOb9Gel9OGglRAzvYE&amp;__tn__=*NK-R\">#secretariadeculturacdmx<\/a><a href=\"https:\/\/www.facebook.com\/hashtag\/bitacoracdmx?__eep__=6&amp;__cft__[0]=AZXvQD_Gqof7FxRKJirleGauEpx9xWjxAVW1D0F9B0orIyOXWbS-9zdyZy23O6g833LTG49MRMP6PC03aCmnEbmoUxTkZ6iRQjiviPupqsKj6Z6EGYOb9Gel9OGglRAzvYE&amp;__tn__=*NK-R\">#bitacoracdmx<\/a><\/p>\n","protected":false},"excerpt":{"rendered":"<p>REDACCI\u00d3N \u25cf La compositora y el colectivo integrado por Stephan Crasneanscki y Simone Merli regalaron al p\u00fablico una experiencia inmersiva en la que dialogan la m\u00fasica creada a partir de sonidos capturados en diversos lugares del mundo, la poes\u00eda sonora de Smith y la imagen en movimiento plasmada en pantallas de gran formato \u25cf \u201cCorrespondences\u201d fue el acto encargado de abrir la sexta edici\u00f3n del festival \u201cTiempo de Mujeres. Festival por la Igualdad 2024\u201d, que se llevar\u00e1 a cabo hasta el 17 de marzo en 28 sedes de la Ciudad de M\u00e9xico y en el que se program\u00f3 una extensa [&hellip;]<\/p>\n","protected":false},"author":1,"featured_media":55535,"comment_status":"closed","ping_status":"closed","sticky":false,"template":"","format":"standard","meta":{"footnotes":""},"categories":[9,11],"tags":[],"_links":{"self":[{"href":"https:\/\/www.bitacoracdmx.com\/index.php?rest_route=\/wp\/v2\/posts\/55534"}],"collection":[{"href":"https:\/\/www.bitacoracdmx.com\/index.php?rest_route=\/wp\/v2\/posts"}],"about":[{"href":"https:\/\/www.bitacoracdmx.com\/index.php?rest_route=\/wp\/v2\/types\/post"}],"author":[{"embeddable":true,"href":"https:\/\/www.bitacoracdmx.com\/index.php?rest_route=\/wp\/v2\/users\/1"}],"replies":[{"embeddable":true,"href":"https:\/\/www.bitacoracdmx.com\/index.php?rest_route=%2Fwp%2Fv2%2Fcomments&post=55534"}],"version-history":[{"count":1,"href":"https:\/\/www.bitacoracdmx.com\/index.php?rest_route=\/wp\/v2\/posts\/55534\/revisions"}],"predecessor-version":[{"id":55536,"href":"https:\/\/www.bitacoracdmx.com\/index.php?rest_route=\/wp\/v2\/posts\/55534\/revisions\/55536"}],"wp:featuredmedia":[{"embeddable":true,"href":"https:\/\/www.bitacoracdmx.com\/index.php?rest_route=\/wp\/v2\/media\/55535"}],"wp:attachment":[{"href":"https:\/\/www.bitacoracdmx.com\/index.php?rest_route=%2Fwp%2Fv2%2Fmedia&parent=55534"}],"wp:term":[{"taxonomy":"category","embeddable":true,"href":"https:\/\/www.bitacoracdmx.com\/index.php?rest_route=%2Fwp%2Fv2%2Fcategories&post=55534"},{"taxonomy":"post_tag","embeddable":true,"href":"https:\/\/www.bitacoracdmx.com\/index.php?rest_route=%2Fwp%2Fv2%2Ftags&post=55534"}],"curies":[{"name":"wp","href":"https:\/\/api.w.org\/{rel}","templated":true}]}}