{"id":55543,"date":"2024-03-03T08:07:07","date_gmt":"2024-03-03T08:07:07","guid":{"rendered":"https:\/\/www.bitacoracdmx.com\/?p=55543"},"modified":"2024-03-03T08:07:09","modified_gmt":"2024-03-03T08:07:09","slug":"la-pelicula-mexicana-no-nos-moveran-sobre-la-venganza-y-el-perdon-a-50-anos-de-la-masacre-del-68-estrena-en-toulouse-francia","status":"publish","type":"post","link":"https:\/\/www.bitacoracdmx.com\/?p=55543","title":{"rendered":"La pel\u00edcula mexicana \u201cNO NOS MOVER\u00c1N\u201d, sobre la venganza y el perd\u00f3n a 50 a\u00f1os de la MASACRE DEL 68, estrena en TOULOUSE, FRANCIA"},"content":{"rendered":"\n<p>REDACCI\u00d3N<\/p>\n\n\n\n<ul>\n<li>La \u00f3pera prima del director Pierre Saint Martin Castellanos celebrar\u00e1 su premiere mundial en el marco de la edici\u00f3n 36 del festival cinematogr\u00e1fico Cin\u00e9latino, Rencontres de Toulouse.<\/li>\n<\/ul>\n\n\n\n<h3 class=\"wp-block-heading\">El 2 de octubre de 1968 tuvo lugar uno de los episodios m\u00e1s oscuros en la historia de M\u00e9xico: la Masacre de Tlatelolco, sucedida en la Plaza de las Tres Culturas del entonces Distrito Federal. Aunque han pasado ya m\u00e1s de 50 a\u00f1os de aquel fat\u00eddico d\u00eda, sigue presente una necesidad de hablar sobre lo que pas\u00f3 y en ese contexto, el cineasta mexicano Pierre Saint Martin Castellanos cuenta una historia diferente y necesaria al respecto en su \u00f3pera prima,\u00a0<strong><em>No nos mover\u00e1n<\/em><\/strong>, una ingeniosa comedia negra sobre la b\u00fasqueda de venganza y la necesidad de perdonar para seguir adelante.<\/h3>\n\n\n\n<p>Socorro es una testaruda abogada que est\u00e1 obsesionada con encontrar al soldado que mat\u00f3 a su hermano durante la masacre estudiantil de 1968 en Tlatelolco, Ciudad de M\u00e9xico. Esta necesidad de justicia enmascara una antigua culpa que la ha enemistado con su hermana Esperanza y su hijo Jorge. Despu\u00e9s de d\u00e9cadas de espera, la protagonista recibe la pista faltante para encontrar al soldado, lo que la lleva a conjurar un absurdo plan de venganza poniendo en riesgo su patrimonio, a su familia e incluso su propia vida.<\/p>\n\n\n\n<p>\u201cEl origen de esta historia se remonta a los recuerdos y las vivencias de mi madre sobre la misteriosa muerte de mi t\u00edo Jorge durante el oto\u00f1o de 1968.&nbsp;<strong>No nos mover\u00e1n<\/strong>&nbsp;es una historia de venganza y perd\u00f3n en un pa\u00eds hist\u00f3ricamente sediento de justicia. Tambi\u00e9n es un homenaje a mi madre y otras familias que han perdido a alguien a causa de la violencia y que han perdido el camino hacia la paz. Se desprende de mi historia familiar y el rencor por vengar la muerte de un ser querido. Pero si bien, la justicia y el dolor son los detonadores del drama, fue el humor, intr\u00ednseco del personaje principal, lo que dio forma a esta historia f\u00e1rsica que anhela tanto la paz como el perd\u00f3n\u201d, coment\u00f3 el realizador acerca de sus motivaciones para compartirnos una historia que resulta tan personal para \u00e9l.<\/p>\n\n\n\n<p>La pel\u00edcula tiene como protagonista a Luisa Huertas (Socorro), en el reparto le acompa\u00f1an Rebeca Manr\u00edquez (Esperanza), Jos\u00e9 Alberto Pati\u00f1o (Siddartha), Pedro Hern\u00e1ndez (Jorge), Agustina Quinci (Luc\u00eda) y Juan Carlos Colombo (Candiani); bajo la producci\u00f3n de Varios Lobos, a cargo de V\u00edctor L\u00e9ycegui y Male Gil. Tambi\u00e9n participaron Iker Compean Leroux en la escritura del gui\u00f3n junto al director, C\u00e9sar Guti\u00e9rrez Miranda en la fotograf\u00eda que en este caso es en blanco y negro y Alejandro Otaola como compositor del score original. De igual forma, vale la pena destacar que el rodaje se realiz\u00f3 en Tlatelolco.<\/p>\n\n\n\n<p>Tras haber sido parte de Cin\u00e9ma en construction 41 \/ Toulouse 2022, No nos mover\u00e1n se estrenar\u00e1 mundialmente durante la edici\u00f3n de este a\u00f1o del \u201cCin\u00e9latino, Rencontres de Toulouse\u201d, encuentro cinematogr\u00e1fico enfocado a las producciones f\u00edlmicas latinoamericanas, que en esta ocasi\u00f3n se llevar\u00e1 a cabo del 15 al 24 de marzo pr\u00f3ximos. La cinta mexicana ser\u00e1 parte de la Selecci\u00f3n Oficial en la Competencia de Largometraje de Ficci\u00f3n con dos proyecciones el lunes 18 y una funci\u00f3n el viernes 22 de marzo.<\/p>\n\n\n\n<p>Sobre Pierre Saint Martin Castellanos<\/p>\n\n\n\n<p>Se gradu\u00f3 de la carrera de Comunicaci\u00f3n Social y de la carrera de Cinematograf\u00eda en el CUEC\u2010UNAM. Su trabajo ha sido premiado en festivales internacionales. Fue seleccionado para participar en el Taller del Festival de Cine de San Sebasti\u00e1n, en el Talent Campus de la Berlinale y en el Morelia\u2010Sundance screenwriters lab. Ha dirigido cortometrajes como La ahorcadita, Mejor Cortometraje Documental en DOCS DF Festival; Estas horas son m\u00e1s bellas que mis d\u00edas, Mejor Cortometraje en el Festival Universitario de Cine Mantarraya; y Tristeza, Mejor Cortometraje del Festival de Cine Universitario Pantalla Abierta y Premio del Jurado en el Festival de Monterrey.<\/p>\n\n\n\n<p><a href=\"https:\/\/www.facebook.com\/hashtag\/nonosmoveran?__eep__=6&amp;__cft__[0]=AZWrzO2iWTZahhHZyNaRKyvrCPEglst5dUVFVmMYKUx-ZD4_pQ61hneEQPGPWohx7vGkPb4oSfOIksiHH8u-kBfjoYRxTzucp453NzDmGtT7vF7B3CvsviX6C6Jx2QvH23A&amp;__tn__=*NK-R\">#nonosmoveran<\/a><a href=\"https:\/\/www.facebook.com\/hashtag\/bitacoracdmx?__eep__=6&amp;__cft__[0]=AZWrzO2iWTZahhHZyNaRKyvrCPEglst5dUVFVmMYKUx-ZD4_pQ61hneEQPGPWohx7vGkPb4oSfOIksiHH8u-kBfjoYRxTzucp453NzDmGtT7vF7B3CvsviX6C6Jx2QvH23A&amp;__tn__=*NK-R\">#bitacoracdmx<\/a><\/p>\n","protected":false},"excerpt":{"rendered":"<p>REDACCI\u00d3N El 2 de octubre de 1968 tuvo lugar uno de los episodios m\u00e1s oscuros en la historia de M\u00e9xico: la Masacre de Tlatelolco, sucedida en la Plaza de las Tres Culturas del entonces Distrito Federal. Aunque han pasado ya m\u00e1s de 50 a\u00f1os de aquel fat\u00eddico d\u00eda, sigue presente una necesidad de hablar sobre lo que pas\u00f3 y en ese contexto, el cineasta mexicano Pierre Saint Martin Castellanos cuenta una historia diferente y necesaria al respecto en su \u00f3pera prima,\u00a0No nos mover\u00e1n, una ingeniosa comedia negra sobre la b\u00fasqueda de venganza y la necesidad de perdonar para seguir adelante. [&hellip;]<\/p>\n","protected":false},"author":1,"featured_media":55544,"comment_status":"closed","ping_status":"closed","sticky":false,"template":"","format":"standard","meta":{"footnotes":""},"categories":[3,9],"tags":[],"_links":{"self":[{"href":"https:\/\/www.bitacoracdmx.com\/index.php?rest_route=\/wp\/v2\/posts\/55543"}],"collection":[{"href":"https:\/\/www.bitacoracdmx.com\/index.php?rest_route=\/wp\/v2\/posts"}],"about":[{"href":"https:\/\/www.bitacoracdmx.com\/index.php?rest_route=\/wp\/v2\/types\/post"}],"author":[{"embeddable":true,"href":"https:\/\/www.bitacoracdmx.com\/index.php?rest_route=\/wp\/v2\/users\/1"}],"replies":[{"embeddable":true,"href":"https:\/\/www.bitacoracdmx.com\/index.php?rest_route=%2Fwp%2Fv2%2Fcomments&post=55543"}],"version-history":[{"count":1,"href":"https:\/\/www.bitacoracdmx.com\/index.php?rest_route=\/wp\/v2\/posts\/55543\/revisions"}],"predecessor-version":[{"id":55545,"href":"https:\/\/www.bitacoracdmx.com\/index.php?rest_route=\/wp\/v2\/posts\/55543\/revisions\/55545"}],"wp:featuredmedia":[{"embeddable":true,"href":"https:\/\/www.bitacoracdmx.com\/index.php?rest_route=\/wp\/v2\/media\/55544"}],"wp:attachment":[{"href":"https:\/\/www.bitacoracdmx.com\/index.php?rest_route=%2Fwp%2Fv2%2Fmedia&parent=55543"}],"wp:term":[{"taxonomy":"category","embeddable":true,"href":"https:\/\/www.bitacoracdmx.com\/index.php?rest_route=%2Fwp%2Fv2%2Fcategories&post=55543"},{"taxonomy":"post_tag","embeddable":true,"href":"https:\/\/www.bitacoracdmx.com\/index.php?rest_route=%2Fwp%2Fv2%2Ftags&post=55543"}],"curies":[{"name":"wp","href":"https:\/\/api.w.org\/{rel}","templated":true}]}}