{"id":55588,"date":"2024-03-08T04:38:03","date_gmt":"2024-03-08T04:38:03","guid":{"rendered":"https:\/\/www.bitacoracdmx.com\/?p=55588"},"modified":"2024-03-08T04:38:06","modified_gmt":"2024-03-08T04:38:06","slug":"asi-se-inauguro-la-muestra-artistica-de-krytzia-dabdoub-que-transforma-el-world-trade-center-en-un-vibrante-lienzo-en-favor-de-la-inclusion-y-diversidad","status":"publish","type":"post","link":"https:\/\/www.bitacoracdmx.com\/?p=55588","title":{"rendered":"As\u00ed se inaugur\u00f3 la muestra art\u00edstica de Krytzia Dabdoub que\u00a0transforma el World Trade Center en un vibrante lienzo en favor de la inclusi\u00f3n y diversidad"},"content":{"rendered":"\n<p>REDACCI\u00d3N<\/p>\n\n\n\n<h3 class=\"wp-block-heading\">La exposici\u00f3n \u201cReflections\u201d de la artista pl\u00e1stica mexicana Krytzia Dabdoub se inaugur\u00f3 en el World Treade Center con la presencia de Beatriz Guzm\u00e1n Ju\u00e1rez, especialista de programas, Ciencias Sociales y Humanas de la UNESCO y de Carlos Fern\u00e1ndez Figaredo, director general de WTC.<br>\u00a0<br>Entre los invitados especiales destacan personalidades como el exsecretario de la OCDE, Jos\u00e9 \u00c1ngel Gurr\u00eda, Carlos Sales de Cuasar Capital, Sebasti\u00e1n Velasco de Fidelity y Armida S\u00e1nchez de Microsoft M\u00e9xico, por mencionar algunos.<\/h3>\n\n\n\n<ul>\n<li>Los espacios del World Trade Center de la Ciudad de M\u00e9xico fueron&nbsp;intervenidos por Krytzia Dabdoub con obras seleccionadas para transmitir la diversidad en t\u00e9cnicas y expresiones de la artista mexicana.<\/li>\n<\/ul>\n\n\n\n<ul>\n<li>A trav\u00e9s de sus obras, Krytzia nos transmite su compromiso por la inclusi\u00f3n y diversidad de cada ser humano, as\u00ed como su preocupaci\u00f3n por la preservaci\u00f3n de la naturaleza.&nbsp;<\/li>\n<\/ul>\n\n\n\n<ul>\n<li>El proyecto cuenta con una serie de esculturas que dan vida a la fuente exterior como un vibrante lienzo volum\u00e9trico, as\u00ed como piezas magistrales localizadas a lo largo de los espacios interiores del World Trade Center y un video proyectado en la pantalla gigante que se ve desde el exterior.<\/li>\n<\/ul>\n\n\n\n<p>Con una notable formaci\u00f3n art\u00edstica que le ha llevado a Par\u00eds (donde reside actualmente), Madrid, Barcelona, Caracas, Nueva York y San Francisco, &nbsp;Krytzia Dabdoub ha regresado a su natal Ciudad de M\u00e9xico para exponer algunas de sus obras a lo largo del exterior e interior del World Trade Center, donde los asistentes podr\u00e1n ver pinturas, piezas tejidas, esculturas y videos, compartiendo as\u00ed su obra con el p\u00fablico en general de manera que sea accesible para todos.<br><br>Desde el primer paso hacia la majestuosa fuente en la calle Montecito, los visitantes se sumergir\u00e1n en una obra &nbsp;que transforma el agua en un vibrante lienzo volum\u00e9trico. Inspiradas en la serie &#8220;Reflections&#8221;, estas obras llevan a los espectadores a trav\u00e9s de una experiencia de reflejos y reflexiones, fusionando colores y formas &nbsp;en el agua para transmitir un mensaje poderoso de inclusi\u00f3n y diversidad.&nbsp;<br><br>\u201cEn Noviembre del a\u00f1o pasado tuve el honor de ser invitada al foro de la UNESCO contra el racismo y la discriminaci\u00f3n, y ahora estoy muy orgullosa de poder proyectar estos mensajes en el World Trade Center de la Ciudad de M\u00e9xico. Mi obra se integra al entorno de la fuente como si fuera un lienzo, d\u00e1ndole volumen, textura y color. Los reflejos hacen que las piezas se muevan y jueguen. Cada pieza tiene colores y formas diferentes que se integran en el agua para transmitir un mensaje de uni\u00f3n.\u201d<br><br>En complemento a la fuente en el exterior, al ingresar al World Trade Center los espectadores podr\u00e1n descubrir piezas magistrales que desaf\u00edan la percepci\u00f3n del espacio y que al estar colocadas estrat\u00e9gicamente, van acompa\u00f1ando al p\u00fablico en una experiencia multisensorial en la que se puede apreciar la diversidad en t\u00e9cnicas y expresiones de la autora.<br><br>\u00a8Reflections on Inclusi\u00f3n\u00a8 (Reflejos \/ Reflexiones de la Inclusi\u00f3n) se encuentra en la entrada en conversaci\u00f3n con la obra del escultor Sebasti\u00e1n, \u201cEst\u00edpite\u201d, haciendo una reflexi\u00f3n acerca de la uni\u00f3n &nbsp;y el respeto de todos los seres humanos.<br><br>\u201cReflections on Harmony\u201d (Reflejos \/ Reflexiones de la Harmon\u00eda) es una obra de gran formato colocada junto a un espejo. Esta obra se acompa\u00f1a de una pieza musical de Bego\u00f1a Pereda, hecha espec\u00edficamente para acompa\u00f1ar al cuadro con la intenci\u00f3n de que llegue al o\u00eddo al mismo tiempo que al sentido visual y se convierta en una experiencia multisensorial.&nbsp;<br><br>&#8220;Reflections on our Essence&#8221; (Reflejos \/ Reflexiones&nbsp;de nuestra Esencia) es una pieza de grandes dimensiones hecha en papel que nos lleva a la contemplaci\u00f3n, es una pieza m\u00e1s espiritual en la que la artista nos lleva a profundizar &nbsp;acerca de la esencia de la vida.<br><br>\u201cLa Catedral del &nbsp;Agua\u201d &nbsp;es una pintura que fue tra\u00edda por la artista desde su taller de Par\u00eds (en el que pintaron artistas como Henry Matisse y Albert Marquet) y ha sido complementada por realidad virtual. Quienes vean esta obra podr\u00e1n escanear con su tel\u00e9fono celular un c\u00f3digo QR que abre la aplicaci\u00f3n de Facebook o Instagram. Al dirigir su tel\u00e9fono al cuadro, en la cascada aparecen peces y mariposas, d\u00e1ndole movimiento a la obra.<br><br>\u201cPara m\u00ed siempre ha sido muy importante abogar por la conservaci\u00f3n y protecci\u00f3n del agua, he trabajado mucho en ese tema. Uno de mis cuadros, \u2018El Universo del Agua\u2019, se encuentra en la colecci\u00f3n de la OCDE con sede en Par\u00eds, lo cual me llena de orgullo ya que ellos han desempe\u00f1ado un papel important\u00edsimo al crear los 12 principios de Gobernanza del Agua. Recientemente publicaron en la primera p\u00e1gina del peri\u00f3dico Reforma su gran preocupaci\u00f3n por la crisis del agua en M\u00e9xico.\u201d<br><br>\u201cEfecto Mariposa\u201d est\u00e1 compuesta por dos alas de mariposas de gran formato hechas de tela.&nbsp;<br><br>\u201cEmpec\u00e9 a desarrollar el tema de las mariposas en San Francisco porque las Monarcas que migran de M\u00e9xico a California no pod\u00edan llegar a causa de los incendios forestales causados por el cambio clim\u00e1tico. Al no &nbsp;llegar las mariposas, no se pueden polinizar los \u00e1rboles frutales, causando una gran disminuci\u00f3n de &nbsp;la producci\u00f3n, afectando a todos los consumidores y poniendo en riesgo los trabajos de los agricultores de la zona, entre ellos muchos migrantes como las mariposas, &nbsp;a esto me refiero con el t\u00edtulo de la obra\u201d.<br><br>Finalmente, en la gran pantalla colocada en la parte superior exterior del WTC, a partir del 29 de febrero podr\u00e1 verse de manera intermitente&nbsp;un video que captura la esencia del trabajo de la artista, combinado con sus obras y diversas escenas para complementar la experiencia art\u00edstica y la realidad virtual.&nbsp;<br><br>\u201cEl proyectar el video en la pantalla externa del edificio es para m\u00ed una experiencia \u00fanica, una manera de crear arte para todos, ya que de esta manera se tendr\u00e1 &nbsp;acceso al video desde muchos puntos de la ciudad\u201d.<br><br>Krytzia tambi\u00e9n ha estado pintando una obra en las instalaciones del WTC y durante ciertas horas algunos afortunados que han pasado por ah\u00ed han tenido acceso para verla trabajando en ese momento.<br>&nbsp;<br>\u201cMe siento muy honrada de poder intervenir activamente el espacio del World Trade Center, me parece una experiencia interesante y diferente salir del taller para compartir el espacio p\u00fablico y poder pintar aqu\u00ed\u201d.<br><br>Krytzia Dabdoub ha expuesto sus piezas en diferentes galer\u00edas y espacios alrededor del mundo, incluyendo el Instituto Cultural de M\u00e9xico en Par\u00eds, la Embajada de M\u00e9xico en Praga, el Museo Pen\u00ednsula de San Francisco, el Consulado de M\u00e9xico en San Francisco entre otros, &nbsp;adem\u00e1s de tener su obra en el acervo cultural de la UNESCO en Par\u00eds y en la Organizaci\u00f3n para la Cooperaci\u00f3n y el Desarrollo Econ\u00f3micos (OCDE) en Francia.<br><br>Quienes vayan al World Trade Center de la Ciudad de M\u00e9xico podr\u00e1n ver libremente y de manera gratuita las obras de la artista, quien aprovech\u00f3 al m\u00e1ximo su regreso a nuestro pa\u00eds para deleitarnos con su trabajo.<\/p>\n\n\n\n<h3 class=\"wp-block-heading\">REFLECTIONS<br>FEBRERO-AGOSTO 2024<\/h3>\n\n\n\n<p><strong>WTC World Trade Center Calle Montecito 38 Col. N\u00e1poles 03810 CDMX<br>Entrada Libre \u00a0| \u00a0Abierto todos los d\u00edas de 7:00am &#8211; 10:00pm<\/strong><br><br>OBRAS EN EXPOSICI\u00d3N (Disponibles a la venta)<br><br><strong>Gran Fuente Exterior\u00a0<\/strong><br><br>\u201cCircum\u201d 2024<br>Fibra de Vidrio<br>120 cm x 77cm x 90cm<br><br>\u201cClaudendo\u201d 2024<br>Fibra de Vidrio<br>975cm x 845cm x 39cm<br><br>\u201cSpiralis\u201d 2024<br>Fibra de Vidrio<br>80cm x 25cm x 90cm<br><br>\u201cBlue\u201d 2024<br>Fibra de Vidrio<br>70cm x 70cm x 80cm<br><br>\u201cVivus\u201d 2024<br>Fibra de Vidrio<br>112cm x 75cm x 64cm<br><br>\u201cConventus\u201d 2024<br>Fibra de Vidrio<br>77cm x 60cm x 102cm<br><br>\u201cTurrim I\u201d 2024<br>Fibra de Vidrio<br>20cm x 195cm x 20cm<br><br>\u201cTurrim II\u201d 2024<br>Fibra de Vidrio<br>19cm x 195cm x 20cm<br><br>\u201cReflections on Harmony\u201d (Reflejos\/reflexiones en Harmon\u00eda) 2023<br>T\u00e9cnica mixta sobre tela<br>268cm x 200cm<br><br>\u201cCatedral del Agua\u201d 2022<br>T\u00e9cnica mixta sobre tela<br>200cm x 560cm<br><br>\u201cReflections on Inclusion\u201d (Reflejos\/ Reflexiones de la Inclusi\u00f3n) 2022<br>T\u00e9cnica Mixta sobre tela\u00a0<br>200cm x 159cm<br><br>\u201cReflections on our Essence\u201d (Reflejos\/ Reflexiones de nuestra Esencia) 2022 T\u00e9cnica mixta sobre papel<br>670cm x 114cm<br><br>\u201cEfecto Mariposa I y II\u201d 2021<br>Red de pescar y textil<br><br><strong>KRYTZIA DABDOUB\u00a0<\/strong><br>La obra de arte de Krytzia Dabdoub es una fascinante danza de color y emoci\u00f3n que trasciende los l\u00edmites tradicionales, invitando a los espectadores a un mundo donde la imaginaci\u00f3n no conoce l\u00edmites. A trav\u00e9s de sus obras de arte, Dabdoub nos transmite su convicci\u00f3n por la lucha de causas con prop\u00f3sito como los derechos humanos, la diversidad y la protecci\u00f3n ambiental. En sus lienzos, Krytzia deconstruye el racismo, el ecocidio y la indiferencia para afrontarlo de forma propositiva para cambiar mentalidades, actitudes y comportamientos. Sus obras suelen ser de gran formato, expres\u00e1ndose a trav\u00e9s de grandes lienzos e instalaciones.<\/p>\n\n\n\n<p><a href=\"https:\/\/www.facebook.com\/hashtag\/krytziadabdoub?__eep__=6&amp;__cft__[0]=AZVf_0tobkgZ_oxxf7MUbB5vHwvAtxZ8ipzxC7vpXXGSy5oscUsi9qo93Fy6wUxR8S16hOVL9YaQT_o8JZwkC2RZEoHyuP55RZSglm8tG_XqfNyMBeaCkNg9w3lmZfVlESS97AAAq8DamLQyJ3DMx7lZ&amp;__tn__=*NK-R\">#krytziadabdoub<\/a><a href=\"https:\/\/www.facebook.com\/hashtag\/reflections?__eep__=6&amp;__cft__[0]=AZVf_0tobkgZ_oxxf7MUbB5vHwvAtxZ8ipzxC7vpXXGSy5oscUsi9qo93Fy6wUxR8S16hOVL9YaQT_o8JZwkC2RZEoHyuP55RZSglm8tG_XqfNyMBeaCkNg9w3lmZfVlESS97AAAq8DamLQyJ3DMx7lZ&amp;__tn__=*NK-R\">#reflections<\/a><a href=\"https:\/\/www.facebook.com\/hashtag\/worldtradecenter?__eep__=6&amp;__cft__[0]=AZVf_0tobkgZ_oxxf7MUbB5vHwvAtxZ8ipzxC7vpXXGSy5oscUsi9qo93Fy6wUxR8S16hOVL9YaQT_o8JZwkC2RZEoHyuP55RZSglm8tG_XqfNyMBeaCkNg9w3lmZfVlESS97AAAq8DamLQyJ3DMx7lZ&amp;__tn__=*NK-R\">#worldtradecenter<\/a><a href=\"https:\/\/www.facebook.com\/hashtag\/bitacoracdmx?__eep__=6&amp;__cft__[0]=AZVf_0tobkgZ_oxxf7MUbB5vHwvAtxZ8ipzxC7vpXXGSy5oscUsi9qo93Fy6wUxR8S16hOVL9YaQT_o8JZwkC2RZEoHyuP55RZSglm8tG_XqfNyMBeaCkNg9w3lmZfVlESS97AAAq8DamLQyJ3DMx7lZ&amp;__tn__=*NK-R\">#bitacoracdmx<\/a><\/p>\n","protected":false},"excerpt":{"rendered":"<p>REDACCI\u00d3N La exposici\u00f3n \u201cReflections\u201d de la artista pl\u00e1stica mexicana Krytzia Dabdoub se inaugur\u00f3 en el World Treade Center con la presencia de Beatriz Guzm\u00e1n Ju\u00e1rez, especialista de programas, Ciencias Sociales y Humanas de la UNESCO y de Carlos Fern\u00e1ndez Figaredo, director general de WTC.\u00a0Entre los invitados especiales destacan personalidades como el exsecretario de la OCDE, Jos\u00e9 \u00c1ngel Gurr\u00eda, Carlos Sales de Cuasar Capital, Sebasti\u00e1n Velasco de Fidelity y Armida S\u00e1nchez de Microsoft M\u00e9xico, por mencionar algunos. Con una notable formaci\u00f3n art\u00edstica que le ha llevado a Par\u00eds (donde reside actualmente), Madrid, Barcelona, Caracas, Nueva York y San Francisco, &nbsp;Krytzia Dabdoub [&hellip;]<\/p>\n","protected":false},"author":1,"featured_media":55589,"comment_status":"closed","ping_status":"closed","sticky":false,"template":"","format":"standard","meta":{"footnotes":""},"categories":[5,4,9],"tags":[],"_links":{"self":[{"href":"https:\/\/www.bitacoracdmx.com\/index.php?rest_route=\/wp\/v2\/posts\/55588"}],"collection":[{"href":"https:\/\/www.bitacoracdmx.com\/index.php?rest_route=\/wp\/v2\/posts"}],"about":[{"href":"https:\/\/www.bitacoracdmx.com\/index.php?rest_route=\/wp\/v2\/types\/post"}],"author":[{"embeddable":true,"href":"https:\/\/www.bitacoracdmx.com\/index.php?rest_route=\/wp\/v2\/users\/1"}],"replies":[{"embeddable":true,"href":"https:\/\/www.bitacoracdmx.com\/index.php?rest_route=%2Fwp%2Fv2%2Fcomments&post=55588"}],"version-history":[{"count":1,"href":"https:\/\/www.bitacoracdmx.com\/index.php?rest_route=\/wp\/v2\/posts\/55588\/revisions"}],"predecessor-version":[{"id":55590,"href":"https:\/\/www.bitacoracdmx.com\/index.php?rest_route=\/wp\/v2\/posts\/55588\/revisions\/55590"}],"wp:featuredmedia":[{"embeddable":true,"href":"https:\/\/www.bitacoracdmx.com\/index.php?rest_route=\/wp\/v2\/media\/55589"}],"wp:attachment":[{"href":"https:\/\/www.bitacoracdmx.com\/index.php?rest_route=%2Fwp%2Fv2%2Fmedia&parent=55588"}],"wp:term":[{"taxonomy":"category","embeddable":true,"href":"https:\/\/www.bitacoracdmx.com\/index.php?rest_route=%2Fwp%2Fv2%2Fcategories&post=55588"},{"taxonomy":"post_tag","embeddable":true,"href":"https:\/\/www.bitacoracdmx.com\/index.php?rest_route=%2Fwp%2Fv2%2Ftags&post=55588"}],"curies":[{"name":"wp","href":"https:\/\/api.w.org\/{rel}","templated":true}]}}