{"id":55594,"date":"2024-03-08T04:57:01","date_gmt":"2024-03-08T04:57:01","guid":{"rendered":"https:\/\/www.bitacoracdmx.com\/?p=55594"},"modified":"2024-03-08T04:57:03","modified_gmt":"2024-03-08T04:57:03","slug":"carolina-ross-una-velada-de-amor-y-desamor-en-la-cdmx","status":"publish","type":"post","link":"https:\/\/www.bitacoracdmx.com\/?p=55594","title":{"rendered":"Carolina Ross: Una velada de amor y desamor en la CDMX"},"content":{"rendered":"\n<p>REDACCI\u00d3N<\/p>\n\n\n\n<h3 class=\"wp-block-heading\">5 DE JULIO \u2013 LUNARIO DEL AUDITORIO NACIONAL<\/h3>\n\n\n\n<h3 class=\"wp-block-heading\">Preventa Citibanamex: 6 de marzo, 11:00 a.m.<\/h3>\n\n\n\n<p><strong>Carolina Ross<\/strong>&nbsp;est\u00e1 lista para hacer vibrar el&nbsp;<strong>Lunario del Auditorio Nacional<\/strong>&nbsp;con su impresionante talento y un repertorio de canciones que te llegar\u00e1 al coraz\u00f3n. No puedes perderte este emotivo concierto que promete ser una experiencia inolvidable, la cita ser\u00e1 el pr\u00f3ximo&nbsp;<strong>5 de julio.<\/strong><\/p>\n\n\n\n<p><strong>Carolina Ross<\/strong>&nbsp;es una de las promesas m\u00e1s brillantes del regional mexicano, pero su m\u00fasica va m\u00e1s all\u00e1 de los l\u00edmites de un solo g\u00e9nero. Con su estilo \u00fanico que fusiona pop, balada ranchera y m\u00e1s, Carolina crea una atm\u00f3sfera m\u00e1gica en cada una de sus canciones, aquellas que hablan del amor y el desamor.<\/p>\n\n\n\n<p><strong>La cantante est\u00e1 por lanzar su pr\u00f3ximo sencillo titulado &#8220;Menos Mal Que Me Quer\u00edas&#8221;.<\/strong><\/p>\n\n\n\n<p>Originaria de Sinaloa,&nbsp;<strong>Carolina Ross&nbsp;<\/strong>ha conquistado los corazones de miles con temas como &#8220;El Barco&#8221;, &#8220;Uno y Uno&#8221;, &#8220;Cuesti\u00f3n de Tiempo&#8221; y muchos m\u00e1s. Con m\u00e1s de un mill\u00f3n de oyentes mensuales, su talento ha sido reconocido en todo el pa\u00eds y m\u00e1s all\u00e1.<\/p>\n\n\n\n<p>\u00a1D\u00e9jate llevar por los versos rom\u00e1nticos de\u00a0<strong>Carolina Ross<\/strong>\u00a0en una velada especial en el\u00a0<strong>Lunario del Auditorio Nacional!<\/strong>\u00a0Los boletos estar\u00e1n disponibles en\u00a0<strong>preventa Citibanamex el 6 de marzo,<\/strong>\u00a0y al d\u00eda siguiente podr\u00e1s adquirirlos en las taquillas del inmueble o a trav\u00e9s de\u00a0<a href=\"http:\/\/www.ticketmaster.com.mx\/\"><strong>www.ticketmaster.com.mx<\/strong><\/a><strong>.<\/strong><\/p>\n\n\n\n<p><a href=\"https:\/\/www.facebook.com\/hashtag\/carolinaross?__eep__=6&amp;__cft__[0]=AZVFOgHbyAHgLemURkkEGFWWIqLahHW3SU73fyq6b672Ubkj6dEen8cdkRKVUzejAM633OOl0tR4cSAP9Ww3WUNAteAU0XYgfyTAYv9HRmIWtfpf3Q679bsNkHkxpy88AyYdlGhaiipgIpbJG5JSIBZ_&amp;__tn__=*NK-R\">#carolinaross<\/a><a href=\"https:\/\/www.facebook.com\/hashtag\/lunariodelauditorionacional?__eep__=6&amp;__cft__[0]=AZVFOgHbyAHgLemURkkEGFWWIqLahHW3SU73fyq6b672Ubkj6dEen8cdkRKVUzejAM633OOl0tR4cSAP9Ww3WUNAteAU0XYgfyTAYv9HRmIWtfpf3Q679bsNkHkxpy88AyYdlGhaiipgIpbJG5JSIBZ_&amp;__tn__=*NK-R\">#lunariodelauditorionacional<\/a><a href=\"https:\/\/www.facebook.com\/hashtag\/ocesa?__eep__=6&amp;__cft__[0]=AZVFOgHbyAHgLemURkkEGFWWIqLahHW3SU73fyq6b672Ubkj6dEen8cdkRKVUzejAM633OOl0tR4cSAP9Ww3WUNAteAU0XYgfyTAYv9HRmIWtfpf3Q679bsNkHkxpy88AyYdlGhaiipgIpbJG5JSIBZ_&amp;__tn__=*NK-R\">#OCESA<\/a><a href=\"https:\/\/www.facebook.com\/hashtag\/ticketmaster?__eep__=6&amp;__cft__[0]=AZVFOgHbyAHgLemURkkEGFWWIqLahHW3SU73fyq6b672Ubkj6dEen8cdkRKVUzejAM633OOl0tR4cSAP9Ww3WUNAteAU0XYgfyTAYv9HRmIWtfpf3Q679bsNkHkxpy88AyYdlGhaiipgIpbJG5JSIBZ_&amp;__tn__=*NK-R\">#ticketmaster<\/a><a href=\"https:\/\/www.facebook.com\/hashtag\/bitacoracdmx?__eep__=6&amp;__cft__[0]=AZVFOgHbyAHgLemURkkEGFWWIqLahHW3SU73fyq6b672Ubkj6dEen8cdkRKVUzejAM633OOl0tR4cSAP9Ww3WUNAteAU0XYgfyTAYv9HRmIWtfpf3Q679bsNkHkxpy88AyYdlGhaiipgIpbJG5JSIBZ_&amp;__tn__=*NK-R\">#bitacoracdmx<\/a><\/p>\n","protected":false},"excerpt":{"rendered":"<p>REDACCI\u00d3N 5 DE JULIO \u2013 LUNARIO DEL AUDITORIO NACIONAL Preventa Citibanamex: 6 de marzo, 11:00 a.m. Carolina Ross&nbsp;est\u00e1 lista para hacer vibrar el&nbsp;Lunario del Auditorio Nacional&nbsp;con su impresionante talento y un repertorio de canciones que te llegar\u00e1 al coraz\u00f3n. No puedes perderte este emotivo concierto que promete ser una experiencia inolvidable, la cita ser\u00e1 el pr\u00f3ximo&nbsp;5 de julio. Carolina Ross&nbsp;es una de las promesas m\u00e1s brillantes del regional mexicano, pero su m\u00fasica va m\u00e1s all\u00e1 de los l\u00edmites de un solo g\u00e9nero. Con su estilo \u00fanico que fusiona pop, balada ranchera y m\u00e1s, Carolina crea una atm\u00f3sfera m\u00e1gica en cada [&hellip;]<\/p>\n","protected":false},"author":1,"featured_media":55595,"comment_status":"closed","ping_status":"closed","sticky":false,"template":"","format":"standard","meta":{"footnotes":""},"categories":[9,11],"tags":[],"_links":{"self":[{"href":"https:\/\/www.bitacoracdmx.com\/index.php?rest_route=\/wp\/v2\/posts\/55594"}],"collection":[{"href":"https:\/\/www.bitacoracdmx.com\/index.php?rest_route=\/wp\/v2\/posts"}],"about":[{"href":"https:\/\/www.bitacoracdmx.com\/index.php?rest_route=\/wp\/v2\/types\/post"}],"author":[{"embeddable":true,"href":"https:\/\/www.bitacoracdmx.com\/index.php?rest_route=\/wp\/v2\/users\/1"}],"replies":[{"embeddable":true,"href":"https:\/\/www.bitacoracdmx.com\/index.php?rest_route=%2Fwp%2Fv2%2Fcomments&post=55594"}],"version-history":[{"count":1,"href":"https:\/\/www.bitacoracdmx.com\/index.php?rest_route=\/wp\/v2\/posts\/55594\/revisions"}],"predecessor-version":[{"id":55596,"href":"https:\/\/www.bitacoracdmx.com\/index.php?rest_route=\/wp\/v2\/posts\/55594\/revisions\/55596"}],"wp:featuredmedia":[{"embeddable":true,"href":"https:\/\/www.bitacoracdmx.com\/index.php?rest_route=\/wp\/v2\/media\/55595"}],"wp:attachment":[{"href":"https:\/\/www.bitacoracdmx.com\/index.php?rest_route=%2Fwp%2Fv2%2Fmedia&parent=55594"}],"wp:term":[{"taxonomy":"category","embeddable":true,"href":"https:\/\/www.bitacoracdmx.com\/index.php?rest_route=%2Fwp%2Fv2%2Fcategories&post=55594"},{"taxonomy":"post_tag","embeddable":true,"href":"https:\/\/www.bitacoracdmx.com\/index.php?rest_route=%2Fwp%2Fv2%2Ftags&post=55594"}],"curies":[{"name":"wp","href":"https:\/\/api.w.org\/{rel}","templated":true}]}}