{"id":55597,"date":"2024-03-08T05:43:05","date_gmt":"2024-03-08T05:43:05","guid":{"rendered":"https:\/\/www.bitacoracdmx.com\/?p=55597"},"modified":"2024-03-08T05:43:07","modified_gmt":"2024-03-08T05:43:07","slug":"un-relato-acerca-de-la-muerte-la-creacion-y-la-vulnerabilidad-llega-al-helenico-con-flores-negras-del-destino-nos-apartan","status":"publish","type":"post","link":"https:\/\/www.bitacoracdmx.com\/?p=55597","title":{"rendered":"Un relato acerca de la muerte, la creaci\u00f3n y la vulnerabilidad llega al Hel\u00e9nico con\u00a0Flores negras del destino nos apartan"},"content":{"rendered":"\n<p>REDACCI\u00d3N<\/p>\n\n\n\n<ul>\n<li>Adaptaci\u00f3n de la novela&nbsp;<em>Canci\u00f3n de tumba<\/em>, de Juli\u00e1n Herbert, se presentar\u00e1 del 20 de marzo al 25 de abril en el Foro La Gruta<\/li>\n\n\n\n<li>Se trata de un unipersonal, a cargo de la compa\u00f1\u00eda El Mirador, en el que la verdad autobiogr\u00e1fica y la ficci\u00f3n construyen una historia de boleros, melodrama y rebeld\u00eda<\/li>\n<\/ul>\n\n\n\n<p>&nbsp; &nbsp; &nbsp; &nbsp; &nbsp; &nbsp; &nbsp; &nbsp; &nbsp; &nbsp; &nbsp; &nbsp; &nbsp;&nbsp;<em>Mi madre no es mi madre. Mi madre era la m\u00fasica<\/em><\/p>\n\n\n\n<p> <\/p>\n\n\n\n<p>El Centro Cultural Hel\u00e9nico y la compa\u00f1\u00eda El Mirador presentan:\u00a0<strong><em>Flores negras del destino nos apartan<\/em><\/strong>, un espect\u00e1culo unipersonal basado en\u00a0<em>Canci\u00f3n de tumba<\/em>\u00a0del autor Juli\u00e1n Herbert, qui\u00e9n fue galardonado dos veces por esta obra con el Premio Ja\u00e9n de Novela 2011 y el Premio Iberoamericano de Novela Elena Poniatowska 2012; tendr\u00e1 temporada del 20 de marzo al 25 de abril en el Foro La Gruta.<br>\u00a0<br>\u00a0La puesta en escena basa su discurso est\u00e9tico en la cinematograf\u00eda y la m\u00fasica. \u00a0Bel\u00e9n Aguilar, la directora, construy\u00f3 una ventana al universo de la memoria, en el que el hijo de Guadalupe, una ex trabajadora sexual afronta la inexorable partida de su madre enferma, y a su vez, a trav\u00e9s de remembranzas, im\u00e1genes y canciones, dibuja con su historia, un periplo de la fragilidad humana; una biograf\u00eda llena de ternura, humor y una crueldad absoluta.<br>\u00a0<br>La madre \u2014personificada por la actriz Lorena Glinz\u2014 se hace presente a trav\u00e9s de im\u00e1genes proyectadas como recuerdos que evoca su hijo \u2014papel interpretado por Jos\u00e9 Juan S\u00e1nchez\u2014 durante su espera en el hospital. Este viaje es como un filme de recuerdos matizados con boleros cubanos, que llaman al p\u00fablico a transitar por una amplia gama de sentimientos que van desde el dolor y la p\u00e9rdida, hasta la reconciliaci\u00f3n y el amor. Se trata de un dibujo a mano alzada lleno de ternura; un vaiv\u00e9n emocional que despliega la compleja relaci\u00f3n entre una madre y su hijo a trav\u00e9s de los a\u00f1os.<br>\u00a0<br>Este proyecto, adem\u00e1s de ser un ejercicio autobiogr\u00e1fico de Juli\u00e1n Herbert, Bel\u00e9n Aguilar y Jos\u00e9 Juan S\u00e1nchez, es un espejo de la relaci\u00f3n entre M\u00e9xico y sus habitantes. Es una hip\u00f3tesis y reflexi\u00f3n respecto al gusto de los \u201chijos de M\u00e9xico\u201d en su afici\u00f3n a las l\u00e1grimas, la sangre, el amor y los boleros, as\u00ed como un recuento de la historia y de la innegable dicotom\u00eda nacional del gusto por el melodrama y la afici\u00f3n a la violencia.<br>\u00a0<br><strong><em>Flores negras del destino nos apartan<\/em><\/strong>\u00a0se ha presentado en el Teatro El Gale\u00f3n y el Teatro Orientaci\u00f3n del Centro Cultural del Bosque; \u00a0en Colombia, dentro del Festival Internacional de Teatro de Manizales, y el Festival de Teatro y de M\u00fasica San Ignacio, en Medell\u00edn, donde fue c\u00e1lidamente recibida por el p\u00fablico. Asimismo, el proyecto fue seleccionado por el INBAL en el rubro de Direcci\u00f3n joven en 2021.<br>\u00a0<br>La obra cuenta con la direcci\u00f3n de Bel\u00e9n Aguilar; la adaptaci\u00f3n e interpretaci\u00f3n de Jos\u00e9 Juan S\u00e1nchez; la interpretaci\u00f3n en el dispositivo de cinematograf\u00eda es de Lorena Glinz; el dise\u00f1o de vestuario y asistencia general son de Kevin Arnoldo; la producci\u00f3n ejecutiva es de Bel\u00e9n Mercado; el dise\u00f1o de escenograf\u00eda e iluminaci\u00f3n son de Jes\u00fas Giles; el dise\u00f1o sonoro y la m\u00fasica original son de Crist\u00f3bal MarY\u00e1n; la cinematograf\u00eda es de Ernesto Madrigal, la coreograf\u00eda es de Mauricio Rico y la programaci\u00f3n multimedia estuvo a cargo de Diego \u00c1lvarez Robledo.<br>\u00a0<br><strong><em>Flores negras del destino nos apartan,<\/em>\u00a0se presentar\u00e1 los mi\u00e9rcoles y jueves a las 20:00 horas, del 20 de marzo al 25 de abril en el Foro La Gruta.<\/strong>\u00a0<strong>El costo del boleto es de $250<\/strong>.\u00a0<strong>Actualmente hay una preventa del 50% de descuento v\u00e1lida hasta el 19 de marzo<\/strong>. Las localidades pueden adquirirse en la taquilla del Centro Cultural Hel\u00e9nico, ubicado en avenida Revoluci\u00f3n 1500, as\u00ed como en la p\u00e1gina de internet\u00a0<strong>helenico.gob.mx.<\/strong><\/p>\n\n\n\n<p><a href=\"https:\/\/www.facebook.com\/hashtag\/floresnegras?__eep__=6&amp;__cft__[0]=AZVFvu8LT-0gzZqVU7ZZmrukqrRcaqQc1IyFJAyTuZMcKDmpqhs93ZgSWorOgMaiT6MAPJN9t5mokE4ZJTk3pX2O0rpPjSCZ9uoE1GBAV9JskGx63Dpj0S9NVW3Z-u8ewpH-uIn_CqxvD0Vp7MGWAJSm&amp;__tn__=*NK-R\">#floresnegras<\/a><a href=\"https:\/\/www.facebook.com\/hashtag\/centroculturalhelenico?__eep__=6&amp;__cft__[0]=AZVFvu8LT-0gzZqVU7ZZmrukqrRcaqQc1IyFJAyTuZMcKDmpqhs93ZgSWorOgMaiT6MAPJN9t5mokE4ZJTk3pX2O0rpPjSCZ9uoE1GBAV9JskGx63Dpj0S9NVW3Z-u8ewpH-uIn_CqxvD0Vp7MGWAJSm&amp;__tn__=*NK-R\">#centroculturalhelenico<\/a><a href=\"https:\/\/www.facebook.com\/hashtag\/forolagruta?__eep__=6&amp;__cft__[0]=AZVFvu8LT-0gzZqVU7ZZmrukqrRcaqQc1IyFJAyTuZMcKDmpqhs93ZgSWorOgMaiT6MAPJN9t5mokE4ZJTk3pX2O0rpPjSCZ9uoE1GBAV9JskGx63Dpj0S9NVW3Z-u8ewpH-uIn_CqxvD0Vp7MGWAJSm&amp;__tn__=*NK-R\">#ForoLaGruta<\/a><a href=\"https:\/\/www.facebook.com\/hashtag\/bitacoracdmx?__eep__=6&amp;__cft__[0]=AZVFvu8LT-0gzZqVU7ZZmrukqrRcaqQc1IyFJAyTuZMcKDmpqhs93ZgSWorOgMaiT6MAPJN9t5mokE4ZJTk3pX2O0rpPjSCZ9uoE1GBAV9JskGx63Dpj0S9NVW3Z-u8ewpH-uIn_CqxvD0Vp7MGWAJSm&amp;__tn__=*NK-R\">#bitacoracdmx<\/a><\/p>\n\n\n\n<p><br>\u00a0<\/p>\n","protected":false},"excerpt":{"rendered":"<p>REDACCI\u00d3N &nbsp; &nbsp; &nbsp; &nbsp; &nbsp; &nbsp; &nbsp; &nbsp; &nbsp; &nbsp; &nbsp; &nbsp; &nbsp;&nbsp;Mi madre no es mi madre. Mi madre era la m\u00fasica El Centro Cultural Hel\u00e9nico y la compa\u00f1\u00eda El Mirador presentan:\u00a0Flores negras del destino nos apartan, un espect\u00e1culo unipersonal basado en\u00a0Canci\u00f3n de tumba\u00a0del autor Juli\u00e1n Herbert, qui\u00e9n fue galardonado dos veces por esta obra con el Premio Ja\u00e9n de Novela 2011 y el Premio Iberoamericano de Novela Elena Poniatowska 2012; tendr\u00e1 temporada del 20 de marzo al 25 de abril en el Foro La Gruta.\u00a0\u00a0La puesta en escena basa su discurso est\u00e9tico en la cinematograf\u00eda y la [&hellip;]<\/p>\n","protected":false},"author":1,"featured_media":55598,"comment_status":"closed","ping_status":"closed","sticky":false,"template":"","format":"standard","meta":{"footnotes":""},"categories":[9,14],"tags":[],"_links":{"self":[{"href":"https:\/\/www.bitacoracdmx.com\/index.php?rest_route=\/wp\/v2\/posts\/55597"}],"collection":[{"href":"https:\/\/www.bitacoracdmx.com\/index.php?rest_route=\/wp\/v2\/posts"}],"about":[{"href":"https:\/\/www.bitacoracdmx.com\/index.php?rest_route=\/wp\/v2\/types\/post"}],"author":[{"embeddable":true,"href":"https:\/\/www.bitacoracdmx.com\/index.php?rest_route=\/wp\/v2\/users\/1"}],"replies":[{"embeddable":true,"href":"https:\/\/www.bitacoracdmx.com\/index.php?rest_route=%2Fwp%2Fv2%2Fcomments&post=55597"}],"version-history":[{"count":1,"href":"https:\/\/www.bitacoracdmx.com\/index.php?rest_route=\/wp\/v2\/posts\/55597\/revisions"}],"predecessor-version":[{"id":55599,"href":"https:\/\/www.bitacoracdmx.com\/index.php?rest_route=\/wp\/v2\/posts\/55597\/revisions\/55599"}],"wp:featuredmedia":[{"embeddable":true,"href":"https:\/\/www.bitacoracdmx.com\/index.php?rest_route=\/wp\/v2\/media\/55598"}],"wp:attachment":[{"href":"https:\/\/www.bitacoracdmx.com\/index.php?rest_route=%2Fwp%2Fv2%2Fmedia&parent=55597"}],"wp:term":[{"taxonomy":"category","embeddable":true,"href":"https:\/\/www.bitacoracdmx.com\/index.php?rest_route=%2Fwp%2Fv2%2Fcategories&post=55597"},{"taxonomy":"post_tag","embeddable":true,"href":"https:\/\/www.bitacoracdmx.com\/index.php?rest_route=%2Fwp%2Fv2%2Ftags&post=55597"}],"curies":[{"name":"wp","href":"https:\/\/api.w.org\/{rel}","templated":true}]}}