{"id":55603,"date":"2024-03-08T06:14:59","date_gmt":"2024-03-08T06:14:59","guid":{"rendered":"https:\/\/www.bitacoracdmx.com\/?p=55603"},"modified":"2024-03-08T06:15:01","modified_gmt":"2024-03-08T06:15:01","slug":"grupo-pesado-anuncia-una-noche-memorable-en-el-auditorio-nacional-de-la-cdmx","status":"publish","type":"post","link":"https:\/\/www.bitacoracdmx.com\/?p=55603","title":{"rendered":"GRUPO PESADO anuncia una noche memorable en el AUDITORIO NACIONAL de la CDMX"},"content":{"rendered":"\n<p>REDACCI\u00d3N<\/p>\n\n\n\n<p><em>*Se presenta el mi\u00e9rcoles 29 de mayo a las 20:30 horas<\/em><\/p>\n\n\n\n<p><em>*Boletos a la venta en el Sistema Ticketmaster y en taquillas del inmueble<\/em><\/p>\n\n\n\n<p>En un espect\u00e1culo que promete ser un hito en la escena musical, el destacado grupo regiomontano Pesado, referente indiscutible del g\u00e9nero norte\u00f1o, ha confirmado su presentaci\u00f3n estelar en el prestigioso Auditorio Nacional de la Ciudad de M\u00e9xico. La cita est\u00e1 programada para el mi\u00e9rcoles 29 de mayo a las 20:30 horas, ofreciendo a sus fans una experiencia \u00fanica en la ic\u00f3nica sala de conciertos ubicada en Paseo de la Reforma. Boletos a la venta en el Sistema Ticketmaster y en taquillas del inmueble.<\/p>\n\n\n\n<p>El anuncio llega en el marco de la gira de promoci\u00f3n de su m\u00e1s reciente sencillo, &#8220;Te Amar\u00e9&#8221;, una emotiva versi\u00f3n del \u00e9xito de Miguel Bos\u00e9. Con esta presentaci\u00f3n en el Auditorio Nacional, Pesado busca consolidar su posici\u00f3n como uno de los grupos m\u00e1s representativos de la m\u00fasica regional mexicana, llevando al p\u00fablico por un viaje musical que abarcar\u00e1 desde sus \u00e9xitos m\u00e1s antiguos hasta los \u00faltimos lanzamientos que han conquistado corazones.<\/p>\n\n\n\n<p>Beto Zapata, una de las voces l\u00edderes de Pesado, expres\u00f3 su emoci\u00f3n al hablar sobre la elecci\u00f3n de &#8220;Te Amar\u00e9&#8221; como parte fundamental de su repertorio: &#8220;Con &#8216;Te Amar\u00e9&#8217;, buscamos transmitir la pasi\u00f3n y el sentimiento que nos inspira el amor en todas sus facetas y con toda su fuerza. Esperamos que esta canci\u00f3n se convierta en un regalo especial para nuestros seguidores&#8221;.<\/p>\n\n\n\n<p>El Grupo Pesado, fundado en 1993 en Monterrey, Nuevo Le\u00f3n, por Beto Zapata y Pepe Elizondo, ha sido pionero en la evoluci\u00f3n de la m\u00fasica norte\u00f1a, aportando una frescura que ha cautivado a audiencias tanto en M\u00e9xico como en Estados Unidos. Con una serie de producciones discogr\u00e1ficas, as\u00ed como numerosos Discos de Oro y Platino, Pesado ha conquistado los primeros lugares de las listas de popularidad desde sus inicios, consolid\u00e1ndose como un referente de la m\u00fasica regional.<\/p>\n\n\n\n<p>\u00c9xitos como &#8220;Te lo pido por favor&#8221;, &#8220;No Tengas Miedo De Llorar&#8221;, &#8220;Quiero&#8221;, &#8220;D\u00eda Tras d\u00eda&#8221;, &#8220;Lleg\u00f3 El amor&#8221;, &#8220;Ay\u00fadame&#8221;, &#8220;P\u00eddeme&#8221; y &#8220;C\u00f3mo Le Hago?&#8221;, han marcado la carrera de Beto, Pepe, Luis Mario, To\u00f1o y Julio. Estas dos \u00faltimas canciones, incluidas en su \u00e1lbum &#8220;Mil Historias&#8221;, les valieron un lugar privilegiado en la lista Regional Mexicano de la renombrada revista Billboard, consolidando su estatus como una de las agrupaciones m\u00e1s influyentes en la m\u00fasica norte\u00f1a en la Uni\u00f3n Americana.<\/p>\n\n\n\n<p>Con la proximidad de esta imperdible presentaci\u00f3n en el Auditorio Nacional, Pesado promete una noche llena de emoci\u00f3n, nostalgia y la inconfundible esencia norte\u00f1a que los ha convertido en un fen\u00f3meno musical de trascendencia internacional. La velada del 29 de mayo se anticipa como una celebraci\u00f3n inolvidable para los amantes de la m\u00fasica regional mexicana y para aquellos que deseen sumergirse en la magia sonora de Grupo Pesado.<\/p>\n\n\n\n<p>Grupo Pesado se presenta el mi\u00e9rcoles 29 de mayo a las 20:30 horas. Boletos a la venta en el Sistema Ticketmaster y en taquillas del inmueble<\/p>\n\n\n\n<p><a href=\"https:\/\/www.facebook.com\/hashtag\/grupopesado?__eep__=6&amp;__cft__[0]=AZVLEkovxQ1iRDQWcGL6xHNTtVyiCn5W8UHu3XAJCZUbM2u40g2THXSvTWd4ofwH9DluuRflngriFe04iHvyRNlWV91_6fPQoVf_E3pSD0aMXpXhtrl_D9a2VuTYwmROEVa5BwZqlaOEn568wWdIBdzS&amp;__tn__=*NK-R\">#GrupoPesado<\/a><a href=\"https:\/\/www.facebook.com\/hashtag\/auditorionacional?__eep__=6&amp;__cft__[0]=AZVLEkovxQ1iRDQWcGL6xHNTtVyiCn5W8UHu3XAJCZUbM2u40g2THXSvTWd4ofwH9DluuRflngriFe04iHvyRNlWV91_6fPQoVf_E3pSD0aMXpXhtrl_D9a2VuTYwmROEVa5BwZqlaOEn568wWdIBdzS&amp;__tn__=*NK-R\">#AuditorioNacional<\/a><a href=\"https:\/\/www.facebook.com\/hashtag\/ticketmaster?__eep__=6&amp;__cft__[0]=AZVLEkovxQ1iRDQWcGL6xHNTtVyiCn5W8UHu3XAJCZUbM2u40g2THXSvTWd4ofwH9DluuRflngriFe04iHvyRNlWV91_6fPQoVf_E3pSD0aMXpXhtrl_D9a2VuTYwmROEVa5BwZqlaOEn568wWdIBdzS&amp;__tn__=*NK-R\">#ticketmaster<\/a><a href=\"https:\/\/www.facebook.com\/hashtag\/bitacoracdmx?__eep__=6&amp;__cft__[0]=AZVLEkovxQ1iRDQWcGL6xHNTtVyiCn5W8UHu3XAJCZUbM2u40g2THXSvTWd4ofwH9DluuRflngriFe04iHvyRNlWV91_6fPQoVf_E3pSD0aMXpXhtrl_D9a2VuTYwmROEVa5BwZqlaOEn568wWdIBdzS&amp;__tn__=*NK-R\">#bitacoracdmx<\/a><\/p>\n","protected":false},"excerpt":{"rendered":"<p>REDACCI\u00d3N *Se presenta el mi\u00e9rcoles 29 de mayo a las 20:30 horas *Boletos a la venta en el Sistema Ticketmaster y en taquillas del inmueble En un espect\u00e1culo que promete ser un hito en la escena musical, el destacado grupo regiomontano Pesado, referente indiscutible del g\u00e9nero norte\u00f1o, ha confirmado su presentaci\u00f3n estelar en el prestigioso Auditorio Nacional de la Ciudad de M\u00e9xico. La cita est\u00e1 programada para el mi\u00e9rcoles 29 de mayo a las 20:30 horas, ofreciendo a sus fans una experiencia \u00fanica en la ic\u00f3nica sala de conciertos ubicada en Paseo de la Reforma. Boletos a la venta en [&hellip;]<\/p>\n","protected":false},"author":1,"featured_media":55604,"comment_status":"closed","ping_status":"closed","sticky":false,"template":"","format":"standard","meta":{"footnotes":""},"categories":[9,11],"tags":[],"_links":{"self":[{"href":"https:\/\/www.bitacoracdmx.com\/index.php?rest_route=\/wp\/v2\/posts\/55603"}],"collection":[{"href":"https:\/\/www.bitacoracdmx.com\/index.php?rest_route=\/wp\/v2\/posts"}],"about":[{"href":"https:\/\/www.bitacoracdmx.com\/index.php?rest_route=\/wp\/v2\/types\/post"}],"author":[{"embeddable":true,"href":"https:\/\/www.bitacoracdmx.com\/index.php?rest_route=\/wp\/v2\/users\/1"}],"replies":[{"embeddable":true,"href":"https:\/\/www.bitacoracdmx.com\/index.php?rest_route=%2Fwp%2Fv2%2Fcomments&post=55603"}],"version-history":[{"count":1,"href":"https:\/\/www.bitacoracdmx.com\/index.php?rest_route=\/wp\/v2\/posts\/55603\/revisions"}],"predecessor-version":[{"id":55605,"href":"https:\/\/www.bitacoracdmx.com\/index.php?rest_route=\/wp\/v2\/posts\/55603\/revisions\/55605"}],"wp:featuredmedia":[{"embeddable":true,"href":"https:\/\/www.bitacoracdmx.com\/index.php?rest_route=\/wp\/v2\/media\/55604"}],"wp:attachment":[{"href":"https:\/\/www.bitacoracdmx.com\/index.php?rest_route=%2Fwp%2Fv2%2Fmedia&parent=55603"}],"wp:term":[{"taxonomy":"category","embeddable":true,"href":"https:\/\/www.bitacoracdmx.com\/index.php?rest_route=%2Fwp%2Fv2%2Fcategories&post=55603"},{"taxonomy":"post_tag","embeddable":true,"href":"https:\/\/www.bitacoracdmx.com\/index.php?rest_route=%2Fwp%2Fv2%2Ftags&post=55603"}],"curies":[{"name":"wp","href":"https:\/\/api.w.org\/{rel}","templated":true}]}}