{"id":55615,"date":"2024-03-08T06:55:41","date_gmt":"2024-03-08T06:55:41","guid":{"rendered":"https:\/\/www.bitacoracdmx.com\/?p=55615"},"modified":"2024-03-08T06:55:43","modified_gmt":"2024-03-08T06:55:43","slug":"rendiran-impresionante-homenaje-sinfonico-a-hector-lavoe-en-el-auditorio-nacional","status":"publish","type":"post","link":"https:\/\/www.bitacoracdmx.com\/?p=55615","title":{"rendered":"Rendir\u00e1n impresionante HOMENAJE SINF\u00d3NICO a HECTOR LAVOE en el AUDITORIO NACIONAL"},"content":{"rendered":"\n<p>REDACCI\u00d3N<\/p>\n\n\n\n<p><em>*Se presenta este Mi\u00e9rcoles 20 de Marzo en punto de las ocho y media de la noche en el Auditorio Nacional de la Ciudad de M\u00e9xico<\/em><\/p>\n\n\n\n<p><em>*Boletos disponibles a la venta en el Sistema Ticketmaster y en taquillas del inmueble<\/em><\/p>\n\n\n\n<p>\u201cLavoe Sinf\u00f3nico\u201d, el tributo musical sinf\u00f3nico que el venezolano Joseph Amado presentar\u00e1 al lado de algunos de los integrantes originales de la Orquesta de H\u00e9ctor Lavoe se presentar\u00e1 con toda fuerza este Mi\u00e9rcoles 20 de Marzo en punto de las ocho y media de la noche en el Auditorio Nacional de la Ciudad de M\u00e9xico. Boletos disponibles a la venta en el Sistema Ticketmaster y en taquillas del inmueble. Esta obra musical \u201cLavoe Sinf\u00f3nico\u201d es un tributo de alto nivel para recordar al \u201ccantante de cantantes\u201d.<\/p>\n\n\n\n<p>De este modo, el pr\u00f3ximo mi\u00e9rcoles 20 de marzo, el Auditorio Nacional de la Ciudad de M\u00e9xico ser\u00e1 testigo de un evento sin precedentes -al menos en M\u00e9xico- en el mundo de la salsa. Joseph Amado, el destacado cantante venezolano hace de esto un homenaje \u00fanico que contar\u00e1 con la participaci\u00f3n de m\u00fasicos originales de la hist\u00f3rica Orquesta de H\u00e9ctor Lavoe y una impresionante orquesta sinf\u00f3nica que dejar\u00e1 helados a los asistentes por el gran show que est\u00e1n preparando.<\/p>\n\n\n\n<p>Este tributo musical de alto calibre no solo se destaca por la presencia de la Lavoe Orchestra, integrada por talentosos m\u00fasicos y exmiembros de la legendaria Fania All Stars, sino tambi\u00e9n por la voz inconfundible de Joseph Amado, cuyo timbre ha sido comparado con el del inolvidable salsero y bolerista puertorrique\u00f1o H\u00e9ctor Lavoe.<\/p>\n\n\n\n<p>El concierto, que dar\u00e1 inicio a las ocho y media de la noche, promete transportar al p\u00fablico a trav\u00e9s de los \u00e9xitos m\u00e1s emblem\u00e1ticos de Lavoe, tales como &#8220;El Cantante&#8221;, &#8220;Peri\u00f3dico de Ayer&#8221; y &#8220;Aguanile&#8221;, pero con un toque sinf\u00f3nico que resalta la grandeza de su m\u00fasica. Los boletos ya est\u00e1n disponibles en el Sistema Ticketmaster y en las taquillas del Auditorio Nacional.<\/p>\n\n\n\n<p>Joseph Amado, considerado uno de los relevos m\u00e1s destacados del movimiento salsero a nivel mundial, ha dedicado su carrera a interpretar las canciones de H\u00e9ctor Lavoe, cautivando a audiencias con su talento y pasi\u00f3n. La Lavoe Orchestra, por su parte, est\u00e1 compuesta por m\u00fasicos que fueron parte de la banda de Lavoe durante la \u00e9poca dorada de los a\u00f1os setenta.<\/p>\n\n\n\n<p>El venezolano, adem\u00e1s de su exitosa carrera en La Dimensi\u00f3n Latina, ha recibido elogios de destacadas figuras de la salsa como Larry Harlow, Luigi Texidor, El Gran Combo de Puerto Rico, Jos\u00e9 Alberto &#8220;El Canario&#8221;, Oscar de Le\u00f3n y Eddie Montalvo. Su voz, comparable con la del propio Lavoe, lo convierte en el int\u00e9rprete ideal para este homenaje \u00fanico.<\/p>\n\n\n\n<p>Joseph Amado no solo ser\u00e1 el vocalista principal de la Lavoe Orchestra, sino que tambi\u00e9n asumir\u00e1 la responsabilidad de la producci\u00f3n art\u00edstica de la agrupaci\u00f3n. La confirmaci\u00f3n de su participaci\u00f3n lleg\u00f3 a trav\u00e9s de una llamada telef\u00f3nica del conguero Eddie Montalvo, un integrante original de la Orquesta de H\u00e9ctor Lavoe.<\/p>\n\n\n\n<p>Su trayectoria incluye participaci\u00f3n en el reality show &#8220;Buscando Una Estrella&#8221; en Venezuela, donde se destac\u00f3 como el favorito del p\u00fablico. Asimismo, Amado ha dejado huella en festivales de salsa en M\u00e9xico, siendo el primer venezolano en grabar un video en los estudios de Latin Percussion en homenaje a H\u00e9ctor Lavoe, y el \u00fanico invitado internacional en la inauguraci\u00f3n del primer Museo de la Salsa en Puerto Rico.<\/p>\n\n\n\n<p>Adem\u00e1s, Joseph Amado es el creador, productor e int\u00e9rprete del primer y \u00fanico homenaje sinf\u00f3nico a H\u00e9ctor Lavoe, titulado &#8220;Lavoe Sinf\u00f3nico&#8221;. Este espect\u00e1culo, estrenado en 2016 en Caracas, Venezuela, cont\u00f3 con la participaci\u00f3n de 300 personas en escena, incluyendo m\u00fasicos sinf\u00f3nicos, bailarines y la interpretaci\u00f3n magistral de Amado.<\/p>\n\n\n\n<p>Este homenaje sinf\u00f3nico representa un tributo lleno de luz, respeto y majestuosidad al recordado jibarito de Ponce, H\u00e9ctor Lavoe. La presentaci\u00f3n en el Auditorio Nacional este Mi\u00e9rcoles 20 de Marzo en punto de las ocho y media de la noche se vislumbra como un hito en la historia de la salsa, con la promesa de ofrecer una experiencia \u00fanica e inolvidable para todos los amantes de la m\u00fasica latina.<\/p>\n\n\n\n<p><a href=\"https:\/\/www.facebook.com\/hashtag\/hectorlavoe?__eep__=6&amp;__cft__[0]=AZVhumJlwGk4GRbYp5KTbIhgv00-Nm7HpZf2Uo3YqjGMU3Weim9LCnUWFEDGnJsBqlI0Q40lm7RVruN7HyWrTYsPYiN1hEasFg7btH5Tt4JBGnGmW7Ebs5yjt-q2eWgcBA9leUxQ4BM1yVQZnacC2OZx&amp;__tn__=*NK-R\">#hectorlavoe<\/a><a href=\"https:\/\/www.facebook.com\/hashtag\/auditorionacional?__eep__=6&amp;__cft__[0]=AZVhumJlwGk4GRbYp5KTbIhgv00-Nm7HpZf2Uo3YqjGMU3Weim9LCnUWFEDGnJsBqlI0Q40lm7RVruN7HyWrTYsPYiN1hEasFg7btH5Tt4JBGnGmW7Ebs5yjt-q2eWgcBA9leUxQ4BM1yVQZnacC2OZx&amp;__tn__=*NK-R\">#AuditorioNacional<\/a><a href=\"https:\/\/www.facebook.com\/hashtag\/ticketmaster?__eep__=6&amp;__cft__[0]=AZVhumJlwGk4GRbYp5KTbIhgv00-Nm7HpZf2Uo3YqjGMU3Weim9LCnUWFEDGnJsBqlI0Q40lm7RVruN7HyWrTYsPYiN1hEasFg7btH5Tt4JBGnGmW7Ebs5yjt-q2eWgcBA9leUxQ4BM1yVQZnacC2OZx&amp;__tn__=*NK-R\">#ticketmaster<\/a><a href=\"https:\/\/www.facebook.com\/hashtag\/bitacoracdmx?__eep__=6&amp;__cft__[0]=AZVhumJlwGk4GRbYp5KTbIhgv00-Nm7HpZf2Uo3YqjGMU3Weim9LCnUWFEDGnJsBqlI0Q40lm7RVruN7HyWrTYsPYiN1hEasFg7btH5Tt4JBGnGmW7Ebs5yjt-q2eWgcBA9leUxQ4BM1yVQZnacC2OZx&amp;__tn__=*NK-R\">#bitacoracdmx<\/a><\/p>\n","protected":false},"excerpt":{"rendered":"<p>REDACCI\u00d3N *Se presenta este Mi\u00e9rcoles 20 de Marzo en punto de las ocho y media de la noche en el Auditorio Nacional de la Ciudad de M\u00e9xico *Boletos disponibles a la venta en el Sistema Ticketmaster y en taquillas del inmueble \u201cLavoe Sinf\u00f3nico\u201d, el tributo musical sinf\u00f3nico que el venezolano Joseph Amado presentar\u00e1 al lado de algunos de los integrantes originales de la Orquesta de H\u00e9ctor Lavoe se presentar\u00e1 con toda fuerza este Mi\u00e9rcoles 20 de Marzo en punto de las ocho y media de la noche en el Auditorio Nacional de la Ciudad de M\u00e9xico. Boletos disponibles a la [&hellip;]<\/p>\n","protected":false},"author":1,"featured_media":55617,"comment_status":"closed","ping_status":"closed","sticky":false,"template":"","format":"standard","meta":{"footnotes":""},"categories":[9,11],"tags":[],"_links":{"self":[{"href":"https:\/\/www.bitacoracdmx.com\/index.php?rest_route=\/wp\/v2\/posts\/55615"}],"collection":[{"href":"https:\/\/www.bitacoracdmx.com\/index.php?rest_route=\/wp\/v2\/posts"}],"about":[{"href":"https:\/\/www.bitacoracdmx.com\/index.php?rest_route=\/wp\/v2\/types\/post"}],"author":[{"embeddable":true,"href":"https:\/\/www.bitacoracdmx.com\/index.php?rest_route=\/wp\/v2\/users\/1"}],"replies":[{"embeddable":true,"href":"https:\/\/www.bitacoracdmx.com\/index.php?rest_route=%2Fwp%2Fv2%2Fcomments&post=55615"}],"version-history":[{"count":1,"href":"https:\/\/www.bitacoracdmx.com\/index.php?rest_route=\/wp\/v2\/posts\/55615\/revisions"}],"predecessor-version":[{"id":55618,"href":"https:\/\/www.bitacoracdmx.com\/index.php?rest_route=\/wp\/v2\/posts\/55615\/revisions\/55618"}],"wp:featuredmedia":[{"embeddable":true,"href":"https:\/\/www.bitacoracdmx.com\/index.php?rest_route=\/wp\/v2\/media\/55617"}],"wp:attachment":[{"href":"https:\/\/www.bitacoracdmx.com\/index.php?rest_route=%2Fwp%2Fv2%2Fmedia&parent=55615"}],"wp:term":[{"taxonomy":"category","embeddable":true,"href":"https:\/\/www.bitacoracdmx.com\/index.php?rest_route=%2Fwp%2Fv2%2Fcategories&post=55615"},{"taxonomy":"post_tag","embeddable":true,"href":"https:\/\/www.bitacoracdmx.com\/index.php?rest_route=%2Fwp%2Fv2%2Ftags&post=55615"}],"curies":[{"name":"wp","href":"https:\/\/api.w.org\/{rel}","templated":true}]}}