{"id":55628,"date":"2024-03-09T18:57:58","date_gmt":"2024-03-09T18:57:58","guid":{"rendered":"https:\/\/www.bitacoracdmx.com\/?p=55628"},"modified":"2024-03-09T18:58:00","modified_gmt":"2024-03-09T18:58:00","slug":"yo-luche-contra-una-ballena-en-las-cataratas-del-niagara-un-monologo-que-evoca-a-la-vida-mientras-reflexiona-sobre-la-ausencia","status":"publish","type":"post","link":"https:\/\/www.bitacoracdmx.com\/?p=55628","title":{"rendered":"Yo luch\u00e9 contra una ballena en las cataratas del Ni\u00e1gara, un mon\u00f3logo que evoca a la vida mientras reflexiona sobre la ausencia"},"content":{"rendered":"\n<p>REDACCI\u00d3N<\/p>\n\n\n\n<ul>\n<li>Texto ganador del Sexto Premio Independiente de Joven Dramaturgia 2018, otorgado por Ediciones TeatroSinParedes<\/li>\n\n\n\n<li>La obra aborda la sensibilidad y la vulnerabilidad humana<\/li>\n\n\n\n<li>Del 18 de marzo al 23 de abril el unipersonal de Ana V\u00e9rtiz, bajo la direcci\u00f3n de Manuel Cruz Vivas, se presentar\u00e1 en el Foro La Gruta<\/li>\n<\/ul>\n\n\n\n<p><em>Caer no es lo mismo que dejarse caer<\/em><\/p>\n\n\n\n<p>Una puesta en escena que en palabras de sus productores propone: \u201cdolerse y curarse en comunidad\u201d llega al Foro La Gruta del Centro Cultural Hel\u00e9nico con:&nbsp;<em>Yo luch\u00e9 contra una ballena en las cataratas del Ni\u00e1gara<\/em>. Un mon\u00f3logo de Ana V\u00e9rtiz, bajo la direcci\u00f3n de Manuel Cruz Vivas, con la actuaci\u00f3n de Bel\u00e9n Mercado. Tendr\u00e1 una breve temporada del 18 de marzo al 23 de abril.<br><br>Texto que en 2018 gan\u00f3 la sexta edici\u00f3n de la convocatoria Premio Independiente de Joven Dramaturgia (PIJD) \u2014reconocimiento concedido por TeatroSinParedes, colectivo beneficiario del programa M\u00e9xico en Escena\u2014, el cual relata la historia del artista holand\u00e9s Bas Jan Ader quien, en 1975, como parte de su pieza titulada&nbsp;<em>In search of the miraculous<\/em>, se adentr\u00f3 al oc\u00e9ano atl\u00e1ntico para cruzarlo sin \u00e9xito; encontr\u00e1ndose tiempo despu\u00e9s la balsa que lo acompa\u00f1aba en la traves\u00eda\u2026 La compa\u00f1\u00eda toma como punto de partida este suceso para hablar de la amistad, el duelo y la salud mental.<br><br>El montaje, de acuerdo con sus creadores, se funda en la necesidad de visibilizar los procesos emocionales que tienen que ver con la depresi\u00f3n, el duelo y el suicidio, para disuadir prejuicios y presentar alternativas, como el acompa\u00f1amiento amoroso y respetuoso para la salud de las personas.<br><br>El equipo creativo lo conforman: Ana V\u00e9rtiz como dramaturga; Manuel Cruz Vivas en la direcci\u00f3n; Gabriela Catal\u00e1n en la producci\u00f3n; Alejandra Escobedo en el dise\u00f1o de escenograf\u00eda; Karla Bleu en el dise\u00f1o de iluminaci\u00f3n, Sergio Mir\u00f3n en el vestuario; Mauricio Rico en el montaje de coreograf\u00eda; Lau Charles en la realizaci\u00f3n de video documental; Daniel Primo en el dise\u00f1o y programaci\u00f3n del dispositivo de videoproyecci\u00f3n; Luis Arturo Rodr\u00edguez en la voz, as\u00ed como Lau Charles y Daniel Primo en el dise\u00f1o y la realizaci\u00f3n de video.<\/p>\n\n\n\n<p>Reiteramos que\u00a0<strong><em>Yo luch\u00e9 contra una ballena en las cataratas del Ni\u00e1gara\u00a0<\/em>se presentar\u00e1 los lunes y martes a las 20:00 horas, del 18 de marzo al 23 de abril en el Foro La Gruta.<\/strong><strong>El costo del boleto es de $260<\/strong>.\u00a0<strong>Actualmente hay una preventa del 30% de descuento v\u00e1lida hasta el 17 de marzo<\/strong>. Las localidades pueden adquirirse en la taquilla del Centro Cultural Hel\u00e9nico, ubicado en avenida Revoluci\u00f3n 1500, as\u00ed como en la p\u00e1gina de internet:\u00a0<strong>helenico.gob.mx.<\/strong><br><br>Para m\u00e1s informaci\u00f3n, tambi\u00e9n se puede visitar el sitio:\u00a0<strong>mexicoescultura.com<\/strong>.<\/p>\n\n\n\n<p><a href=\"https:\/\/www.facebook.com\/hashtag\/yoluchecontraunaballenaenlascataratasdelniagara?__eep__=6&amp;__cft__[0]=AZWh1hhv1F0OsZ23sV2m3JQN3seAvDcE36tdExVg-8JjrW_GypPJKxKAJxXs5O6TrCvhCuz6KYmOw4yutWaWp-_1bE-oezNtJJJUuwnolCAkHXnhPFpN7S7QZgU8op45ObjR4E6okHhwXE7a7WWGyq6z&amp;__tn__=*NK-R\">#yoluchecontraunaballenaenlascataratasdelniagara<\/a><\/p>\n\n\n\n<p><a href=\"https:\/\/www.facebook.com\/hashtag\/forolagruta?__eep__=6&amp;__cft__[0]=AZWh1hhv1F0OsZ23sV2m3JQN3seAvDcE36tdExVg-8JjrW_GypPJKxKAJxXs5O6TrCvhCuz6KYmOw4yutWaWp-_1bE-oezNtJJJUuwnolCAkHXnhPFpN7S7QZgU8op45ObjR4E6okHhwXE7a7WWGyq6z&amp;__tn__=*NK-R\">#ForoLaGruta<\/a><\/p>\n\n\n\n<p><a href=\"https:\/\/www.facebook.com\/hashtag\/centroculturalhelenico?__eep__=6&amp;__cft__[0]=AZWh1hhv1F0OsZ23sV2m3JQN3seAvDcE36tdExVg-8JjrW_GypPJKxKAJxXs5O6TrCvhCuz6KYmOw4yutWaWp-_1bE-oezNtJJJUuwnolCAkHXnhPFpN7S7QZgU8op45ObjR4E6okHhwXE7a7WWGyq6z&amp;__tn__=*NK-R\">#centroculturalhelenico<\/a><\/p>\n\n\n\n<p><a href=\"https:\/\/www.facebook.com\/hashtag\/bitacoracdmx?__eep__=6&amp;__cft__[0]=AZWh1hhv1F0OsZ23sV2m3JQN3seAvDcE36tdExVg-8JjrW_GypPJKxKAJxXs5O6TrCvhCuz6KYmOw4yutWaWp-_1bE-oezNtJJJUuwnolCAkHXnhPFpN7S7QZgU8op45ObjR4E6okHhwXE7a7WWGyq6z&amp;__tn__=*NK-R\">#bitacoracdmx<\/a><\/p>\n","protected":false},"excerpt":{"rendered":"<p>REDACCI\u00d3N Caer no es lo mismo que dejarse caer Una puesta en escena que en palabras de sus productores propone: \u201cdolerse y curarse en comunidad\u201d llega al Foro La Gruta del Centro Cultural Hel\u00e9nico con:&nbsp;Yo luch\u00e9 contra una ballena en las cataratas del Ni\u00e1gara. Un mon\u00f3logo de Ana V\u00e9rtiz, bajo la direcci\u00f3n de Manuel Cruz Vivas, con la actuaci\u00f3n de Bel\u00e9n Mercado. Tendr\u00e1 una breve temporada del 18 de marzo al 23 de abril. Texto que en 2018 gan\u00f3 la sexta edici\u00f3n de la convocatoria Premio Independiente de Joven Dramaturgia (PIJD) \u2014reconocimiento concedido por TeatroSinParedes, colectivo beneficiario del programa M\u00e9xico [&hellip;]<\/p>\n","protected":false},"author":1,"featured_media":55629,"comment_status":"closed","ping_status":"closed","sticky":false,"template":"","format":"standard","meta":{"footnotes":""},"categories":[9,14],"tags":[],"_links":{"self":[{"href":"https:\/\/www.bitacoracdmx.com\/index.php?rest_route=\/wp\/v2\/posts\/55628"}],"collection":[{"href":"https:\/\/www.bitacoracdmx.com\/index.php?rest_route=\/wp\/v2\/posts"}],"about":[{"href":"https:\/\/www.bitacoracdmx.com\/index.php?rest_route=\/wp\/v2\/types\/post"}],"author":[{"embeddable":true,"href":"https:\/\/www.bitacoracdmx.com\/index.php?rest_route=\/wp\/v2\/users\/1"}],"replies":[{"embeddable":true,"href":"https:\/\/www.bitacoracdmx.com\/index.php?rest_route=%2Fwp%2Fv2%2Fcomments&post=55628"}],"version-history":[{"count":1,"href":"https:\/\/www.bitacoracdmx.com\/index.php?rest_route=\/wp\/v2\/posts\/55628\/revisions"}],"predecessor-version":[{"id":55630,"href":"https:\/\/www.bitacoracdmx.com\/index.php?rest_route=\/wp\/v2\/posts\/55628\/revisions\/55630"}],"wp:featuredmedia":[{"embeddable":true,"href":"https:\/\/www.bitacoracdmx.com\/index.php?rest_route=\/wp\/v2\/media\/55629"}],"wp:attachment":[{"href":"https:\/\/www.bitacoracdmx.com\/index.php?rest_route=%2Fwp%2Fv2%2Fmedia&parent=55628"}],"wp:term":[{"taxonomy":"category","embeddable":true,"href":"https:\/\/www.bitacoracdmx.com\/index.php?rest_route=%2Fwp%2Fv2%2Fcategories&post=55628"},{"taxonomy":"post_tag","embeddable":true,"href":"https:\/\/www.bitacoracdmx.com\/index.php?rest_route=%2Fwp%2Fv2%2Ftags&post=55628"}],"curies":[{"name":"wp","href":"https:\/\/api.w.org\/{rel}","templated":true}]}}