{"id":55634,"date":"2024-03-10T04:45:13","date_gmt":"2024-03-10T04:45:13","guid":{"rendered":"https:\/\/www.bitacoracdmx.com\/?p=55634"},"modified":"2024-03-10T04:45:16","modified_gmt":"2024-03-10T04:45:16","slug":"gabriel-almeida-presenta-tan-cortez-como-serrat","status":"publish","type":"post","link":"https:\/\/www.bitacoracdmx.com\/?p=55634","title":{"rendered":"Gabriel Almeida presenta Tan Cort\u00e9z como Serrat"},"content":{"rendered":"\n<p>REDACCI\u00d3N<\/p>\n\n\n\n<p>Dos entra\u00f1ables amigos, el argentino&nbsp;<strong>Alberto Cort\u00e9z<\/strong>&nbsp;y el espa\u00f1ol&nbsp;<strong>Joan Manuel Serrat<\/strong>, vuelven a encontrarse en&nbsp;<strong>Lo de In\u00e9s<\/strong>, con canciones&nbsp; suyas interpretadas por el cantautor y guitarrista&nbsp;<strong>GABRIEL ALMEIDA<\/strong>, acompa\u00f1ado por su banda&nbsp;<strong>Los Mopets<\/strong>&nbsp;en el espect\u00e1culo musical&nbsp;<strong>TAN CORT\u00c9Z COMO SERRAT<\/strong>.<\/p>\n\n\n\n<p><strong>Gabriel Almeida<\/strong>\u00a0es reconocido por su calidad humana. Cercano y amable, siempre ha sabido agradecer el apoyo de su p\u00fablico y mantener una conexi\u00f3n especial con quienes lo siguen en cada presentaci\u00f3n. Su autenticidad y cari\u00f1o hacia su p\u00fablico se reflejan en cada una de sus interpretaciones y esa esencia tan genuina ha sido clave para conquistar corazones en todas partes.<\/p>\n\n\n\n<p>El pr\u00f3ximo 9 de marzo ser\u00e1 una fecha que sin duda quedar\u00e1 grabada en la memoria de los mel\u00f3manos y amantes de la poes\u00eda musical, ya que&nbsp;<strong>Gabriel Almeida&nbsp;<\/strong>y su grupo<strong>&nbsp;Los Mopets,<\/strong>&nbsp;prometen deleitar al p\u00fablico con su arte \u00fanico y cautivador. En esta ocasi\u00f3n especial,&nbsp;<strong>Almeida<\/strong>&nbsp;ha preparado un emotivo recital en el que interpretar\u00e1 canciones de la autor\u00eda de dos de las m\u00e1s grandes figuras de la historia de la m\u00fasica cantada en espa\u00f1ol,&nbsp;<strong>Alberto Cort\u00e9z<\/strong>&nbsp;y&nbsp;<strong>Joan Manuel Serrat<\/strong>, mostrando su talento para hacer suyas melod\u00edas que tocan el alma. Cada verso, cada acorde, ser\u00e1 una invitaci\u00f3n a un viaje por los sentimientos m\u00e1s profundos y nos llevar\u00e1 a vivir experiencias llenas de recuerdos.<\/p>\n\n\n\n<p><strong>Tan Cort\u00e9z Como Serrat<\/strong>\u00a0es un extraordinario recital que se presentar\u00e1 el pr\u00f3ximo 9 de marzo a las 21 hrs. en\u00a0<strong>Lo de In\u00e9s\u2013Caf\u00e9 Concert,<\/strong>\u00a0ubicado en el Primer piso del Restaurante Quebracho, Hamburgo 313 Col. Ju\u00e1rez, Alcald\u00eda Cuauht\u00e9moc, Ciudad de M\u00e9xico.\u00a0El espect\u00e1culo inicia a las 22:15 hrs y culmina cerca de las 23:30 hrs.\u00a0 Posteriormente se abre un espacio para una bohemia en la que que quien guste puede participar, declamando, cantando o actuando.<\/p>\n\n\n\n<p><a href=\"https:\/\/www.facebook.com\/hashtag\/tancortezcomoserrat?__eep__=6&amp;__cft__[0]=AZVjTvmFR_464H4UgOekkmu5aIiers7pLHZJARFpl_lMyujFeREkSAj0W3A_yIoq8KymlPYyzeG3cD38rUvqNx052EnlmVI64uawECv1ztyMrKrI-j_r-inogZnx3ryjLsnphWKVM3-bkYb-WQVLfg3t&amp;__tn__=*NK-R\">#tancortezcomoserrat<\/a><\/p>\n\n\n\n<p><a href=\"https:\/\/www.facebook.com\/hashtag\/gabrielalmeida?__eep__=6&amp;__cft__[0]=AZVjTvmFR_464H4UgOekkmu5aIiers7pLHZJARFpl_lMyujFeREkSAj0W3A_yIoq8KymlPYyzeG3cD38rUvqNx052EnlmVI64uawECv1ztyMrKrI-j_r-inogZnx3ryjLsnphWKVM3-bkYb-WQVLfg3t&amp;__tn__=*NK-R\">#GabrielAlmeida<\/a><\/p>\n\n\n\n<p><a href=\"https:\/\/www.facebook.com\/hashtag\/cafeconcert?__eep__=6&amp;__cft__[0]=AZVjTvmFR_464H4UgOekkmu5aIiers7pLHZJARFpl_lMyujFeREkSAj0W3A_yIoq8KymlPYyzeG3cD38rUvqNx052EnlmVI64uawECv1ztyMrKrI-j_r-inogZnx3ryjLsnphWKVM3-bkYb-WQVLfg3t&amp;__tn__=*NK-R\">#cafeconcert<\/a><\/p>\n\n\n\n<p><a href=\"https:\/\/www.facebook.com\/hashtag\/bitacoracdmx?__eep__=6&amp;__cft__[0]=AZVjTvmFR_464H4UgOekkmu5aIiers7pLHZJARFpl_lMyujFeREkSAj0W3A_yIoq8KymlPYyzeG3cD38rUvqNx052EnlmVI64uawECv1ztyMrKrI-j_r-inogZnx3ryjLsnphWKVM3-bkYb-WQVLfg3t&amp;__tn__=*NK-R\">#bitacoracdmx<\/a><\/p>\n","protected":false},"excerpt":{"rendered":"<p>REDACCI\u00d3N Dos entra\u00f1ables amigos, el argentino&nbsp;Alberto Cort\u00e9z&nbsp;y el espa\u00f1ol&nbsp;Joan Manuel Serrat, vuelven a encontrarse en&nbsp;Lo de In\u00e9s, con canciones&nbsp; suyas interpretadas por el cantautor y guitarrista&nbsp;GABRIEL ALMEIDA, acompa\u00f1ado por su banda&nbsp;Los Mopets&nbsp;en el espect\u00e1culo musical&nbsp;TAN CORT\u00c9Z COMO SERRAT. Gabriel Almeida\u00a0es reconocido por su calidad humana. Cercano y amable, siempre ha sabido agradecer el apoyo de su p\u00fablico y mantener una conexi\u00f3n especial con quienes lo siguen en cada presentaci\u00f3n. Su autenticidad y cari\u00f1o hacia su p\u00fablico se reflejan en cada una de sus interpretaciones y esa esencia tan genuina ha sido clave para conquistar corazones en todas partes. El pr\u00f3ximo [&hellip;]<\/p>\n","protected":false},"author":1,"featured_media":55635,"comment_status":"closed","ping_status":"closed","sticky":false,"template":"","format":"standard","meta":{"footnotes":""},"categories":[9,11],"tags":[],"_links":{"self":[{"href":"https:\/\/www.bitacoracdmx.com\/index.php?rest_route=\/wp\/v2\/posts\/55634"}],"collection":[{"href":"https:\/\/www.bitacoracdmx.com\/index.php?rest_route=\/wp\/v2\/posts"}],"about":[{"href":"https:\/\/www.bitacoracdmx.com\/index.php?rest_route=\/wp\/v2\/types\/post"}],"author":[{"embeddable":true,"href":"https:\/\/www.bitacoracdmx.com\/index.php?rest_route=\/wp\/v2\/users\/1"}],"replies":[{"embeddable":true,"href":"https:\/\/www.bitacoracdmx.com\/index.php?rest_route=%2Fwp%2Fv2%2Fcomments&post=55634"}],"version-history":[{"count":1,"href":"https:\/\/www.bitacoracdmx.com\/index.php?rest_route=\/wp\/v2\/posts\/55634\/revisions"}],"predecessor-version":[{"id":55636,"href":"https:\/\/www.bitacoracdmx.com\/index.php?rest_route=\/wp\/v2\/posts\/55634\/revisions\/55636"}],"wp:featuredmedia":[{"embeddable":true,"href":"https:\/\/www.bitacoracdmx.com\/index.php?rest_route=\/wp\/v2\/media\/55635"}],"wp:attachment":[{"href":"https:\/\/www.bitacoracdmx.com\/index.php?rest_route=%2Fwp%2Fv2%2Fmedia&parent=55634"}],"wp:term":[{"taxonomy":"category","embeddable":true,"href":"https:\/\/www.bitacoracdmx.com\/index.php?rest_route=%2Fwp%2Fv2%2Fcategories&post=55634"},{"taxonomy":"post_tag","embeddable":true,"href":"https:\/\/www.bitacoracdmx.com\/index.php?rest_route=%2Fwp%2Fv2%2Ftags&post=55634"}],"curies":[{"name":"wp","href":"https:\/\/api.w.org\/{rel}","templated":true}]}}