{"id":55637,"date":"2024-03-10T04:56:16","date_gmt":"2024-03-10T04:56:16","guid":{"rendered":"https:\/\/www.bitacoracdmx.com\/?p=55637"},"modified":"2024-03-10T04:56:18","modified_gmt":"2024-03-10T04:56:18","slug":"nando-agueros-presenta-su-nuevo-album-el-mismo-que-viste-y-canta-en-mexico-2","status":"publish","type":"post","link":"https:\/\/www.bitacoracdmx.com\/?p=55637","title":{"rendered":"NANDO AG\u00dcEROS presenta su nuevo \u00e1lbum &#8220;EL MISMO QUE VISTE Y CANTA&#8221; en M\u00c9XICO"},"content":{"rendered":"\n<p>REDACCI\u00d3N<\/p>\n\n\n\n<p>El reconocido cantante y compositor c\u00e1ntabro, Nando Ag\u00fceros, da un paso m\u00e1s en su prol\u00edfica carrera musical con el lanzamiento de su nuevo disco &#8220;El mismo que viste y canta&#8221;. Producido por David San Jos\u00e9, el \u00e1lbum incluye once nuevas composiciones que exploran diversos g\u00e9neros y tem\u00e1ticas, demostrando una vez m\u00e1s la versatilidad art\u00edstica del talentoso m\u00fasico.<\/p>\n\n\n\n<p>En este nuevo trabajo, Ag\u00fceros aborda cuestiones sociales en canciones como &#8220;\u00bfDonde estabas t\u00fa?&#8221;, &#8220;El gringo mexicano&#8221;, &#8220;El recuerdo olvidado&#8221;, y &#8220;Cuando acechan las sombras&#8221;. Asimismo, se sumerge en aspectos m\u00e1s personales con temas como &#8220;El mismo que viste y canta&#8221;, &#8220;Si pudiera volver&#8221;, &#8220;Ra\u00edces&#8221;, y &#8220;Vienes del amanecer&#8221;. Destacando el \u00e1lbum, se encuentra una nueva versi\u00f3n de su ic\u00f3nico tema &#8220;Viento del Norte&#8221;, en colaboraci\u00f3n con el aclamado violinista Ara Malikian.<\/p>\n\n\n\n<p>Nando Ag\u00fceros, nacido en Torrelavega, Espa\u00f1a, en 1976, ha construido una carrera s\u00f3lida y diversa. Desde sus inicios a los 15 a\u00f1os, ha evolucionado hacia un autor polifac\u00e9tico con una distintiva personalidad art\u00edstica. Su destacada composici\u00f3n &#8220;Viento del Norte&#8221; ha sido un gran \u00e9xito, consolid\u00e1ndolo como uno de los artistas con mayor proyecci\u00f3n en la escena musical actual.<\/p>\n\n\n\n<p>A lo largo de su carrera, Ag\u00fceros ha colaborado con renombrados artistas como V\u00edctor Manuel, Pasi\u00f3n Vega, Diana Navarro, Bustamante, y Sofia Ellar, entre otros. Su m\u00fasica ha trascendido fronteras con giras internacionales en M\u00e9xico, Argentina, Chile, Cuba, Estados Unidos y Suiza, adem\u00e1s de m\u00faltiples actuaciones en diversas ciudades espa\u00f1olas.<\/p>\n\n\n\n<p>El lanzamiento de &#8220;El mismo que viste y canta&#8221; est\u00e1 programado para principios de 2024, acompa\u00f1ado de una gira nacional que llevar\u00e1 a Nando Ag\u00fceros a importantes escenarios en Espa\u00f1a. Con doce \u00e1lbumes en su trayectoria, Ag\u00fceros ha recibido numerosos premios y reconocimientos, destacando su \u00faltimo disco &#8220;Somos tierra&#8221; lanzado en diciembre de 2021.<\/p>\n\n\n\n<p>Adem\u00e1s, cabe resaltar las m\u00faltiples distinciones y premios que ha recibido a lo largo de los a\u00f1os, como el &#8220;Premio nacional Tino Casal a la mejor canci\u00f3n por su tema \u201cViento del Norte\u201d en 2017, el &#8220;Premio especial c\u00e1mara de comercio de Torrelavega&#8221; en 2022, y el &#8220;Visitante distinguido en Miami Dade \u2013 Gran fiesta de la Hispanidad&#8221; en 2016, entre otros.<\/p>\n\n\n\n<p>Para m\u00e1s informaci\u00f3n sobre Nando Ag\u00fceros y su nueva producci\u00f3n, as\u00ed como para la compra de entradas para sus conciertos, visite su sitio web oficial:\u00a0<a href=\"http:\/\/www.nandoagueros.com\/\" target=\"_blank\" rel=\"noreferrer noopener\">www.nandoagueros.com<\/a><\/p>\n\n\n\n<p><a href=\"https:\/\/www.facebook.com\/hashtag\/nandoagueros?__eep__=6&amp;__cft__[0]=AZU-OL5eLHvvuFs-aehnrlZcidwAIu4qJk6r8t9bgraQ5QU5484Lb24MZV0bk4aU0BL2MBpZbtI6EfRtnHnCG2HSN4T8oR4p5fWt9CF7epktgmEMTyeG2Di_7od1FXWXBTYBM_MiygLM3HZPcEf1zXCf&amp;__tn__=*NK-R\">#nandoagueros<\/a><\/p>\n\n\n\n<p><a href=\"https:\/\/www.facebook.com\/hashtag\/elmismoquevisteycanta?__eep__=6&amp;__cft__[0]=AZU-OL5eLHvvuFs-aehnrlZcidwAIu4qJk6r8t9bgraQ5QU5484Lb24MZV0bk4aU0BL2MBpZbtI6EfRtnHnCG2HSN4T8oR4p5fWt9CF7epktgmEMTyeG2Di_7od1FXWXBTYBM_MiygLM3HZPcEf1zXCf&amp;__tn__=*NK-R\">#ElMismoQueVisteYCanta<\/a><\/p>\n\n\n\n<p><a href=\"https:\/\/www.facebook.com\/hashtag\/bitacoracdmx?__eep__=6&amp;__cft__[0]=AZU-OL5eLHvvuFs-aehnrlZcidwAIu4qJk6r8t9bgraQ5QU5484Lb24MZV0bk4aU0BL2MBpZbtI6EfRtnHnCG2HSN4T8oR4p5fWt9CF7epktgmEMTyeG2Di_7od1FXWXBTYBM_MiygLM3HZPcEf1zXCf&amp;__tn__=*NK-R\">#bitacoracdmx<\/a><\/p>\n","protected":false},"excerpt":{"rendered":"<p>REDACCI\u00d3N El reconocido cantante y compositor c\u00e1ntabro, Nando Ag\u00fceros, da un paso m\u00e1s en su prol\u00edfica carrera musical con el lanzamiento de su nuevo disco &#8220;El mismo que viste y canta&#8221;. Producido por David San Jos\u00e9, el \u00e1lbum incluye once nuevas composiciones que exploran diversos g\u00e9neros y tem\u00e1ticas, demostrando una vez m\u00e1s la versatilidad art\u00edstica del talentoso m\u00fasico. En este nuevo trabajo, Ag\u00fceros aborda cuestiones sociales en canciones como &#8220;\u00bfDonde estabas t\u00fa?&#8221;, &#8220;El gringo mexicano&#8221;, &#8220;El recuerdo olvidado&#8221;, y &#8220;Cuando acechan las sombras&#8221;. Asimismo, se sumerge en aspectos m\u00e1s personales con temas como &#8220;El mismo que viste y canta&#8221;, &#8220;Si [&hellip;]<\/p>\n","protected":false},"author":1,"featured_media":55638,"comment_status":"closed","ping_status":"closed","sticky":false,"template":"","format":"standard","meta":{"footnotes":""},"categories":[9,11],"tags":[],"_links":{"self":[{"href":"https:\/\/www.bitacoracdmx.com\/index.php?rest_route=\/wp\/v2\/posts\/55637"}],"collection":[{"href":"https:\/\/www.bitacoracdmx.com\/index.php?rest_route=\/wp\/v2\/posts"}],"about":[{"href":"https:\/\/www.bitacoracdmx.com\/index.php?rest_route=\/wp\/v2\/types\/post"}],"author":[{"embeddable":true,"href":"https:\/\/www.bitacoracdmx.com\/index.php?rest_route=\/wp\/v2\/users\/1"}],"replies":[{"embeddable":true,"href":"https:\/\/www.bitacoracdmx.com\/index.php?rest_route=%2Fwp%2Fv2%2Fcomments&post=55637"}],"version-history":[{"count":1,"href":"https:\/\/www.bitacoracdmx.com\/index.php?rest_route=\/wp\/v2\/posts\/55637\/revisions"}],"predecessor-version":[{"id":55639,"href":"https:\/\/www.bitacoracdmx.com\/index.php?rest_route=\/wp\/v2\/posts\/55637\/revisions\/55639"}],"wp:featuredmedia":[{"embeddable":true,"href":"https:\/\/www.bitacoracdmx.com\/index.php?rest_route=\/wp\/v2\/media\/55638"}],"wp:attachment":[{"href":"https:\/\/www.bitacoracdmx.com\/index.php?rest_route=%2Fwp%2Fv2%2Fmedia&parent=55637"}],"wp:term":[{"taxonomy":"category","embeddable":true,"href":"https:\/\/www.bitacoracdmx.com\/index.php?rest_route=%2Fwp%2Fv2%2Fcategories&post=55637"},{"taxonomy":"post_tag","embeddable":true,"href":"https:\/\/www.bitacoracdmx.com\/index.php?rest_route=%2Fwp%2Fv2%2Ftags&post=55637"}],"curies":[{"name":"wp","href":"https:\/\/api.w.org\/{rel}","templated":true}]}}