{"id":55640,"date":"2024-03-10T05:04:43","date_gmt":"2024-03-10T05:04:43","guid":{"rendered":"https:\/\/www.bitacoracdmx.com\/?p=55640"},"modified":"2024-03-10T05:04:45","modified_gmt":"2024-03-10T05:04:45","slug":"elefante-presenta-su-sencillo-de-la-noche-a-la-manana-en-el-auditorio-nacional","status":"publish","type":"post","link":"https:\/\/www.bitacoracdmx.com\/?p=55640","title":{"rendered":"ELEFANTE presenta su sencillo \u201cDE LA NOCHE A LA MA\u00d1ANA\u201d en el AUDITORIO NACIONAL"},"content":{"rendered":"\n<p>REDACCI\u00d3N<\/p>\n\n\n\n<p><em>*Elefante se presenta el pr\u00f3ximo Viernes 05 de abril, a partir de las 8:30 de la noche<\/em><\/p>\n\n\n\n<p><em>*Boletos a la venta en el Sistema Ticketmaster y en taquillas del inmueble<\/em><\/p>\n\n\n\n<p>La emblem\u00e1tica banda de rock mexicana, Elefante, se prepara para desatar una experiencia inolvidable en el Auditorio Nacional con la presentaci\u00f3n de su nuevo disco &#8220;Live Session&#8221;. El esperado evento tendr\u00e1 lugar el pr\u00f3ximo 5 de abril, a partir de las 8:30 pm, prometiendo una velada llena de energ\u00eda y pasi\u00f3n musical.<\/p>\n\n\n\n<p>Como adelanto de su show en el Auditorio, el grupo presenta su nuevo sencillo \u201cDe La Noche a La Ma\u00f1ana\u201d lanzado por la agregadora One RPM. Esta una canci\u00f3n que lleva por un viaje de emociones, desde el amor hasta la despedida. Javier, el actual vocalista de la banda, le da un toque \u00fanico a esta versi\u00f3n que promete ser un nuevo favorito.<\/p>\n\n\n\n<p>El a\u00f1o pasado, Elefante dej\u00f3 huella con su disco en vivo, y este a\u00f1o no se quedan atr\u00e1s. Est\u00e1n de gira, llevando su m\u00fasica a muchos lugares y cerrar\u00e1n con broche de oro en el Auditorio Nacional en abril.<\/p>\n\n\n\n<p>\u201cDe La Noche a La Ma\u00f1ana\u201d destaca por su letra emotiva y melod\u00edas que capturan la intensidad del amor y el torbellino de una despedida. No es solo una canci\u00f3n, es una invitaci\u00f3n a sumergirse en las profundidades del coraz\u00f3n.<\/p>\n\n\n\n<p>Fundada en 1993 en la Ciudad de M\u00e9xico, Elefante ha dejado una huella indeleble en la escena musical, consolid\u00e1ndose como una de las bandas m\u00e1s ic\u00f3nicas de la regi\u00f3n. La alineaci\u00f3n actual incluye a &#8220;Ahis&#8221; en teclados y guitarra ac\u00fastica, &#8220;Iguana&#8221; en la bater\u00eda, Javier Ortega como vocalista, Rafa Loar en la guitarra el\u00e9ctrica y &#8220;Tracks&#8221; en el bajo.<\/p>\n\n\n\n<p>A lo largo de su carrera, Elefante ha conquistado el coraz\u00f3n del p\u00fablico con \u00e9xitos inmortales como &#8220;As\u00ed Es La Vida&#8221;, &#8220;\u00c1ngel&#8221;, &#8220;Sabor A Chocolate&#8221; y &#8220;Mentirosa&#8221;, entre otros. Su camino hacia el reconocimiento comenz\u00f3 en bares locales y alcanz\u00f3 un hito cuando firmaron con Sony Music en el a\u00f1o 2000, dando inicio a una exitosa trayectoria discogr\u00e1fica.<\/p>\n\n\n\n<p>El 2023 marc\u00f3 un hito con el lanzamiento de su esperado disco &#8220;Live Session&#8221;, grabado en vivo y repleto de sorpresas, junto con una recopilaci\u00f3n de \u00e9xitos en colaboraci\u00f3n con destacados artistas. Ahora, en el 2024, Elefante se prepara para conquistar el escenario del Auditorio Nacional, ofreciendo a sus seguidores una experiencia \u00fanica e inigualable.<\/p>\n\n\n\n<p>Elefante invita a todos a unirse a este viaje emocional en el Auditorio Nacional. Para enterarse de m\u00e1s detalles sobre la gira y pr\u00f3ximos eventos, pueden seguirlos en redes sociales. Los boletos para este imperdible concierto ya est\u00e1n a la venta a trav\u00e9s del Sistema Ticketmaster y en las taquillas del Auditorio Nacional. Prep\u00e1rense para vivir una noche inolvidable de m\u00fasica y emociones con Elefante y su inconfundible estilo &#8220;Live Session&#8221;.<\/p>\n\n\n\n<p><a href=\"https:\/\/www.facebook.com\/hashtag\/grupoelefante?__eep__=6&amp;__cft__[0]=AZUFnb__eq_2YvY85wgQ_sPbUSNlhxNXAh-E8NkSqMaejrSZn1P7tALMP8BNP6QHYpbUeAtDSWTekd7eA6Y4-V65aMLQ9a1GKARY9LCgdMl1lOETiMF86x4yC4vqzq1GIHF5XAuhKSISyzewGUCGNolN&amp;__tn__=*NK-R\">#grupoelefante<\/a><\/p>\n\n\n\n<p><a href=\"https:\/\/www.facebook.com\/hashtag\/delanochealama%C3%B1ana?__eep__=6&amp;__cft__[0]=AZUFnb__eq_2YvY85wgQ_sPbUSNlhxNXAh-E8NkSqMaejrSZn1P7tALMP8BNP6QHYpbUeAtDSWTekd7eA6Y4-V65aMLQ9a1GKARY9LCgdMl1lOETiMF86x4yC4vqzq1GIHF5XAuhKSISyzewGUCGNolN&amp;__tn__=*NK-R\">#delanochealama\u00f1ana<\/a><\/p>\n\n\n\n<p><a href=\"https:\/\/www.facebook.com\/hashtag\/auditorionacional?__eep__=6&amp;__cft__[0]=AZUFnb__eq_2YvY85wgQ_sPbUSNlhxNXAh-E8NkSqMaejrSZn1P7tALMP8BNP6QHYpbUeAtDSWTekd7eA6Y4-V65aMLQ9a1GKARY9LCgdMl1lOETiMF86x4yC4vqzq1GIHF5XAuhKSISyzewGUCGNolN&amp;__tn__=*NK-R\">#AuditorioNacional<\/a><\/p>\n\n\n\n<p><a href=\"https:\/\/www.facebook.com\/hashtag\/ticketmaster?__eep__=6&amp;__cft__[0]=AZUFnb__eq_2YvY85wgQ_sPbUSNlhxNXAh-E8NkSqMaejrSZn1P7tALMP8BNP6QHYpbUeAtDSWTekd7eA6Y4-V65aMLQ9a1GKARY9LCgdMl1lOETiMF86x4yC4vqzq1GIHF5XAuhKSISyzewGUCGNolN&amp;__tn__=*NK-R\">#ticketmaster<\/a><\/p>\n\n\n\n<p><a href=\"https:\/\/www.facebook.com\/hashtag\/bitacoracdmx?__eep__=6&amp;__cft__[0]=AZUFnb__eq_2YvY85wgQ_sPbUSNlhxNXAh-E8NkSqMaejrSZn1P7tALMP8BNP6QHYpbUeAtDSWTekd7eA6Y4-V65aMLQ9a1GKARY9LCgdMl1lOETiMF86x4yC4vqzq1GIHF5XAuhKSISyzewGUCGNolN&amp;__tn__=*NK-R\">#bitacoracdmx<\/a><\/p>\n","protected":false},"excerpt":{"rendered":"<p>REDACCI\u00d3N *Elefante se presenta el pr\u00f3ximo Viernes 05 de abril, a partir de las 8:30 de la noche *Boletos a la venta en el Sistema Ticketmaster y en taquillas del inmueble La emblem\u00e1tica banda de rock mexicana, Elefante, se prepara para desatar una experiencia inolvidable en el Auditorio Nacional con la presentaci\u00f3n de su nuevo disco &#8220;Live Session&#8221;. El esperado evento tendr\u00e1 lugar el pr\u00f3ximo 5 de abril, a partir de las 8:30 pm, prometiendo una velada llena de energ\u00eda y pasi\u00f3n musical. Como adelanto de su show en el Auditorio, el grupo presenta su nuevo sencillo \u201cDe La Noche [&hellip;]<\/p>\n","protected":false},"author":1,"featured_media":55641,"comment_status":"closed","ping_status":"closed","sticky":false,"template":"","format":"standard","meta":{"footnotes":""},"categories":[9,11],"tags":[],"_links":{"self":[{"href":"https:\/\/www.bitacoracdmx.com\/index.php?rest_route=\/wp\/v2\/posts\/55640"}],"collection":[{"href":"https:\/\/www.bitacoracdmx.com\/index.php?rest_route=\/wp\/v2\/posts"}],"about":[{"href":"https:\/\/www.bitacoracdmx.com\/index.php?rest_route=\/wp\/v2\/types\/post"}],"author":[{"embeddable":true,"href":"https:\/\/www.bitacoracdmx.com\/index.php?rest_route=\/wp\/v2\/users\/1"}],"replies":[{"embeddable":true,"href":"https:\/\/www.bitacoracdmx.com\/index.php?rest_route=%2Fwp%2Fv2%2Fcomments&post=55640"}],"version-history":[{"count":1,"href":"https:\/\/www.bitacoracdmx.com\/index.php?rest_route=\/wp\/v2\/posts\/55640\/revisions"}],"predecessor-version":[{"id":55642,"href":"https:\/\/www.bitacoracdmx.com\/index.php?rest_route=\/wp\/v2\/posts\/55640\/revisions\/55642"}],"wp:featuredmedia":[{"embeddable":true,"href":"https:\/\/www.bitacoracdmx.com\/index.php?rest_route=\/wp\/v2\/media\/55641"}],"wp:attachment":[{"href":"https:\/\/www.bitacoracdmx.com\/index.php?rest_route=%2Fwp%2Fv2%2Fmedia&parent=55640"}],"wp:term":[{"taxonomy":"category","embeddable":true,"href":"https:\/\/www.bitacoracdmx.com\/index.php?rest_route=%2Fwp%2Fv2%2Fcategories&post=55640"},{"taxonomy":"post_tag","embeddable":true,"href":"https:\/\/www.bitacoracdmx.com\/index.php?rest_route=%2Fwp%2Fv2%2Ftags&post=55640"}],"curies":[{"name":"wp","href":"https:\/\/api.w.org\/{rel}","templated":true}]}}