{"id":55649,"date":"2024-03-11T04:13:49","date_gmt":"2024-03-11T04:13:49","guid":{"rendered":"https:\/\/www.bitacoracdmx.com\/?p=55649"},"modified":"2024-03-11T04:13:52","modified_gmt":"2024-03-11T04:13:52","slug":"mirame-thriller-sobrenatural-mexicano-se-estrenara-en-cineteca-nacional-de-las-artes","status":"publish","type":"post","link":"https:\/\/www.bitacoracdmx.com\/?p=55649","title":{"rendered":"\u201cM\u00cdRAME\u201d, Thriller sobrenatural mexicano, se estrenar\u00e1 en CINETECA NACIONAL DE LAS ARTES"},"content":{"rendered":"\n<p>REDACCI\u00d3N<\/p>\n\n\n\n<ul>\n<li><strong>La \u00f3pera prima del cineasta mexicano Pavel Cant\u00fa podr\u00e1 verse en las salas de cine del Centro Cultural de las Artes a partir del 22 de marzo.<\/strong><\/li>\n\n\n\n<li><strong>La producci\u00f3n de Spectrum Films cuenta con las actuaciones estelares de Axel Alpuche, Regina Reynoso, Dario T. Pie y Leticia Huijara.<\/strong><\/li>\n<\/ul>\n\n\n\n<h3 class=\"wp-block-heading\"><strong>Desenterrar el pasado puede resultar en una experiencia verdaderamente aterradora, pero existen situaciones terribles que deben ser descubiertas para que sus v\u00edctimas puedan recibir algo de justicia, o tal vez venganza, si lo sucedido lo amerita. Tras la muerte de su padre, un adolescente debe mudarse con su abuela y al llegar a su nuevo hogar, al igual que a su nueva escuela, comenzar\u00e1 a descubrir ciertas cosas que podr\u00edan poner su vida en peligro, mientras que una presencia sobrenatural parece estar acechando a su alrededor.<\/strong><\/h3>\n\n\n\n<h3 class=\"wp-block-heading\"><strong>Con una historia de fantasmas que combina el thriller con elementos cl\u00e1sicos del cine de terror, el realizador mexicano Pavel Cant\u00fa presenta su inquietante \u00f3pera prima \u201cM\u00edrame\u201d, la cual tendr\u00e1 su premiere el 22 de marzo y una posterior corrida de proyecciones en la Cineteca Nacional de las Artes, despu\u00e9s de haber tenido un exitoso paso por encuentros cinematogr\u00e1ficos nacionales como el Festival Internacional de Cine de Guanajuato (GIFF), present\u00e1ndose como parte de su Selecci\u00f3n Oficial; MACABRO Festival Internacional de Cine de Horror de la Ciudad de M\u00e9xico, llev\u00e1ndose una Menci\u00f3n Honor\u00edfica de Direcci\u00f3n; y FERATUM Festival Internacional de Cine Fant\u00e1stico, donde gan\u00f3 los premios a Mejor Fotograf\u00eda y Mejores Efectos Visuales VFX.<\/strong><\/h3>\n\n\n\n<h3 class=\"wp-block-heading\"><strong>La pel\u00edcula tiene como personaje principal a un joven \u201cLalo\u201d que se encuentra atormentado por perder a su padre y quien al ponerse el reloj de su padre empieza a ser acosado por el fantasma de una chica. En la escuela donde estudia el protagonista, desaparece una alumna y \u00e9l sospecha que existe una posible conexi\u00f3n entre la desaparecida y los fen\u00f3menos paranormales que lo atormentan, as\u00ed que junto a su nueva amiga Rana, se lanza a investigar lo que est\u00e1 sucediendo. Una serie de se\u00f1ales y fen\u00f3menos sobrenaturales se mani\ufb01estan de forma amenazante en la escuela, su nueva casa y los t\u00e9tricos canales alrededor de la ciudad; entonces Lalo tendr\u00e1 que enfrentar al fantasma que ha puesto su atenci\u00f3n en \u00e9l para desentra\u00f1ar el misterio detr\u00e1s de todo lo que est\u00e1 pasando y evitar ser arrastrado por ese escalofriante esp\u00edritu.<\/strong><\/h3>\n\n\n\n<h3 class=\"wp-block-heading\"><strong>\u201cCuando era joven, frente a mi casa hab\u00eda un edificio donde viv\u00eda un brujo que era frecuentado por clientes buscando reconectar con alg\u00fan ser fallecido y me dej\u00f3 muy marcado este concepto de poder conectar con alguien que ya no est\u00e1 con nosotros, de ah\u00ed parte la historia de este joven vulnerable que recientemente se queda sin padres y tiene que enfrentarse a la vida completamente solo\u201d, coment\u00f3 el director sobre c\u00f3mo surgi\u00f3 la idea de contar la historia de \u201cM\u00edrame\u201d.<\/strong><\/h3>\n\n\n\n<h3 class=\"wp-block-heading\"><strong>Adem\u00e1s de dirigir, Cant\u00fa escribi\u00f3 el gui\u00f3n junto a Luisa Iglesias Arvide, Ernesto Murgia y Veronica Angeles. Esta producci\u00f3n de Spectrum Films, de la productora Concepci\u00f3n Taboada y el productor Abraham Crerem, fue filmada en locaciones de Xochimilco en Ciudad de M\u00e9xico. El elenco est\u00e1 encabezado por Axel Alpuche, Regina Reynoso, Dario T. Pie, Leticia Huijara, Michelle Polanco, Antonio Hern\u00e1ndez Monroy y Alejandro Puente.<\/strong><\/h3>\n\n\n\n<h3 class=\"wp-block-heading\"><strong>Sobre Pavel Cant\u00fa<\/strong><\/h3>\n\n\n\n<h3 class=\"wp-block-heading\"><strong>Director, escritor y productor con m\u00e1s de 20 a\u00f1os de experiencia dirigiendo publicidad para el mercado de Estados Unidos, M\u00e9xico y Espa\u00f1a. Ha fundado dos exitosas casas productoras donde produce y dirige documentales para cadenas de televisi\u00f3n americanas, cortometrajes independientes y recientemente su primer largometraje. Actualmente dirige una miniserie documental sobre la vida de uno de los \u00faltimos proyeccionistas de cine en celuloide de Hollywood.<\/strong><\/h3>\n\n\n\n<p><a href=\"https:\/\/www.facebook.com\/hashtag\/mirame?__eep__=6&amp;__cft__[0]=AZVif9TJo5HeZlLF6q2oBH9Qk_bo_Zobe9sPCBeM7lXpAoWeKUoSiAhkWcFaIxNtGPGlDh373CwPCNkfxdrm_Z0y7zfTENCvFMJbZ0vJxR_khXsTfxEagIdM4lgXMWyviCMfx1rbkZCA4L3lxRYyHUTI&amp;__tn__=*NK-R\">#Mirame<\/a><\/p>\n\n\n\n<p><a href=\"https:\/\/www.facebook.com\/hashtag\/cinetecanacional?__eep__=6&amp;__cft__[0]=AZVif9TJo5HeZlLF6q2oBH9Qk_bo_Zobe9sPCBeM7lXpAoWeKUoSiAhkWcFaIxNtGPGlDh373CwPCNkfxdrm_Z0y7zfTENCvFMJbZ0vJxR_khXsTfxEagIdM4lgXMWyviCMfx1rbkZCA4L3lxRYyHUTI&amp;__tn__=*NK-R\">#CinetecaNacional<\/a><\/p>\n\n\n\n<p><a href=\"https:\/\/www.facebook.com\/hashtag\/bitacoracdmx?__eep__=6&amp;__cft__[0]=AZVif9TJo5HeZlLF6q2oBH9Qk_bo_Zobe9sPCBeM7lXpAoWeKUoSiAhkWcFaIxNtGPGlDh373CwPCNkfxdrm_Z0y7zfTENCvFMJbZ0vJxR_khXsTfxEagIdM4lgXMWyviCMfx1rbkZCA4L3lxRYyHUTI&amp;__tn__=*NK-R\">#bitacoracdmx<\/a><\/p>\n","protected":false},"excerpt":{"rendered":"<p>REDACCI\u00d3N Desenterrar el pasado puede resultar en una experiencia verdaderamente aterradora, pero existen situaciones terribles que deben ser descubiertas para que sus v\u00edctimas puedan recibir algo de justicia, o tal vez venganza, si lo sucedido lo amerita. Tras la muerte de su padre, un adolescente debe mudarse con su abuela y al llegar a su nuevo hogar, al igual que a su nueva escuela, comenzar\u00e1 a descubrir ciertas cosas que podr\u00edan poner su vida en peligro, mientras que una presencia sobrenatural parece estar acechando a su alrededor. Con una historia de fantasmas que combina el thriller con elementos cl\u00e1sicos del [&hellip;]<\/p>\n","protected":false},"author":1,"featured_media":55650,"comment_status":"closed","ping_status":"closed","sticky":false,"template":"","format":"standard","meta":{"footnotes":""},"categories":[3,9],"tags":[],"_links":{"self":[{"href":"https:\/\/www.bitacoracdmx.com\/index.php?rest_route=\/wp\/v2\/posts\/55649"}],"collection":[{"href":"https:\/\/www.bitacoracdmx.com\/index.php?rest_route=\/wp\/v2\/posts"}],"about":[{"href":"https:\/\/www.bitacoracdmx.com\/index.php?rest_route=\/wp\/v2\/types\/post"}],"author":[{"embeddable":true,"href":"https:\/\/www.bitacoracdmx.com\/index.php?rest_route=\/wp\/v2\/users\/1"}],"replies":[{"embeddable":true,"href":"https:\/\/www.bitacoracdmx.com\/index.php?rest_route=%2Fwp%2Fv2%2Fcomments&post=55649"}],"version-history":[{"count":1,"href":"https:\/\/www.bitacoracdmx.com\/index.php?rest_route=\/wp\/v2\/posts\/55649\/revisions"}],"predecessor-version":[{"id":55651,"href":"https:\/\/www.bitacoracdmx.com\/index.php?rest_route=\/wp\/v2\/posts\/55649\/revisions\/55651"}],"wp:featuredmedia":[{"embeddable":true,"href":"https:\/\/www.bitacoracdmx.com\/index.php?rest_route=\/wp\/v2\/media\/55650"}],"wp:attachment":[{"href":"https:\/\/www.bitacoracdmx.com\/index.php?rest_route=%2Fwp%2Fv2%2Fmedia&parent=55649"}],"wp:term":[{"taxonomy":"category","embeddable":true,"href":"https:\/\/www.bitacoracdmx.com\/index.php?rest_route=%2Fwp%2Fv2%2Fcategories&post=55649"},{"taxonomy":"post_tag","embeddable":true,"href":"https:\/\/www.bitacoracdmx.com\/index.php?rest_route=%2Fwp%2Fv2%2Ftags&post=55649"}],"curies":[{"name":"wp","href":"https:\/\/api.w.org\/{rel}","templated":true}]}}