{"id":55662,"date":"2024-03-11T06:15:58","date_gmt":"2024-03-11T06:15:58","guid":{"rendered":"https:\/\/www.bitacoracdmx.com\/?p=55662"},"modified":"2024-03-11T06:16:00","modified_gmt":"2024-03-11T06:16:00","slug":"llega-al-helenico-ana-contra-la-muerte-una-disyuntiva-entre-lo-justo-la-moral-y-lo-socialmente-condenable","status":"publish","type":"post","link":"https:\/\/www.bitacoracdmx.com\/?p=55662","title":{"rendered":"Llega al Hel\u00e9nico:\u00a0Ana contra la muerte, una disyuntiva entre lo justo, la moral y lo socialmente condenable"},"content":{"rendered":"\n<p>REDACCI\u00d3N<\/p>\n\n\n\n<ul>\n<li>Un drama de Gabriel Calder\u00f3n, bajo la direcci\u00f3n de Cristian Magaloni, escenificado por un elenco de primer nivel<\/li>\n\n\n\n<li>Con la colaboraci\u00f3n de IM producciones y Kupfer Producciones<\/li>\n\n\n\n<li>Temporada de viernes a domingo del 15 de marzo al 28 de abril; preventa del 30% hasta el 17 de marzo<\/li>\n<\/ul>\n\n\n\n<p><em>El mundo es una balanza rota<\/em><\/p>\n\n\n\n<p>El desespero y dolor de una madre ante la imposibilidad de costear el tratamiento de c\u00e1ncer de su hijo la conducir\u00e1n a cometer actos de dudoso juicio para la moral predominante de la sociedad; privar a su v\u00e1stago del \u00faltimo llamado de la vida no es una opci\u00f3n. La radicalidad de los hechos la orillar\u00e1n a convertirse en un peligro para el resto; \u00bfhasta qu\u00e9 punto es excusable la atrocidad cuando se trata de proteger a nuestros seres queridos? El Centro Cultural Hel\u00e9nico presenta esta historia en:&nbsp;<em>Ana contra la muerte<\/em>.<br><br>Montaje que aborda t\u00f3picos de naturaleza insondable como la vida, la muerte, el amor incondicional y la lucha por la supervivencia en circunstancias adversas. Una vez m\u00e1s su autor, Gabriel Calder\u00f3n, se aleja de su faceta humor\u00edstica y de fantas\u00eda \u2014que fueron su marca en los \u00faltimos a\u00f1os\u2014 para poner sobre la mesa temas como la familia, la violencia y la muerte en aras de \u201cbuenas intenciones\u201d, donde el p\u00fablico deducir\u00e1 y construir\u00e1 por s\u00ed mismo su versi\u00f3n de la historia.<br><br>La obra invita a reflexionar sobre c\u00f3mo podemos comprender y defender a una persona que se torna amenazante para la sociedad, en pos de su lucha contra la muerte de su hijo; en este contexto la importancia de la dramaturgia radica en su enfoque honesto y sin concesiones sobre la realidad de la vida y la muerte, especialmente en un ambiente de pobreza. La virtud del drama es situar al espectador en un punto de discordia deliberado, lo que supone un desaf\u00edo emocional que lo enfrenta a sus propios miedos y prejuicios a medida que observa el desgaste de Ana.<br><br>Esta obra cuenta con un poderoso elenco conformado por cuatro talentosas actrices: Mariana Gim\u00e9nez, Nohem\u00ed Espinosa, Montserrat \u00c1ngeles Peralta y Mariana Gaj\u00e1. En cuanto al equipo creativo, la direcci\u00f3n es de Cristian Magaloni; el dise\u00f1o de escenograf\u00eda de Emilio Zurita, el dise\u00f1o sonoro, arreglos y m\u00fasica original de Leo Soqui, un trabajo que en conjunto logra crear una experiencia teatral cohesiva y armoniosa que resalta sus argumentos principales.<\/p>\n\n\n\n<p>La iluminaci\u00f3n en&nbsp;<strong><em>Ana contra la muerte&nbsp;<\/em><\/strong>juega un papel fundamental en la representaci\u00f3n de la obra, ya que complementa la direcci\u00f3n y refuerza la atm\u00f3sfera emocional que se busca transmitir. La propuesta de iluminaci\u00f3n dise\u00f1ada por Mar\u00eda Vergara busca resaltar la posici\u00f3n de Ana como eje central de la obra. El vestuario, dise\u00f1ado por Giselle Sandiel, es otro componente crucial en la puesta en escena, ya que refleja la fuerza y determinaci\u00f3n de Ana en su lucha.<\/p>\n\n\n\n<p><strong><em>Ana contra la muerte&nbsp;<\/em><\/strong>es una producci\u00f3n teatral nacional realizada con el est\u00edmulo fiscal del art\u00edculo 190 de la LISR (Efiartes) y producida por Ivonne M\u00e1rquez y Ana Kupfer, en sociedad con Sergio Mingramm y Enrique Orozco. Se presentar\u00e1 del 15 de marzo al 28 de abril, los viernes a las 20:00 horas; as\u00ed como s\u00e1bados y domingos a las 18:00 horas en el Foro La Gruta. El costo del boleto es de $310.<\/p>\n\n\n\n<p>Actualmente hay una preventa del 30% de descuento v\u00e1lida hasta el 17 de marzo. Las localidades pueden adquirirse en la taquilla del Centro Cultural Hel\u00e9nico, ubicado en avenida Revoluci\u00f3n 1500, as\u00ed como en la p\u00e1gina de internet:\u00a0<a href=\"https:\/\/gob.us13.list-manage.com\/track\/click?u=84fc56425b30470caff981e24&amp;id=25433a57fa&amp;e=fa665d1362\" target=\"_blank\" rel=\"noreferrer noopener\">https:\/\/helenico.gob.mx\/<\/a>\u00a0y\u00a0<strong>mexicoescultura.com<\/strong>.<\/p>\n\n\n\n<p><a href=\"https:\/\/www.facebook.com\/hashtag\/anacontralamuerte?__eep__=6&amp;__cft__[0]=AZW0ZrLbURMqT618pZNnkovkCigV6b6K1MJOSV3d2AAXrvlAGBZ4y_3m3IG-JzRT9Gdkip493nQyS2F4WQw6ZpL06knwKr4lvlVrmuyD9wwYsl-VMYfTGQd4ogrMdN6JUCDVm3vO8CqUAN842uf8IPaz&amp;__tn__=*NK-R\">#anacontralamuerte<\/a><\/p>\n\n\n\n<p><a href=\"https:\/\/www.facebook.com\/hashtag\/forolagruta?__eep__=6&amp;__cft__[0]=AZW0ZrLbURMqT618pZNnkovkCigV6b6K1MJOSV3d2AAXrvlAGBZ4y_3m3IG-JzRT9Gdkip493nQyS2F4WQw6ZpL06knwKr4lvlVrmuyD9wwYsl-VMYfTGQd4ogrMdN6JUCDVm3vO8CqUAN842uf8IPaz&amp;__tn__=*NK-R\">#ForoLaGruta<\/a><\/p>\n\n\n\n<p><a href=\"https:\/\/www.facebook.com\/hashtag\/centroculturalhelenico?__eep__=6&amp;__cft__[0]=AZW0ZrLbURMqT618pZNnkovkCigV6b6K1MJOSV3d2AAXrvlAGBZ4y_3m3IG-JzRT9Gdkip493nQyS2F4WQw6ZpL06knwKr4lvlVrmuyD9wwYsl-VMYfTGQd4ogrMdN6JUCDVm3vO8CqUAN842uf8IPaz&amp;__tn__=*NK-R\">#centroculturalhelenico<\/a><\/p>\n\n\n\n<p><a href=\"https:\/\/www.facebook.com\/hashtag\/bitacoracdmx?__eep__=6&amp;__cft__[0]=AZW0ZrLbURMqT618pZNnkovkCigV6b6K1MJOSV3d2AAXrvlAGBZ4y_3m3IG-JzRT9Gdkip493nQyS2F4WQw6ZpL06knwKr4lvlVrmuyD9wwYsl-VMYfTGQd4ogrMdN6JUCDVm3vO8CqUAN842uf8IPaz&amp;__tn__=*NK-R\">#bitacoracdmx<\/a><\/p>\n","protected":false},"excerpt":{"rendered":"<p>REDACCI\u00d3N El mundo es una balanza rota El desespero y dolor de una madre ante la imposibilidad de costear el tratamiento de c\u00e1ncer de su hijo la conducir\u00e1n a cometer actos de dudoso juicio para la moral predominante de la sociedad; privar a su v\u00e1stago del \u00faltimo llamado de la vida no es una opci\u00f3n. La radicalidad de los hechos la orillar\u00e1n a convertirse en un peligro para el resto; \u00bfhasta qu\u00e9 punto es excusable la atrocidad cuando se trata de proteger a nuestros seres queridos? El Centro Cultural Hel\u00e9nico presenta esta historia en:&nbsp;Ana contra la muerte. Montaje que aborda [&hellip;]<\/p>\n","protected":false},"author":1,"featured_media":55663,"comment_status":"closed","ping_status":"closed","sticky":false,"template":"","format":"standard","meta":{"footnotes":""},"categories":[9,14],"tags":[],"_links":{"self":[{"href":"https:\/\/www.bitacoracdmx.com\/index.php?rest_route=\/wp\/v2\/posts\/55662"}],"collection":[{"href":"https:\/\/www.bitacoracdmx.com\/index.php?rest_route=\/wp\/v2\/posts"}],"about":[{"href":"https:\/\/www.bitacoracdmx.com\/index.php?rest_route=\/wp\/v2\/types\/post"}],"author":[{"embeddable":true,"href":"https:\/\/www.bitacoracdmx.com\/index.php?rest_route=\/wp\/v2\/users\/1"}],"replies":[{"embeddable":true,"href":"https:\/\/www.bitacoracdmx.com\/index.php?rest_route=%2Fwp%2Fv2%2Fcomments&post=55662"}],"version-history":[{"count":1,"href":"https:\/\/www.bitacoracdmx.com\/index.php?rest_route=\/wp\/v2\/posts\/55662\/revisions"}],"predecessor-version":[{"id":55664,"href":"https:\/\/www.bitacoracdmx.com\/index.php?rest_route=\/wp\/v2\/posts\/55662\/revisions\/55664"}],"wp:featuredmedia":[{"embeddable":true,"href":"https:\/\/www.bitacoracdmx.com\/index.php?rest_route=\/wp\/v2\/media\/55663"}],"wp:attachment":[{"href":"https:\/\/www.bitacoracdmx.com\/index.php?rest_route=%2Fwp%2Fv2%2Fmedia&parent=55662"}],"wp:term":[{"taxonomy":"category","embeddable":true,"href":"https:\/\/www.bitacoracdmx.com\/index.php?rest_route=%2Fwp%2Fv2%2Fcategories&post=55662"},{"taxonomy":"post_tag","embeddable":true,"href":"https:\/\/www.bitacoracdmx.com\/index.php?rest_route=%2Fwp%2Fv2%2Ftags&post=55662"}],"curies":[{"name":"wp","href":"https:\/\/api.w.org\/{rel}","templated":true}]}}