{"id":55665,"date":"2024-03-11T06:29:11","date_gmt":"2024-03-11T06:29:11","guid":{"rendered":"https:\/\/www.bitacoracdmx.com\/?p=55665"},"modified":"2024-03-11T06:29:13","modified_gmt":"2024-03-11T06:29:13","slug":"banda-filarmonica-femenil-kaux-llega-desde-oaxaca-al-teatro-de-la-ciudad-en-el-festival-tiempo-de-mujeres","status":"publish","type":"post","link":"https:\/\/www.bitacoracdmx.com\/?p=55665","title":{"rendered":"BANDA FILARM\u00d3NICA FEMENIL KA\u2019UX llega desde OAXACA al TEATRO DE LA CIUDAD en el Festival \u201cTIEMPO DE MUJERES\u201d"},"content":{"rendered":"\n<p>REDACCI\u00d3N<\/p>\n\n\n\n<p>\u25cf Proveniente de la comunidad de Santa Mar\u00eda Tlahuitoltepec, Oaxaca, la Banda Filarm\u00f3nica Femenil Ka\u2019ux, compuesta por m\u00e1s de 20 mujeres actualmente, cuenta con m\u00e1s de 15 a\u00f1os de experiencia comunitaria que las ha llevado a presentarse en importantes escenarios de toda la Rep\u00fablica, destac\u00e1ndose por interpretar composiciones propias, pero tambi\u00e9n temas cl\u00e1sicos de diversos g\u00e9neros como rock, balada, danz\u00f3n, cumbia y marchas<\/p>\n\n\n\n<p>\u25cf La fundadora de la Banda Filarm\u00f3nica Femenil Ka\u2019ux asegura que integrar una banda femenil en una comunidad ind\u00edgena ha sido un gran reto, pero que a todas las integrantes las ha hecho sentir orgullosas de ir enfrentando las barreras del machismo y seguir hacia adelante hasta encontrar y disfrutar la libertad<\/p>\n\n\n\n<p>\u25cf La Banda Filarm\u00f3nica Femenil Ka\u2019ux se constituye en su comunidad como un centro de formaci\u00f3n para alumnas y alumnos que aprenden m\u00fasica, canto, baile, pintura y hasta artes histri\u00f3nicas<\/p>\n\n\n\n<p>El&nbsp;<strong>Teatro de la Ciudad Esperanza Iris<\/strong>&nbsp;vibr\u00f3 al ritmo de m\u00fasica tradicional, rock &amp; roll, balada, danz\u00f3n, cumbia y marchas a cargo de la&nbsp;<strong>Banda Filarm\u00f3nica Femenil Ka\u2019Ux<\/strong>, proveniente de la comunidad de&nbsp;<strong>Santa Mar\u00eda Tlahuitoltepec, Oaxaca<\/strong>, para celebrar la primera semana de la sexta edici\u00f3n de&nbsp;<strong>\u201cTiempo de Mujeres. Festival por la Igualdad 2024\u201d<\/strong>, iniciativa de la&nbsp;<strong>Secretar\u00eda de Cultura de la Ciudad de M\u00e9xico.<\/strong><\/p>\n\n\n\n<p>\u201cQueremos invitarles a que esta noche nos dejemos llevar por la m\u00fasica, tengan la libertad de cantar, de bailar, de re\u00edr o de llorar. La m\u00fasica para nosotras es un arte maravilloso, por eso somos una banda que decide darse el lujo de dejarse llevar por ella\u201d, expres\u00f3&nbsp;<strong>Concepci\u00f3n Hern\u00e1ndez Guti\u00e9rrez<\/strong>, fundadora y maestra de ceremonia de la banda, acompa\u00f1ada de&nbsp;<strong>23 m\u00fasicas en escenario, quienes adem\u00e1s en su comunidad se dedican al campo, a la artesan\u00eda, a estudiar o ser madres de familia<\/strong>.<\/p>\n\n\n\n<p>\u201cAlgunas de ellas se preguntaron y dudaban si era posible crear una banda de puras mujeres; en cambio, otras se emocionaron. No imagin\u00e1bamos que despu\u00e9s de eso iba a ser complicado quitarnos la pena de pensar en qui\u00e9n iba a tocar la tuba, porque nunca antes se hab\u00eda visto eso, pues la tuba es el instrumento m\u00e1s grande y pesado de una banda\u201d, cont\u00f3 Hern\u00e1ndez Guti\u00e9rrez sobre los primeros pasos que dieron para convertirse en agrupaci\u00f3n.<\/p>\n\n\n\n<p>Tocando temas tradicionales oaxaque\u00f1os como \u201cEl son de la abuela\u201d, \u201cRapsodia Mixteca\u201d en la que los asistentes cantaron \u201cCanci\u00f3n mixteca\u201d de Jorge Aguilar o el danz\u00f3n \u201cNereidas\u201d del compositor oaxaque\u00f1o Amador P\u00e9rez Torres Dimas, su presentaci\u00f3n se destac\u00f3 por composiciones propias, como un son cantado en lengua Ayuujk titulado&nbsp;<strong>\u201cJuj\u00b4ky \u00b4\u00e4jt\u00efnk\u00ebxp\u201d<\/strong>, de la autor\u00eda de la trompetista&nbsp;<strong>Luc\u00eda Paula Hern\u00e1ndez Guti\u00e9rrez y letra de Erasmo Hern\u00e1ndez<\/strong>.<\/p>\n\n\n\n<p>Con un grupo de 11 bailarinas y bailarines, algunos tambi\u00e9n artesanos provenientes de Santa Mar\u00eda Tlahuitoltepec, la banda cautiv\u00f3 al p\u00fablico con un popurr\u00ed de mambo de D\u00e1maso P\u00e9rez Prado y \u201cGuadalajara\u201d de Pepe Gu\u00edzar, hasta un popurr\u00ed con canciones de The Beatles en el que sonaron \u201cMichelle\u201d, \u201cTicket to Ride\u201d, \u201cYesterday\u201d y \u201cOb-la-di ob-la-da\u201d.<\/p>\n\n\n\n<p>Con ra\u00edces en 2006 por la iniciativa de Concepci\u00f3n Hern\u00e1ndez, la banda, con apoyo de las autoridades municipales, forj\u00f3 su experiencia de manera mixta y comunitaria tocando en eventos familiares y comunitarios, y posteriormente en los \u00e1mbitos regional y estatal, tomando en 2009 la decisi\u00f3n de establecerse formalmente como una banda femenil independiente.<\/p>\n\n\n\n<p>Fue en 2014 cuando la Banda Filarm\u00f3nica se identifica con el nombre de Ka\u2019ux, palabra en lengua Ayuujk que significa \u201cparvada de aves de la familia de los quetzales\u201d, especie ya en extinci\u00f3n en la comunidad y cuya palabra est\u00e1 quedando en el olvido.<\/p>\n\n\n\n<p>\u201cIntegrar una banda femenil en una comunidad ind\u00edgena ha sido un gran reto, ya que anteriormente por la falta de cultura y espacios de participaci\u00f3n social de las mujeres, imperaba la timidez, el sentimiento de inferioridad, la inseguridad y la obediencia, por lo que nos sentimos orgullosas de ir enfrentando esta barrera y seguir hacia adelante hasta encontrar y disfrutar la libertad\u201d, asegur\u00f3 Concepci\u00f3n Hern\u00e1ndez.<\/p>\n\n\n\n<p>Adem\u00e1s de sus presentaciones, la Banda Filarm\u00f3nica Femenil Ka\u2019ux se constituye como un centro de formaci\u00f3n para alumnas y alumnos que aprenden m\u00fasica, canto, baile, pintura y hasta artes histri\u00f3nicas.<\/p>\n\n\n\n<p>A lo largo de su trayectoria, ha recibido varios reconocimientos por su trabajo y se han presentado en festivales y ferias del pa\u00eds, como el \u201cFestival Cultural por los Derechos de la Mujer\u201d, en la XXIV Feria Nacional de la Cultura Rural y en la segunda edici\u00f3n del ciclo \u201cNosotras Somos Memoria\u201d del Teatro de la ciudad Esperanza Iris.<\/p>\n\n\n\n<p>Esta edici\u00f3n del festival \u201cTiempo de Mujeres. Festival por la Igualdad 2024\u201d cuenta con 150 actividades culturales que tienen lugar en 28 sedes del 1 al 17 de marzo, una iniciativa que se realiza en el marco del 8M, D\u00eda Internacional de la Mujer, con el prop\u00f3sito de visibilizar y reconocer la lucha social de las mujeres, a trav\u00e9s de espacios dedicados a la promoci\u00f3n de su labor art\u00edstica, cultural, pol\u00edtica, cient\u00edfica y educativa.<\/p>\n\n\n\n<p>Para conocer a detalle todas las actividades programadas por la Secretar\u00eda de Cultura capitalina para \u201cTiempo de Mujeres. Festival por la Igualdad 2024\u201d, se puede consultar la Cartelera de la Ciudad de M\u00e9xico (<a href=\"https:\/\/cartelera.cdmx.gob.mx\/\">https:\/\/cartelera.cdmx.gob.mx\/<\/a>) y las redes sociales de la Secretar\u00eda de Cultura: Facebook, Twitter, Instagram y YouTube.<\/p>\n\n\n\n<p><a href=\"https:\/\/www.facebook.com\/hashtag\/bandafilarmonicafemenil?__eep__=6&amp;__cft__[0]=AZWwP0TOgixtw9USzGqqcoR53_hnvrEEcoZH0BwY0ng7aRQxO9j4UqvNA2dhVujN3htxSU--tCimByaBwM_PCSt6nn9tXqNRuukNY1vgTwD5k4X5RjGfEZF2MQpJQFgVk7pCd-NoZPpKkx0BPOccPxFf&amp;__tn__=*NK-R\">#bandafilarmonicafemenil<\/a><\/p>\n\n\n\n<p><a href=\"https:\/\/www.facebook.com\/hashtag\/kaux?__eep__=6&amp;__cft__[0]=AZWwP0TOgixtw9USzGqqcoR53_hnvrEEcoZH0BwY0ng7aRQxO9j4UqvNA2dhVujN3htxSU--tCimByaBwM_PCSt6nn9tXqNRuukNY1vgTwD5k4X5RjGfEZF2MQpJQFgVk7pCd-NoZPpKkx0BPOccPxFf&amp;__tn__=*NK-R\">#Kaux<\/a><\/p>\n\n\n\n<p><a href=\"https:\/\/www.facebook.com\/hashtag\/tiempodemujeres?__eep__=6&amp;__cft__[0]=AZWwP0TOgixtw9USzGqqcoR53_hnvrEEcoZH0BwY0ng7aRQxO9j4UqvNA2dhVujN3htxSU--tCimByaBwM_PCSt6nn9tXqNRuukNY1vgTwD5k4X5RjGfEZF2MQpJQFgVk7pCd-NoZPpKkx0BPOccPxFf&amp;__tn__=*NK-R\">#TiempoDeMujeres<\/a><\/p>\n\n\n\n<p><a href=\"https:\/\/www.facebook.com\/hashtag\/teatrodelaciudadesperanzairis?__eep__=6&amp;__cft__[0]=AZWwP0TOgixtw9USzGqqcoR53_hnvrEEcoZH0BwY0ng7aRQxO9j4UqvNA2dhVujN3htxSU--tCimByaBwM_PCSt6nn9tXqNRuukNY1vgTwD5k4X5RjGfEZF2MQpJQFgVk7pCd-NoZPpKkx0BPOccPxFf&amp;__tn__=*NK-R\">#TeatroDeLaCiudadEsperanzaIris<\/a><\/p>\n\n\n\n<p><a href=\"https:\/\/www.facebook.com\/hashtag\/secretariadeculturacdmx?__eep__=6&amp;__cft__[0]=AZWwP0TOgixtw9USzGqqcoR53_hnvrEEcoZH0BwY0ng7aRQxO9j4UqvNA2dhVujN3htxSU--tCimByaBwM_PCSt6nn9tXqNRuukNY1vgTwD5k4X5RjGfEZF2MQpJQFgVk7pCd-NoZPpKkx0BPOccPxFf&amp;__tn__=*NK-R\">#secretariadeculturacdmx<\/a><\/p>\n\n\n\n<p><a href=\"https:\/\/www.facebook.com\/hashtag\/bitacoracdmx?__eep__=6&amp;__cft__[0]=AZWwP0TOgixtw9USzGqqcoR53_hnvrEEcoZH0BwY0ng7aRQxO9j4UqvNA2dhVujN3htxSU--tCimByaBwM_PCSt6nn9tXqNRuukNY1vgTwD5k4X5RjGfEZF2MQpJQFgVk7pCd-NoZPpKkx0BPOccPxFf&amp;__tn__=*NK-R\">#bitacoracdmx<\/a><\/p>\n","protected":false},"excerpt":{"rendered":"<p>REDACCI\u00d3N \u25cf Proveniente de la comunidad de Santa Mar\u00eda Tlahuitoltepec, Oaxaca, la Banda Filarm\u00f3nica Femenil Ka\u2019ux, compuesta por m\u00e1s de 20 mujeres actualmente, cuenta con m\u00e1s de 15 a\u00f1os de experiencia comunitaria que las ha llevado a presentarse en importantes escenarios de toda la Rep\u00fablica, destac\u00e1ndose por interpretar composiciones propias, pero tambi\u00e9n temas cl\u00e1sicos de diversos g\u00e9neros como rock, balada, danz\u00f3n, cumbia y marchas \u25cf La fundadora de la Banda Filarm\u00f3nica Femenil Ka\u2019ux asegura que integrar una banda femenil en una comunidad ind\u00edgena ha sido un gran reto, pero que a todas las integrantes las ha hecho sentir orgullosas de [&hellip;]<\/p>\n","protected":false},"author":1,"featured_media":55666,"comment_status":"closed","ping_status":"closed","sticky":false,"template":"","format":"standard","meta":{"footnotes":""},"categories":[9,11],"tags":[],"_links":{"self":[{"href":"https:\/\/www.bitacoracdmx.com\/index.php?rest_route=\/wp\/v2\/posts\/55665"}],"collection":[{"href":"https:\/\/www.bitacoracdmx.com\/index.php?rest_route=\/wp\/v2\/posts"}],"about":[{"href":"https:\/\/www.bitacoracdmx.com\/index.php?rest_route=\/wp\/v2\/types\/post"}],"author":[{"embeddable":true,"href":"https:\/\/www.bitacoracdmx.com\/index.php?rest_route=\/wp\/v2\/users\/1"}],"replies":[{"embeddable":true,"href":"https:\/\/www.bitacoracdmx.com\/index.php?rest_route=%2Fwp%2Fv2%2Fcomments&post=55665"}],"version-history":[{"count":1,"href":"https:\/\/www.bitacoracdmx.com\/index.php?rest_route=\/wp\/v2\/posts\/55665\/revisions"}],"predecessor-version":[{"id":55667,"href":"https:\/\/www.bitacoracdmx.com\/index.php?rest_route=\/wp\/v2\/posts\/55665\/revisions\/55667"}],"wp:featuredmedia":[{"embeddable":true,"href":"https:\/\/www.bitacoracdmx.com\/index.php?rest_route=\/wp\/v2\/media\/55666"}],"wp:attachment":[{"href":"https:\/\/www.bitacoracdmx.com\/index.php?rest_route=%2Fwp%2Fv2%2Fmedia&parent=55665"}],"wp:term":[{"taxonomy":"category","embeddable":true,"href":"https:\/\/www.bitacoracdmx.com\/index.php?rest_route=%2Fwp%2Fv2%2Fcategories&post=55665"},{"taxonomy":"post_tag","embeddable":true,"href":"https:\/\/www.bitacoracdmx.com\/index.php?rest_route=%2Fwp%2Fv2%2Ftags&post=55665"}],"curies":[{"name":"wp","href":"https:\/\/api.w.org\/{rel}","templated":true}]}}