{"id":55671,"date":"2024-03-11T06:51:17","date_gmt":"2024-03-11T06:51:17","guid":{"rendered":"https:\/\/www.bitacoracdmx.com\/?p=55671"},"modified":"2024-03-11T06:56:32","modified_gmt":"2024-03-11T06:56:32","slug":"mexican-women-photographers-empodera-a-mujeres-que-hacen-fotografia-de-calle-con-exposicion-en-el-museo-de-la-ciudad-de-mexico","status":"publish","type":"post","link":"https:\/\/www.bitacoracdmx.com\/?p=55671","title":{"rendered":"\u201cMEXICAN WOMEN PHOTOGRAPHERS\u201d empodera a mujeres que hacen fotograf\u00eda de calle con exposici\u00f3n en el MUSEO de la CIUDAD DE M\u00c9XICO"},"content":{"rendered":"\n<p>REDACCI\u00d3N<\/p>\n\n\n\n<p>\u25cf \u201cMexican Women Photographers\u201d es una iniciativa fundada en 2022 por la fotoperiodista Sunny Quintero para dar visibilidad a mujeres mexicanas que se dedican a hacer&nbsp;<em>Street Photography o Fotograf\u00eda de Calle alrededor del mundo<\/em><\/p>\n\n\n\n<p>\u25cf Los 53 trabajos exhibidos fueron seleccionados a trav\u00e9s de una convocatoria en la que participaron 200 fot\u00f3grafas radicadas en M\u00e9xico y en el extranjero; adicionalmente se presentan 29 fotograf\u00edas participantes en el Tendedero Fotogr\u00e1fico, que es una recopilaci\u00f3n de algunas fotograf\u00edas de la primera exhibici\u00f3n de fotograf\u00eda de calle<\/p>\n\n\n\n<p>En el marco de la sexta edici\u00f3n de&nbsp;<strong>\u201cTiempo de Mujeres. Festival por la Igualdad 2024\u201d<\/strong>, iniciativa de la&nbsp;<strong>Secretar\u00eda de Cultura de la Ciudad de M\u00e9xico<\/strong>, el&nbsp;<strong>Museo de la Ciudad de M\u00e9xico<\/strong>&nbsp;inaugur\u00f3 este jueves la exposici\u00f3n&nbsp;<strong><em>Mexican Women Photographers<\/em><\/strong>, que es la segunda muestra de fotograf\u00eda de calle hecha por mujeres mexicanas.<\/p>\n\n\n\n<p>Magali Hern\u00e1ndez, coordinadora de exposiciones del Museo de la Ciudad de M\u00e9xico, explic\u00f3 que&nbsp;<em>Mexican Women Photographers<\/em>&nbsp;es una comunidad digital fundada en 2022 por la fotoperiodista Sunny Quintero, debido a la falta de espacios para dar visibilidad a fot\u00f3grafas mexicanas que realizan&nbsp;<em>Street Photography<\/em>&nbsp;o fotograf\u00eda de calle alrededor del mundo.<\/p>\n\n\n\n<p>La elecci\u00f3n de los trabajos exhibidos se realiz\u00f3 a trav\u00e9s de una convocatoria donde participaron 200 fot\u00f3grafas que radican dentro y fuera del pa\u00eds, de las cuales fueron seleccionadas las mejores 53 im\u00e1genes que representan la magia de lo cotidiano.<\/p>\n\n\n\n<p>La selecci\u00f3n estuvo a cargo de&nbsp;<strong>Sandra Hern\u00e1ndez<\/strong>, fundadora de Observadores Urbanos y embajadora de Fujifilm, y&nbsp;<strong>Patricia Medina<\/strong>, gestora cultural y fot\u00f3grafa. La curadur\u00eda estuvo a cargo de la fundadora de la comunidad Sunny Quintero.<\/p>\n\n\n\n<p>Adicionalmente a las fotograf\u00edas seleccionadas se presentan&nbsp;<strong>29 trabajos participantes en el tendedero fotogr\u00e1fico<\/strong>, que es una recopilaci\u00f3n de algunas fotograf\u00edas de la primera exhibici\u00f3n de fotograf\u00eda de calle.<\/p>\n\n\n\n<p>Sunny Quintero asegur\u00f3 que esta plataforma no ser\u00eda posible sin cada una de las fot\u00f3grafas que forman un gran engranaje, y agradeci\u00f3 a todas por comprometerse, incluso econ\u00f3micamente, para la realizaci\u00f3n de la exposici\u00f3n.<\/p>\n\n\n\n<p>\u201cQue esto sea un movimiento que contin\u00fae y se vuelva cada vez m\u00e1s grande como una cadena, que cada una desde sus espacios y sus diferencias vayan abriendo m\u00e1s espacios en sus comunidades\u201d, expres\u00f3 Quintero.<\/p>\n\n\n\n<p>Sandra Hern\u00e1ndez invit\u00f3 a m\u00e1s fot\u00f3grafas a seguir participando en futuras convocatorias \u201cporque no solo es una gran plataforma, sino que tiene la virtud de ser un espacio seguro para las mujeres\u201d.<\/p>\n\n\n\n<p>Por su parte, Patricia Medina destac\u00f3 la importancia de esta plataforma porque \u201cha pasado mucho tiempo en el que los espacios p\u00fablicos han sido dominados por la mirada masculina, como museos, portadas de peri\u00f3dico y exhibiciones, y hace falta todav\u00eda un gran reconocimiento al trabajo de las mujeres que hacemos fotograf\u00eda\u201d.<\/p>\n\n\n\n<p>Leslie P\u00e9rez, una de las fot\u00f3grafas que forman parte de la plataforma, asegur\u00f3 que \u201cesta exposici\u00f3n colectiva es importante porque responde a la iniciativa de mujeres que est\u00e1n ocupadas en unir las diferencias y talentos individuales para abolir las desigualdades comunes, y as\u00ed crecer la participaci\u00f3n de las mujeres en el arte y la cultura\u201d.<\/p>\n\n\n\n<p>La fot\u00f3grafas finalistas de la convocatoria que presentan su trabajo en&nbsp;<em>Mexican Women Photographers<\/em>&nbsp;son Leslie P\u00e9rez, Franyeli Garc\u00eda, Aurea Itandehui Del Rosario, Silvana Flores, Nadya Murillo, Karen &#8220;Cherny&#8221; Rojas, Gabriela Guti\u00e9rrez, Isabel Taracena Fern\u00e1ndez, Karen Kea, Sof\u00ed Er\u00e9n, Naomi Greene, Sonia Gadez, Getsemani, Sof\u00eda Navarrete Zur, Mariana Elizabeth, Tuliam P\u00e9rez Bocanegra, Libertad Bautista, Francesca Ritchey, Julieta Fern\u00e1ndez Andriano, Mariana Rodr\u00edguez Aguilera, Lizeth Hern\u00e1ndez Mill\u00e1n, Sandy Silva Guti\u00e9rrez, Mariana Basurto y Aracely Mart\u00ednez.<\/p>\n\n\n\n<p>Adem\u00e1s Denisse Guluarte, Citlali Medal, Silvia Ibarra Ramos, Patricia Lugo Ch\u00e1vez, Fabiola Gardu\u00f1o Rivera, Tania Pastrana, Quetzalli Blanco, Mar\u00eda Alejandra Basald\u00faa, Fernanda Dorado, Velia de la Cruz, Laura qBernabe Ontiveros, Andrea Morales, Ver\u00f3nica Mar, Dahil Rosas Reyes, Kendall Shanti, Dessire\u00e9 Mart\u00ednez Lara, Marie Reyes, Poleth Rodr\u00edguez, Elivet Aguilar, Abril \u00c1ngel, Frida \u00c1lvarez Bravo, Andrea Mej\u00eda, Juana Muro, Dulce Carolina Atempa, Elianne Islas, Erika Balestra, Maru Cruz, Sandra Hern\u00e1ndez y Sunny Quintero.<\/p>\n\n\n\n<p>Mientras que las participantes del tendedero fotogr\u00e1fico son Ada Trillo, Andrea Basteris, Beatriz Acevedo, Corina Herrera, Delia Mart\u00ednez, Elizabeth Vel\u00e1zquez, Elke Reisinger, Greta Rico, Jazm\u00edn Olivas, Jesse Mireles, Jessica Espinosa, Karen Melo, Leyni M\u00e9ndez, Lucia Acero, Luz Rosas, Mariana Arrieta, Marissa Reyes Beckman, Marla Salles, Miriam Jim\u00e9nez, Norma L\u00f3pez, Pamela Victoria Escamilla, Paola Garc\u00eda, Patzy C\u00e1rdenas, Berenice Fregoso, Jessica Paulina Nava \u00c1lvarez, Nidia Mart\u00ednez Norberto, Barbara Priscila Pineda Garc\u00eda Pav\u00f3n, Erika Burgos Goyenechea y Patricia Medina.<\/p>\n\n\n\n<p><em>Mexican Women Photographers<\/em>&nbsp;estar\u00e1 abierta al p\u00fablico hasta el 17 de marzo en el Museo de la Ciudad de M\u00e9xico, ubicado en Jos\u00e9 Mar\u00eda Pino Su\u00e1rez 30 en el Centro Hist\u00f3rico capitalino.<\/p>\n\n\n\n<p>Esta edici\u00f3n del festival \u201cTiempo de Mujeres. Festival por la Igualdad 2024\u201d contar\u00e1 con 150 actividades culturales que tendr\u00e1n lugar en 28 sedes del 1 al 17 de marzo, una iniciativa que se realiza en el marco del 8M, D\u00eda Internacional de la Mujer, con el prop\u00f3sito de visibilizar y reconocer la lucha social de las mujeres, a trav\u00e9s de espacios dedicados a la promoci\u00f3n de su labor art\u00edstica, cultural, pol\u00edtica, cient\u00edfica y educativa.<\/p>\n\n\n\n<p>Para conocer a detalle todas las actividades programadas por la Secretar\u00eda de Cultura capitalina para \u201cTiempo de Mujeres. Festival por la Igualdad 2024\u201d, se puede consultar la Cartelera de la Ciudad de M\u00e9xico (<a href=\"https:\/\/cartelera.cdmx.gob.mx\/\">https:\/\/cartelera.cdmx.gob.mx\/<\/a>) y las redes sociales de la Secretar\u00eda de Cultura: Facebook, Twitter, Instagram y YouTube.<\/p>\n\n\n\n<p><a href=\"https:\/\/www.facebook.com\/hashtag\/mexicanwomenphotographers?__eep__=6&amp;__cft__[0]=AZVfm7NNDiTlaqtxx6um_t4kYlq5dEbbr_rlhz2NWDsvYjMZ9K2LHLzRBGER6vy19BWLl_zpa7tTw0CbnYgChWgJq7_Wa3GlT-PjF0Z6nDKBJPeEKEl5sebUOYhX9LMTLN9zyRI302gUPI_2I1W_c90I&amp;__tn__=*NK-R\">#mexicanwomenphotographers<\/a><\/p>\n\n\n\n<p><a href=\"https:\/\/www.facebook.com\/hashtag\/museodelaciudaddemexico?__eep__=6&amp;__cft__[0]=AZVfm7NNDiTlaqtxx6um_t4kYlq5dEbbr_rlhz2NWDsvYjMZ9K2LHLzRBGER6vy19BWLl_zpa7tTw0CbnYgChWgJq7_Wa3GlT-PjF0Z6nDKBJPeEKEl5sebUOYhX9LMTLN9zyRI302gUPI_2I1W_c90I&amp;__tn__=*NK-R\">#MuseodelaCiudaddeMexico<\/a><\/p>\n\n\n\n<p><a href=\"https:\/\/www.facebook.com\/hashtag\/tiempodemujeres?__eep__=6&amp;__cft__[0]=AZW6XxKfn9qAPW_Q64diSLJl4vzbTygsHxb3GT_oYkjAisG2szfjNtf5nX0pL1qk2D1ZPJQWjPByQf0AzOSmY2qYlJeDsmr2pMwUJRwD6V1uz6pjnvCRgMYKTzC0uDcTPFPXqHTVwhq0y885CfMs--hT&amp;__tn__=*NK-R\">#TiempoDeMujeres<\/a><\/p>\n\n\n\n<p><a href=\"https:\/\/www.facebook.com\/hashtag\/secretariadeculturacdmx?__eep__=6&amp;__cft__[0]=AZVfm7NNDiTlaqtxx6um_t4kYlq5dEbbr_rlhz2NWDsvYjMZ9K2LHLzRBGER6vy19BWLl_zpa7tTw0CbnYgChWgJq7_Wa3GlT-PjF0Z6nDKBJPeEKEl5sebUOYhX9LMTLN9zyRI302gUPI_2I1W_c90I&amp;__tn__=*NK-R\">#secretariadeculturacdmx<\/a><\/p>\n\n\n\n<p><a href=\"https:\/\/www.facebook.com\/hashtag\/bitacoracdmx?__eep__=6&amp;__cft__[0]=AZVfm7NNDiTlaqtxx6um_t4kYlq5dEbbr_rlhz2NWDsvYjMZ9K2LHLzRBGER6vy19BWLl_zpa7tTw0CbnYgChWgJq7_Wa3GlT-PjF0Z6nDKBJPeEKEl5sebUOYhX9LMTLN9zyRI302gUPI_2I1W_c90I&amp;__tn__=*NK-R\">#bitacoracdmx<\/a><\/p>\n","protected":false},"excerpt":{"rendered":"<p>REDACCI\u00d3N \u25cf \u201cMexican Women Photographers\u201d es una iniciativa fundada en 2022 por la fotoperiodista Sunny Quintero para dar visibilidad a mujeres mexicanas que se dedican a hacer&nbsp;Street Photography o Fotograf\u00eda de Calle alrededor del mundo \u25cf Los 53 trabajos exhibidos fueron seleccionados a trav\u00e9s de una convocatoria en la que participaron 200 fot\u00f3grafas radicadas en M\u00e9xico y en el extranjero; adicionalmente se presentan 29 fotograf\u00edas participantes en el Tendedero Fotogr\u00e1fico, que es una recopilaci\u00f3n de algunas fotograf\u00edas de la primera exhibici\u00f3n de fotograf\u00eda de calle En el marco de la sexta edici\u00f3n de&nbsp;\u201cTiempo de Mujeres. Festival por la Igualdad 2024\u201d, [&hellip;]<\/p>\n","protected":false},"author":1,"featured_media":55672,"comment_status":"closed","ping_status":"closed","sticky":false,"template":"","format":"standard","meta":{"footnotes":""},"categories":[4,9,27],"tags":[],"_links":{"self":[{"href":"https:\/\/www.bitacoracdmx.com\/index.php?rest_route=\/wp\/v2\/posts\/55671"}],"collection":[{"href":"https:\/\/www.bitacoracdmx.com\/index.php?rest_route=\/wp\/v2\/posts"}],"about":[{"href":"https:\/\/www.bitacoracdmx.com\/index.php?rest_route=\/wp\/v2\/types\/post"}],"author":[{"embeddable":true,"href":"https:\/\/www.bitacoracdmx.com\/index.php?rest_route=\/wp\/v2\/users\/1"}],"replies":[{"embeddable":true,"href":"https:\/\/www.bitacoracdmx.com\/index.php?rest_route=%2Fwp%2Fv2%2Fcomments&post=55671"}],"version-history":[{"count":2,"href":"https:\/\/www.bitacoracdmx.com\/index.php?rest_route=\/wp\/v2\/posts\/55671\/revisions"}],"predecessor-version":[{"id":55674,"href":"https:\/\/www.bitacoracdmx.com\/index.php?rest_route=\/wp\/v2\/posts\/55671\/revisions\/55674"}],"wp:featuredmedia":[{"embeddable":true,"href":"https:\/\/www.bitacoracdmx.com\/index.php?rest_route=\/wp\/v2\/media\/55672"}],"wp:attachment":[{"href":"https:\/\/www.bitacoracdmx.com\/index.php?rest_route=%2Fwp%2Fv2%2Fmedia&parent=55671"}],"wp:term":[{"taxonomy":"category","embeddable":true,"href":"https:\/\/www.bitacoracdmx.com\/index.php?rest_route=%2Fwp%2Fv2%2Fcategories&post=55671"},{"taxonomy":"post_tag","embeddable":true,"href":"https:\/\/www.bitacoracdmx.com\/index.php?rest_route=%2Fwp%2Fv2%2Ftags&post=55671"}],"curies":[{"name":"wp","href":"https:\/\/api.w.org\/{rel}","templated":true}]}}