{"id":55892,"date":"2024-03-25T05:41:58","date_gmt":"2024-03-25T05:41:58","guid":{"rendered":"https:\/\/www.bitacoracdmx.com\/?p=55892"},"modified":"2024-03-25T05:42:00","modified_gmt":"2024-03-25T05:42:00","slug":"no-nos-moveran-sobre-la-venganza-y-el-perdon-a-50-anos-de-la-masacre-del-68-tuvo-su-estreno-mundial-en-francia","status":"publish","type":"post","link":"https:\/\/www.bitacoracdmx.com\/?p=55892","title":{"rendered":"\u201cNO NOS MOVER\u00c1N\u201d, sobre la venganza y el perd\u00f3n a 50 a\u00f1os de la MASACRE DEL 68, tuvo su estreno mundial en FRANCIA"},"content":{"rendered":"\n<p>REDACCI\u00d3N<\/p>\n\n\n\n<ul>\n<li><strong>La \u00f3pera prima del cineasta mexicano Pierre Saint Martin Castellanos celebr\u00f3 su premiere durante la edici\u00f3n 36 del festival cinematogr\u00e1fico Cin\u00e9latino, Rencontres de Toulouse.<\/strong><\/li>\n\n\n\n<li><strong>La experimentada actriz Luisa Huertas protagoniza la pel\u00edcula.<\/strong><\/li>\n<\/ul>\n\n\n\n<p>El 2 de octubre de 1968 tuvo lugar uno de los episodios m\u00e1s oscuros en la historia de M\u00e9xico: la Masacre de Tlatelolco, sucedida en la Plaza de las Tres Culturas del entonces Distrito Federal. Aunque han pasado ya m\u00e1s de 50 a\u00f1os de aquel fat\u00eddico d\u00eda, sigue presente una necesidad de hablar sobre lo que pas\u00f3 y en ese contexto, el director Pierre Saint Martin Castellanos cuenta una historia diferente al respecto en su \u00f3pera prima,&nbsp;<em><strong>No nos mover\u00e1n<\/strong><\/em>, una ingeniosa comedia f\u00e1rsica sobre la b\u00fasqueda de venganza y la necesidad de perdonar para seguir adelante.<\/p>\n\n\n\n<p>Socorro es una testaruda abogada que est\u00e1 obsesionada con encontrar al soldado que mat\u00f3 a su hermano durante la Matanza del 68 en Tlatelolco. Esta necesidad de justicia enmascara una antigua culpa que la ha enemistado con su hermana Esperanza y la ha distanciado de su hijo Jorge. Despu\u00e9s de d\u00e9cadas de espera, la protagonista recibe la pista faltante para encontrar al soldado, lo que la lleva a conjurar un absurdo plan de venganza, poniendo en riesgo su patrimonio, a su familia e incluso su propia vida.<\/p>\n\n\n\n<p>La pel\u00edcula tiene como protagonista a Luisa Huertas (Socorro), en el reparto le acompa\u00f1an Rebeca Manr\u00edquez (Esperanza), Jos\u00e9 Alberto Pati\u00f1o (Siddartha), Pedro Hern\u00e1ndez (Jorge), Agustina Quinci (Luc\u00eda) y Juan Carlos Colombo (Candiani); bajo la producci\u00f3n de Varios Lobos, a cargo de V\u00edctor L\u00e9ycegui y Male Gil. Tambi\u00e9n participaron Iker Compean Leroux en la escritura del gui\u00f3n junto al director, C\u00e9sar Guti\u00e9rrez Miranda en la fotograf\u00eda que en este caso es en blanco y negro, y Alejandro Otaola como compositor del score original. De igual forma, vale la pena destacar que el rodaje tuvo lugar en Tlatelolco.<\/p>\n\n\n\n<p>Tras haber sido parte de Cin\u00e9ma en construction 41 \/ Toulouse 2022, No nos mover\u00e1n se estren\u00f3 mundialmente durante la edici\u00f3n de este a\u00f1o del \u201cCin\u00e9latino, Rencontres de Toulouse\u201d, encuentro f\u00edlmico enfocado en producciones latinoamericanas, que comenz\u00f3 el pasado 15 de marzo y terminar\u00e1 el d\u00eda 24 de este&nbsp; mismo mes. La cinta mexicana se proyect\u00f3 el lunes 18 de marzo con sala llena, como parte de la Selecci\u00f3n Oficial en la Competencia de Largometraje de Ficci\u00f3n del festival, y posteriormente tuvo una segunda proyecci\u00f3n el viernes 22 de marzo.<\/p>\n\n\n\n<p>\u201cLa respuesta estuvo muy bien, hubo un p\u00fablico muy variado con personas muy j\u00f3venes y adultos mayores, fue muy interesante ver su respuesta junto con la de algunas personas especializadas en cine que les gust\u00f3 la pel\u00edcula y conectaron con ella. Nos quedamos media hora platicando con la gente, la proyecci\u00f3n estuvo muy bien, las personas respondieron y les interes\u00f3 mucho la combinaci\u00f3n de comedia con un evento tr\u00e1gico, fue una experiencia muy positiva. Despu\u00e9s, un jurado joven escogi\u00f3 la pel\u00edcula para entrevistarnos porque quer\u00eda saber m\u00e1s acerca de ella; me inspir\u00f3 mucho ver a un jurado joven tan interesado en una pel\u00edcula protagonizada por un adulto mayor, fue muy agradable y muy inesperado ver esa respuesta. La pel\u00edcula ha despertado mucho inter\u00e9s entre la gente del festival y sus asistentes\u201d, comparti\u00f3, emocionado, Pierre Saint Martin Castellanos sobre su primera funci\u00f3n en el \u201cCin\u00e9latino, Rencontres de Toulouse\u201d, donde estuvo acompa\u00f1ado por el actor Pedro Hern\u00e1ndez, al igual que por sus productores: V\u00edctor L\u00e9ycegui y Male Gil.<\/p>\n\n\n\n<p><strong>Sobre Pierre Saint Martin Castellanos<\/strong><\/p>\n\n\n\n<p>Se gradu\u00f3 de la carrera de Comunicaci\u00f3n Social y de la carrera de Cinematograf\u00eda en el CUEC\u2010UNAM. Su trabajo ha sido premiado en festivales internacionales. Fue seleccionado para participar en el Taller del Festival de Cine de San Sebasti\u00e1n, en el Talent Campus de la Berlinale y en el Morelia\u2010Sundance screenwriters lab. Ha dirigido cortometrajes como La ahorcadita, Mejor Cortometraje Documental en DOCS DF Festival; Estas horas son m\u00e1s bellas que mis d\u00edas, Mejor Cortometraje en el Festival Universitario de Cine Mantarraya; y Tristeza, Mejor Cortometraje del Festival de Cine Universitario Pantalla Abierta y Premio del Jurado en el Festival de Monterrey.<\/p>\n\n\n\n<p><a href=\"https:\/\/www.facebook.com\/hashtag\/nonosmoveran?__eep__=6&amp;__cft__[0]=AZWReVdRj50SBaQcMYy2ZVerSyRQOQJQnmVUudOpH6zEGBGgxBUjLIUiKs28XOJEOQqupOwJCV9QROziY4DYnzybbBzP_ctaCRDSX_ioiyta5Mps6ANAhWK-vTCSOnojY7g&amp;__tn__=*NK-R\">#nonosmoveran<\/a><\/p>\n\n\n\n<p><a href=\"https:\/\/www.facebook.com\/hashtag\/toulouse?__eep__=6&amp;__cft__[0]=AZWReVdRj50SBaQcMYy2ZVerSyRQOQJQnmVUudOpH6zEGBGgxBUjLIUiKs28XOJEOQqupOwJCV9QROziY4DYnzybbBzP_ctaCRDSX_ioiyta5Mps6ANAhWK-vTCSOnojY7g&amp;__tn__=*NK-R\">#toulouse<\/a><\/p>\n\n\n\n<p><a href=\"https:\/\/www.facebook.com\/hashtag\/bitacoracdmx?__eep__=6&amp;__cft__[0]=AZWReVdRj50SBaQcMYy2ZVerSyRQOQJQnmVUudOpH6zEGBGgxBUjLIUiKs28XOJEOQqupOwJCV9QROziY4DYnzybbBzP_ctaCRDSX_ioiyta5Mps6ANAhWK-vTCSOnojY7g&amp;__tn__=*NK-R\">#bitacoracdmx<\/a><\/p>\n","protected":false},"excerpt":{"rendered":"<p>REDACCI\u00d3N El 2 de octubre de 1968 tuvo lugar uno de los episodios m\u00e1s oscuros en la historia de M\u00e9xico: la Masacre de Tlatelolco, sucedida en la Plaza de las Tres Culturas del entonces Distrito Federal. Aunque han pasado ya m\u00e1s de 50 a\u00f1os de aquel fat\u00eddico d\u00eda, sigue presente una necesidad de hablar sobre lo que pas\u00f3 y en ese contexto, el director Pierre Saint Martin Castellanos cuenta una historia diferente al respecto en su \u00f3pera prima,&nbsp;No nos mover\u00e1n, una ingeniosa comedia f\u00e1rsica sobre la b\u00fasqueda de venganza y la necesidad de perdonar para seguir adelante. Socorro es una [&hellip;]<\/p>\n","protected":false},"author":1,"featured_media":55893,"comment_status":"closed","ping_status":"closed","sticky":false,"template":"","format":"standard","meta":{"footnotes":""},"categories":[3,9],"tags":[],"_links":{"self":[{"href":"https:\/\/www.bitacoracdmx.com\/index.php?rest_route=\/wp\/v2\/posts\/55892"}],"collection":[{"href":"https:\/\/www.bitacoracdmx.com\/index.php?rest_route=\/wp\/v2\/posts"}],"about":[{"href":"https:\/\/www.bitacoracdmx.com\/index.php?rest_route=\/wp\/v2\/types\/post"}],"author":[{"embeddable":true,"href":"https:\/\/www.bitacoracdmx.com\/index.php?rest_route=\/wp\/v2\/users\/1"}],"replies":[{"embeddable":true,"href":"https:\/\/www.bitacoracdmx.com\/index.php?rest_route=%2Fwp%2Fv2%2Fcomments&post=55892"}],"version-history":[{"count":1,"href":"https:\/\/www.bitacoracdmx.com\/index.php?rest_route=\/wp\/v2\/posts\/55892\/revisions"}],"predecessor-version":[{"id":55894,"href":"https:\/\/www.bitacoracdmx.com\/index.php?rest_route=\/wp\/v2\/posts\/55892\/revisions\/55894"}],"wp:featuredmedia":[{"embeddable":true,"href":"https:\/\/www.bitacoracdmx.com\/index.php?rest_route=\/wp\/v2\/media\/55893"}],"wp:attachment":[{"href":"https:\/\/www.bitacoracdmx.com\/index.php?rest_route=%2Fwp%2Fv2%2Fmedia&parent=55892"}],"wp:term":[{"taxonomy":"category","embeddable":true,"href":"https:\/\/www.bitacoracdmx.com\/index.php?rest_route=%2Fwp%2Fv2%2Fcategories&post=55892"},{"taxonomy":"post_tag","embeddable":true,"href":"https:\/\/www.bitacoracdmx.com\/index.php?rest_route=%2Fwp%2Fv2%2Ftags&post=55892"}],"curies":[{"name":"wp","href":"https:\/\/api.w.org\/{rel}","templated":true}]}}