{"id":55895,"date":"2024-03-25T05:57:32","date_gmt":"2024-03-25T05:57:32","guid":{"rendered":"https:\/\/www.bitacoracdmx.com\/?p=55895"},"modified":"2024-03-25T05:57:35","modified_gmt":"2024-03-25T05:57:35","slug":"dos-grandes-leyendas-del-tango-llegan-a-mexico-baglietto-vitale","status":"publish","type":"post","link":"https:\/\/www.bitacoracdmx.com\/?p=55895","title":{"rendered":"Dos grandes leyendas del Tango llegan a M\u00e9xico BAGLIETTO-VITALE"},"content":{"rendered":"\n<p>REDACCI\u00d3N<\/p>\n\n\n\n<p>\u00b7 La esencia del d\u00fao argentino ahora viene a conquistar el coraz\u00f3n del p\u00fablico mexicano<\/p>\n\n\n\n<p>\u00b7 Dos \u00fanicas fechas en mayo: Puebla y Ciudad de M\u00e9xico<\/p>\n\n\n\n<p>Tantas canciones han tocado juntos, tantos \u00e1lbumes hicieron a d\u00fao estos \u00faltimos 32 a\u00f1os, tanto tienen por compartir todav\u00eda que a la hora de armar un nuevo show son infinitas las ideas art\u00edsticas para compartir con su p\u00fablico.<\/p>\n\n\n\n<p><strong>Baglietto Vitale<\/strong>&nbsp;siguen sorprendiendo tanto \u201cinterviniendo\u201d canciones que a\u00fan no hab\u00edan tocado como revisitando la infinidad de cl\u00e1sicos ya conocidos.<\/p>\n\n\n\n<p>La idea de este \u201cNuevo show\u201d es reencontrarse con las personas que los siguen desde hace tantos a\u00f1os intentando sorprenderlas con algunas nuevas canciones, emocionarlas con los tangos de siempre y los nuevos, \u00a1disfrutar de compartir el show con dos de sus hijos, Juli\u00e1n y Jano y renovar la felicidad de hacer m\u00fasica juntos!<\/p>\n\n\n\n<p><strong>Baglietto Vitale<\/strong>, llegan a M\u00e9xico para hacer dos presentaciones:&nbsp;<strong>martes 7 de mayo<\/strong>&nbsp;en&nbsp;<strong>Sala Forum Puebla<\/strong>, ubicado en Avenida M. \u00c1vila Camacho, Santiago Xicotenco, San Andr\u00e9s Cholula, Puebla<\/p>\n\n\n\n<p>Los boletos de pueden adquirir en: https:\/\/bagliettovitalepuebla.boletia.com\/<\/p>\n\n\n\n<p>El segundo concierto se llevar\u00e1 a cabo el&nbsp;<strong>mi\u00e9rcoles 8 de mayo<\/strong>&nbsp;a las&nbsp;<strong>20 hrs.<\/strong>&nbsp;en&nbsp;<strong>Central Granada<\/strong>, ubicado en Lago Tanganica 67, Granada, (Polanco) Ciudad de M\u00e9xico.<\/p>\n\n\n\n<p>Los boletos de pueden adquirir en: https:\/\/bagliettovitalecdmx.boletia.com\/<\/p>\n\n\n\n<p><strong>Juan Carlos Baglietto y Lito Vitale<\/strong>&nbsp;iniciaron un proyecto conjunto en 1991, que se coron\u00f3 con el disco &#8220;Postales de este lado del mundo&#8221;, con canciones de autores populares como Carlos Gardel, Homero Manzi, los Exp\u00f3sito, Mariano Mores y Disc\u00e9polo.<\/p>\n\n\n\n<p>En el a\u00f1o 2000 editaron &#8220;No olvides&#8221;. Al a\u00f1o siguiente volvieron a juntarse para editar &#8220;Qu\u00e9 m\u00e1s hacer en esta tierra incendiada sino cantar&#8221; y presentar el material en el Teatro \u00d3pera.<\/p>\n\n\n\n<p>En 2003 llega el fin del d\u00fao, al menos en lo que se refiere a la edici\u00f3n de \u00e1lbumes, plasmado en el disco &#8220;La despedida&#8221;.<\/p>\n\n\n\n<p>En 2006 versionan la canci\u00f3n &#8220;Jijiji&#8221; de Patricio Rey y sus Redonditos de Ricota.<\/p>\n\n\n\n<p>En el a\u00f1o 2019 editan el CD llamado &#8220;Canciones inoxidables&#8221;, realizando giras present\u00e1ndolo en diversas localidades.<\/p>\n\n\n\n<p>En el a\u00f1o 2011 vuelven a formar el d\u00fao&nbsp;<strong>Baglietto-Vitale<\/strong>&nbsp;que es recibido con gran \u00e9xito y continuando la actividad con dos nuevos CD<\/p>\n\n\n\n<p>Durante 2012, la dupla se present\u00f3 en varias localidades de Argentina. El 7 de noviembre de ese a\u00f1o CM, el Canal de la M\u00fasica, transmiti\u00f3 en vivo la 14\u00b0 edici\u00f3n de los Premios Gardel a la M\u00fasica. El \u00e1lbum &#8220;M\u00e1s de lo mismo&#8221; fue galardonado como Mejor \u00c1lbum Conceptual y la terna se completaba con Tom Lupo, e Int\u00e9rpretes Varios (en un tributo a Bob Marley); y ternado como Mejor DVD, compartiendo terna con Miguel Mateos y Diego Torres, quien se llev\u00f3 la estatuilla.<\/p>\n\n\n\n<p>Tambi\u00e9n ese mismo a\u00f1o editan el disco &#8220;Cl\u00e1sicos y Ac\u00fasticos&#8221; grabado en vivo en el Teatro Col\u00f3n el 22 de junio de 2012.<\/p>\n\n\n\n<p>En el a\u00f1o 2019 edita junto a Lito Vitale un nuevo CD llamado &#8220;Canciones inoxidables&#8221;, realizando giras present\u00e1ndolo en diversas localidades .<\/p>\n\n\n\n<p>En el 2021 celebran sus 30 a\u00f1os de carrera juntos en la gira nacional \u201c30 A\u00f1os Celebraci\u00f3n\u201d.<\/p>\n\n\n\n<p>\u200bEn el 2023 EP llamado &#8220;Tangos&#8221;. En este material adem\u00e1s de su particular interpretaci\u00f3n de Tangos como \u201cSur\u201d, \u201cCuartito azul\u201d, \u201cMalena\u201d o \u201cCafet\u00edn de Buenos Aires, tambi\u00e9n ponen en primer plano la esencia tanguera de canciones del rock argentino como \u201cViernes 3 A.M.\u201d, la canci\u00f3n de Fito P\u00e1ez \u201cSobre la cuerda floja\u201d, que Baglietto incluy\u00f3 en su \u00e1lbum debut, pero esta vez con participaci\u00f3n del ensamble \u201cLa orquestita\u201d, aquel que viene colaborando con el d\u00fao hace a\u00f1os.<\/p>\n\n\n\n<p>\u200b<a href=\"https:\/\/www.facebook.com\/hashtag\/baglietto?__eep__=6&amp;__cft__[0]=AZX7DfetLLNQ-NIt68sOOhgEl6DZU6tAl9nUBVuLGisCQ4Znrmnb1LQ8QHvbCGTJRLR2vC4xfkpsI5zeKpN1sHz3wZLS01el47QJN6IQnkHDYVEnPTTAC-0jzc5SAHC6oVg&amp;__tn__=*NK-R\">#baglietto<\/a><\/p>\n\n\n\n<p><a href=\"https:\/\/www.facebook.com\/hashtag\/vitale?__eep__=6&amp;__cft__[0]=AZX7DfetLLNQ-NIt68sOOhgEl6DZU6tAl9nUBVuLGisCQ4Znrmnb1LQ8QHvbCGTJRLR2vC4xfkpsI5zeKpN1sHz3wZLS01el47QJN6IQnkHDYVEnPTTAC-0jzc5SAHC6oVg&amp;__tn__=*NK-R\">#vitale<\/a><\/p>\n\n\n\n<p><a href=\"https:\/\/www.facebook.com\/hashtag\/tango?__eep__=6&amp;__cft__[0]=AZX7DfetLLNQ-NIt68sOOhgEl6DZU6tAl9nUBVuLGisCQ4Znrmnb1LQ8QHvbCGTJRLR2vC4xfkpsI5zeKpN1sHz3wZLS01el47QJN6IQnkHDYVEnPTTAC-0jzc5SAHC6oVg&amp;__tn__=*NK-R\">#tango<\/a><\/p>\n\n\n\n<p><a href=\"https:\/\/www.facebook.com\/hashtag\/salaforumpuebla?__eep__=6&amp;__cft__[0]=AZX7DfetLLNQ-NIt68sOOhgEl6DZU6tAl9nUBVuLGisCQ4Znrmnb1LQ8QHvbCGTJRLR2vC4xfkpsI5zeKpN1sHz3wZLS01el47QJN6IQnkHDYVEnPTTAC-0jzc5SAHC6oVg&amp;__tn__=*NK-R\">#salaforumpuebla<\/a><\/p>\n\n\n\n<p><a href=\"https:\/\/www.facebook.com\/hashtag\/centralgranada?__eep__=6&amp;__cft__[0]=AZX7DfetLLNQ-NIt68sOOhgEl6DZU6tAl9nUBVuLGisCQ4Znrmnb1LQ8QHvbCGTJRLR2vC4xfkpsI5zeKpN1sHz3wZLS01el47QJN6IQnkHDYVEnPTTAC-0jzc5SAHC6oVg&amp;__tn__=*NK-R\">#centralgranada<\/a><\/p>\n\n\n\n<p><a href=\"https:\/\/www.facebook.com\/hashtag\/bitacoracdmx?__eep__=6&amp;__cft__[0]=AZX7DfetLLNQ-NIt68sOOhgEl6DZU6tAl9nUBVuLGisCQ4Znrmnb1LQ8QHvbCGTJRLR2vC4xfkpsI5zeKpN1sHz3wZLS01el47QJN6IQnkHDYVEnPTTAC-0jzc5SAHC6oVg&amp;__tn__=*NK-R\">#bitacoracdmx<\/a><\/p>\n\n\n\n<p>\u200b<\/p>\n","protected":false},"excerpt":{"rendered":"<p>REDACCI\u00d3N \u00b7 La esencia del d\u00fao argentino ahora viene a conquistar el coraz\u00f3n del p\u00fablico mexicano \u00b7 Dos \u00fanicas fechas en mayo: Puebla y Ciudad de M\u00e9xico Tantas canciones han tocado juntos, tantos \u00e1lbumes hicieron a d\u00fao estos \u00faltimos 32 a\u00f1os, tanto tienen por compartir todav\u00eda que a la hora de armar un nuevo show son infinitas las ideas art\u00edsticas para compartir con su p\u00fablico. Baglietto Vitale&nbsp;siguen sorprendiendo tanto \u201cinterviniendo\u201d canciones que a\u00fan no hab\u00edan tocado como revisitando la infinidad de cl\u00e1sicos ya conocidos. La idea de este \u201cNuevo show\u201d es reencontrarse con las personas que los siguen desde hace [&hellip;]<\/p>\n","protected":false},"author":1,"featured_media":55896,"comment_status":"closed","ping_status":"closed","sticky":false,"template":"","format":"standard","meta":{"footnotes":""},"categories":[9,11],"tags":[],"_links":{"self":[{"href":"https:\/\/www.bitacoracdmx.com\/index.php?rest_route=\/wp\/v2\/posts\/55895"}],"collection":[{"href":"https:\/\/www.bitacoracdmx.com\/index.php?rest_route=\/wp\/v2\/posts"}],"about":[{"href":"https:\/\/www.bitacoracdmx.com\/index.php?rest_route=\/wp\/v2\/types\/post"}],"author":[{"embeddable":true,"href":"https:\/\/www.bitacoracdmx.com\/index.php?rest_route=\/wp\/v2\/users\/1"}],"replies":[{"embeddable":true,"href":"https:\/\/www.bitacoracdmx.com\/index.php?rest_route=%2Fwp%2Fv2%2Fcomments&post=55895"}],"version-history":[{"count":1,"href":"https:\/\/www.bitacoracdmx.com\/index.php?rest_route=\/wp\/v2\/posts\/55895\/revisions"}],"predecessor-version":[{"id":55897,"href":"https:\/\/www.bitacoracdmx.com\/index.php?rest_route=\/wp\/v2\/posts\/55895\/revisions\/55897"}],"wp:featuredmedia":[{"embeddable":true,"href":"https:\/\/www.bitacoracdmx.com\/index.php?rest_route=\/wp\/v2\/media\/55896"}],"wp:attachment":[{"href":"https:\/\/www.bitacoracdmx.com\/index.php?rest_route=%2Fwp%2Fv2%2Fmedia&parent=55895"}],"wp:term":[{"taxonomy":"category","embeddable":true,"href":"https:\/\/www.bitacoracdmx.com\/index.php?rest_route=%2Fwp%2Fv2%2Fcategories&post=55895"},{"taxonomy":"post_tag","embeddable":true,"href":"https:\/\/www.bitacoracdmx.com\/index.php?rest_route=%2Fwp%2Fv2%2Ftags&post=55895"}],"curies":[{"name":"wp","href":"https:\/\/api.w.org\/{rel}","templated":true}]}}