{"id":55898,"date":"2024-03-25T06:14:36","date_gmt":"2024-03-25T06:14:36","guid":{"rendered":"https:\/\/www.bitacoracdmx.com\/?p=55898"},"modified":"2024-03-25T06:14:37","modified_gmt":"2024-03-25T06:14:37","slug":"el-centro-cultural-helenico-anuncia-el-ciclo-martes-de-titeres-y-objetos-2024","status":"publish","type":"post","link":"https:\/\/www.bitacoracdmx.com\/?p=55898","title":{"rendered":"El Centro Cultural Hel\u00e9nico anuncia el ciclo: Martes de t\u00edteres y objetos, 2024"},"content":{"rendered":"\n<p>REDACCI\u00d3N <\/p>\n\n\n\n<ul>\n<li>Conformado por nueve proyectos dirigidos a infancias, j\u00f3venes y adultos, as\u00ed como dos talleres<\/li>\n\n\n\n<li>Presentaciones del 26 de marzo al 21 de mayo en el Foro Alternativo<\/li>\n\n\n\n<li>Talleres presenciales del 31 de marzo al 5 de mayo en el Sal\u00f3n de ensayos<\/li>\n\n\n\n<li>Funciones de entrada libre con aforo limitado a 60 personas<\/li>\n<\/ul>\n\n\n\n<p>Regresan los\u00a0<strong><em>Martes de t\u00edteres y objetos<\/em><\/strong>\u00a0para cautivar a infancias inquietas y a personas adultas curiosas. La programaci\u00f3n est\u00e1 conformada por nueve espect\u00e1culos con diferentes compa\u00f1\u00edas dedicadas a este lenguaje y dos talleres sobre teatro de papel y dise\u00f1o de puesta en escena para t\u00edteres, que se llevar\u00e1n a cabo del 26 de marzo al 21 de mayo de 2024, en el Foro Alternativo del Centro Cultural Hel\u00e9nico y la entrada ser\u00e1 libre.<br>\u00a0<br>Los t\u00edteres se erigen como una forma de expresi\u00f3n art\u00edstica \u00fanica, un medio id\u00f3neo para abordar todo tipo de tem\u00e1ticas, as\u00ed como una herramienta l\u00fadica y de comunicaci\u00f3n. Su versatilidad y capacidad para enarbolar ficciones los convierten en un fen\u00f3meno fascinante, accesible y atractivo para el p\u00fablico de todas las edades.<br>\u00a0<br>Desde el teatro de calle hasta las obras escenificadas en teatros establecidos, los t\u00edteres han sido empleados hist\u00f3ricamente para satirizar, parodiar, ense\u00f1ar y estimular el pensamiento cr\u00edtico de forma divertida. En esta emisi\u00f3n, las y los asistentes podr\u00e1n apreciar espect\u00e1culos en diferentes t\u00e9cnicas de manipulaci\u00f3n dirigidos a p\u00fablico de todas las edades.<br>\u00a0<br><strong>A continuaci\u00f3n, la programaci\u00f3n del ciclo\u00a0<em>Martes de t\u00edteres y objetos,<\/em>\u00a02024<\/strong><br>\u00a0<br><strong><em>Rel\u00e1mpagos. Mujeres latinoamericanas<\/em><\/strong>\u00a0\u2022 Martes 26 de marzo, 18 h<br><strong>Compa\u00f1\u00eda Teatro de la materia<\/strong><br>Idea original de Paolina Orta. Cuatro poetas instalados en lo alto de un edificio citadino hacen posible una experiencia esc\u00e9nica sublime; donde, a manera de rel\u00e1mpagos, nos muestran su paso por este mundo.<br>\u00a0<br><strong><em>El principito<\/em><\/strong>\u00a0\u2022 Martes 2 de abril, 18 h<br><strong>De Susy L\u00f3pez<\/strong>, versi\u00f3n libre de la novela de Antoine de Saint-Exup\u00e9ry. El m\u00e1s encantador de los cl\u00e1sicos literarios es llevado a escena con varias t\u00e9cnicas de t\u00edteres: hilos, gui\u00f1ol, manipulaci\u00f3n directa, fantoche, boc\u00f3n, varilla y sombras chinas. Se trata de una reflexi\u00f3n sobre la b\u00fasqueda de la felicidad, la amistad y el sentido de nuestra existencia.<br>\u00a0<br><strong><em>Hurak\u00e1n: gesto sonoro para t\u00edteres y teatrino<\/em><\/strong>\u00a0\u2022 Martes 9 de abril, 18 h<br><strong>Compa\u00f1\u00eda Ars Vita<\/strong><br>Idea original y dramaturgia de Emmanuel Vega. Interpretaci\u00f3n esc\u00e9nica y sonora donde los personajes y los t\u00edteres utilizan sensores para generar sonidos relacionados con el agua y la cultura del llamado \u201chuachicol\u201d en M\u00e9xico. La obra la integran cuatro ejercicios basados en noticias con improvisaci\u00f3n y adaptaci\u00f3n para la audiencia.<br>\u00a0<br><strong><em>Un patak\u00ed de la creaci\u00f3n<\/em><\/strong>\u00a0\u2022 Martes 16 de abril, 18 h<br><strong>Compa\u00f1\u00eda Teatro del Gato<\/strong><br>De Isabel Baz\u00e1n. Isabel se cuestiona: \u00bfd\u00f3nde est\u00e1 el universo?, \u00bfde d\u00f3nde sali\u00f3 todo lo que ve y se asoma en las historias de la creaci\u00f3n del mundo de la tradici\u00f3n yoruba? Indagando, descubre c\u00f3mo los orishas crearon el mundo bajando por una cadena de oro desde el cielo y c\u00f3mo tratan de curar al padre Olof\u00edn para mantener el orden en el cielo, la tierra y los mares para salvar a la humanidad de la gran inundaci\u00f3n.<br>\u00a0<br><strong><em>Era un lobo\u2026 \u00bfferoz?<\/em><\/strong>\u00a0\u2022 Martes 23 de abril, 18 h<br><strong>Badulake Teatro de t\u00edteres<\/strong><br>De Carla Canseco, dramaturgia y direcci\u00f3n, Jos\u00e9 Luis Cruz. En esta versi\u00f3n del cuento cl\u00e1sico\u00a0<em>El lobo feroz y los tres cochinitos<\/em>, una loba mexicana nos cuenta su traves\u00eda al intentar vivir en armon\u00eda junto al resto de los animales de la pradera, bajo el reinado de M\u00e1ximus Porcimus, un cerdo capitalista que quiere explotar los bienes de todos.<br>\u00a0<br><strong><em>Sopita de letras<\/em><\/strong>\u00a0\u2022 Martes 30 de abril, 18 h<br><strong>Compa\u00f1\u00eda Dagon Producciones<\/strong><br>De Luisa Aguilar. Un par de exploradoras emprenden una misi\u00f3n: llevar a Brije al mejor lugar del mundo para ver las estrellas. El bosque y la noche tendr\u00e1n el escenario perfecto para que la luna sea la protagonista de una historia llena de amor y aceptaci\u00f3n a lo desconocido.<br>\u00a0<br><strong><em>La olla y el cuchar\u00f3n<\/em><\/strong>\u00a0\u2022 Martes 7 de mayo, 18 h<br><strong>Compa\u00f1\u00eda La Gaviota Teatro<\/strong><br>Dramaturgia y direcci\u00f3n de Ra\u00fal \u00c1ngeles. Versi\u00f3n libre de un cuento de Michael Ende. La obra narra la historia de una olla y un cuchar\u00f3n muy especiales; una historia contada con t\u00edteres y objetos que transportar\u00e1 a las y los espectadores a un banquete lleno de emociones y momentos muy divertidos.<br>\u00a0<br><strong><em>Afortunada<\/em><\/strong>\u00a0\u2022 Martes 14 de mayo, 18 h<br><strong>Compa\u00f1\u00eda In Situ Arte Esc\u00e9nico<\/strong><br>Autor\u00eda y direcci\u00f3n de Horacio Trujillo. Esta es la historia de Afortunada y Zorbas, una peque\u00f1a gaviota y el gato que la ense\u00f1\u00f3 a volar; se trata de un espect\u00e1culo de t\u00edteres para toda la familia que nos muestra la conformaci\u00f3n de una familia en donde, las diferencias de origen y de apariencia, se superan con amor y respeto.<br>\u00a0<br><strong><em>Los gigantes ego\u00edstas<\/em><\/strong>\u00a0\u2022 Martes 21 de mayo, 18 h<br><strong>Compa\u00f1\u00eda Tlacuache T\u00edteres<\/strong><br>Dramaturgia, direcci\u00f3n e interpretaci\u00f3n de Sergio Aguilera (Tlacuache). Inspirado en el cuento\u00a0<em>El gigante ego\u00edsta<\/em>, de Oscar Wilde, este montaje nos presenta una adaptaci\u00f3n al mundo actual a partir de la mirada de cinco personajes que se enfrentan al mismo problema: la p\u00e9rdida del espacio p\u00fablico, las implicaciones negativas de la sobreexplotaci\u00f3n de recursos y la sobreproducci\u00f3n que rige la actividad econ\u00f3mica en nuestros d\u00edas.<br>\u00a0<br><strong>Talleres\u00a0<\/strong>(Sal\u00f3n de ensayos del Centro Cultural Hel\u00e9nico)<br>\u00a0<br><strong>Dise\u00f1o de puesta en escena para teatro de t\u00edteres \u2022\u00a0<\/strong>Del 31 de marzo al 5 de mayo<br>Impartido por Gabriel Silva. Est\u00e1 dise\u00f1ado para que se conozca y aprenda a conceptualizar un proyecto esc\u00e9nico. En \u00e9l se indagar\u00e1 en tem\u00e1ticas como el dise\u00f1o esc\u00e9nico para t\u00edteres, el desarrollo de variaciones en dise\u00f1o esc\u00e9nico, la forma y el sentido del objeto y la \u201cmarionetizaci\u00f3n\u201d de la escena.<br>\u00a0<br><strong>Aproximaci\u00f3n a la producci\u00f3n de espect\u00e1culos de teatro de papel\u00a0<\/strong>\u2022 Del 15 al 20 de abril<br>Impartido por Alejandro Ben\u00edtez. Taller introductorio a la historia del teatro de juguete donde se indagar\u00e1 en la construcci\u00f3n de teatrinos, escenograf\u00edas y t\u00edteres con cajas de cart\u00f3n de diferentes tama\u00f1os y papel.<br>\u00a0<br>En 2024, el p\u00fablico encontrar\u00e1 en este ciclo puestas en escena que describen problem\u00e1ticas actuales, narran cl\u00e1sicos literarios y promueven el cuidado del medioambiente.<br>\u00a0<br>Las funciones de los<strong>\u00a0<em>Martes de t\u00edteres<\/em>\u00a0<em>y objetos<\/em>\u00a0son de entrada libre y se llevar\u00e1n a cabo del 26 de marzo al 21 de mayo en el Foro Alternativo<\/strong>, espacio con un aforo de 60 personas (se recomienda llegar con 35 minutos de antelaci\u00f3n); mientras que\u00a0<strong>los talleres se celebrar\u00e1n en el Sal\u00f3n de ensayos del Centro Cultural Hel\u00e9nico del 31 de marzo al 5 de mayo de 2024<\/strong>, tambi\u00e9n son de\u00a0<strong>entrada libre<\/strong>\u00a0con\u00a0<strong>previa inscripci\u00f3n al correo electr\u00f3nico: helenicoenlinea@cultura.gob.mx<\/strong>. Las bases y los requisitos se encuentran en las p\u00e1ginas:\u00a0<strong>helenico.gob.mx<\/strong>\u00a0y\u00a0<strong>mexicoescultura.com<\/strong>.<\/p>\n\n\n\n<p><a href=\"https:\/\/www.facebook.com\/hashtag\/centroculturalhelenico?__eep__=6&amp;__cft__[0]=AZXqAzdJTFWpTlhFJh1Y1a-uoQeANIdil9HbHCdhnoEPT89DyS6FIOyG91QbmqIyDqlAKLi9TZ3dP3Ov_rI0fYZEmQOFyxpXL3L5FALF_3-cxpjT8XJ_iOk9Gc4x7R0UBJg&amp;__tn__=*NK-R\">#centroculturalhelenico<\/a><\/p>\n\n\n\n<p><a href=\"https:\/\/www.facebook.com\/hashtag\/martesdetiteres?__eep__=6&amp;__cft__[0]=AZXqAzdJTFWpTlhFJh1Y1a-uoQeANIdil9HbHCdhnoEPT89DyS6FIOyG91QbmqIyDqlAKLi9TZ3dP3Ov_rI0fYZEmQOFyxpXL3L5FALF_3-cxpjT8XJ_iOk9Gc4x7R0UBJg&amp;__tn__=*NK-R\">#martesdetiteres<\/a><\/p>\n\n\n\n<p><a href=\"https:\/\/www.facebook.com\/hashtag\/foroalternativo?__eep__=6&amp;__cft__[0]=AZXqAzdJTFWpTlhFJh1Y1a-uoQeANIdil9HbHCdhnoEPT89DyS6FIOyG91QbmqIyDqlAKLi9TZ3dP3Ov_rI0fYZEmQOFyxpXL3L5FALF_3-cxpjT8XJ_iOk9Gc4x7R0UBJg&amp;__tn__=*NK-R\">#foroalternativo<\/a><\/p>\n\n\n\n<p><a href=\"https:\/\/www.facebook.com\/hashtag\/bitacoracdmx?__eep__=6&amp;__cft__[0]=AZXqAzdJTFWpTlhFJh1Y1a-uoQeANIdil9HbHCdhnoEPT89DyS6FIOyG91QbmqIyDqlAKLi9TZ3dP3Ov_rI0fYZEmQOFyxpXL3L5FALF_3-cxpjT8XJ_iOk9Gc4x7R0UBJg&amp;__tn__=*NK-R\">#bitacoracdmx<\/a><\/p>\n\n\n\n<p><br>\u00a0<\/p>\n","protected":false},"excerpt":{"rendered":"<p>REDACCI\u00d3N Regresan los\u00a0Martes de t\u00edteres y objetos\u00a0para cautivar a infancias inquietas y a personas adultas curiosas. La programaci\u00f3n est\u00e1 conformada por nueve espect\u00e1culos con diferentes compa\u00f1\u00edas dedicadas a este lenguaje y dos talleres sobre teatro de papel y dise\u00f1o de puesta en escena para t\u00edteres, que se llevar\u00e1n a cabo del 26 de marzo al 21 de mayo de 2024, en el Foro Alternativo del Centro Cultural Hel\u00e9nico y la entrada ser\u00e1 libre.\u00a0Los t\u00edteres se erigen como una forma de expresi\u00f3n art\u00edstica \u00fanica, un medio id\u00f3neo para abordar todo tipo de tem\u00e1ticas, as\u00ed como una herramienta l\u00fadica y de comunicaci\u00f3n. [&hellip;]<\/p>\n","protected":false},"author":1,"featured_media":55899,"comment_status":"closed","ping_status":"closed","sticky":false,"template":"","format":"standard","meta":{"footnotes":""},"categories":[9,14],"tags":[],"_links":{"self":[{"href":"https:\/\/www.bitacoracdmx.com\/index.php?rest_route=\/wp\/v2\/posts\/55898"}],"collection":[{"href":"https:\/\/www.bitacoracdmx.com\/index.php?rest_route=\/wp\/v2\/posts"}],"about":[{"href":"https:\/\/www.bitacoracdmx.com\/index.php?rest_route=\/wp\/v2\/types\/post"}],"author":[{"embeddable":true,"href":"https:\/\/www.bitacoracdmx.com\/index.php?rest_route=\/wp\/v2\/users\/1"}],"replies":[{"embeddable":true,"href":"https:\/\/www.bitacoracdmx.com\/index.php?rest_route=%2Fwp%2Fv2%2Fcomments&post=55898"}],"version-history":[{"count":1,"href":"https:\/\/www.bitacoracdmx.com\/index.php?rest_route=\/wp\/v2\/posts\/55898\/revisions"}],"predecessor-version":[{"id":55900,"href":"https:\/\/www.bitacoracdmx.com\/index.php?rest_route=\/wp\/v2\/posts\/55898\/revisions\/55900"}],"wp:featuredmedia":[{"embeddable":true,"href":"https:\/\/www.bitacoracdmx.com\/index.php?rest_route=\/wp\/v2\/media\/55899"}],"wp:attachment":[{"href":"https:\/\/www.bitacoracdmx.com\/index.php?rest_route=%2Fwp%2Fv2%2Fmedia&parent=55898"}],"wp:term":[{"taxonomy":"category","embeddable":true,"href":"https:\/\/www.bitacoracdmx.com\/index.php?rest_route=%2Fwp%2Fv2%2Fcategories&post=55898"},{"taxonomy":"post_tag","embeddable":true,"href":"https:\/\/www.bitacoracdmx.com\/index.php?rest_route=%2Fwp%2Fv2%2Ftags&post=55898"}],"curies":[{"name":"wp","href":"https:\/\/api.w.org\/{rel}","templated":true}]}}