{"id":55937,"date":"2024-03-28T06:56:39","date_gmt":"2024-03-28T06:56:39","guid":{"rendered":"https:\/\/www.bitacoracdmx.com\/?p=55937"},"modified":"2024-03-28T06:56:41","modified_gmt":"2024-03-28T06:56:41","slug":"feliz-cumpleanos-panteon-rococo-hoy-celebran-29-anos-de-vida-musical","status":"publish","type":"post","link":"https:\/\/www.bitacoracdmx.com\/?p=55937","title":{"rendered":"FELIZ CUMPLEA\u00d1OS PANTE\u00d3N ROCOC\u00d3, hoy celebran 29 a\u00f1os de vida musical"},"content":{"rendered":"\n<p>REDACCI\u00d3N<\/p>\n\n\n\n<p>Pante\u00f3n Rococ\u00f3, desde su nacimiento el 27 de marzo de 1995, ha trascendido las barreras de la m\u00fasica para convertirse en un \u00edcono cultural y social dentro y fuera de M\u00e9xico. Su habilidad para fusionar g\u00e9neros tan diversos como el ska, la cumbia, el rock y el punk, no solo ha definido un sonido \u00fanico sino que tambi\u00e9n ha creado un espacio donde diferentes culturas y pensamientos convergen. Esta banda no solo es conocida por su energ\u00e9tica m\u00fasica, sino tambi\u00e9n por sus letras, que a menudo abordan temas sociales y pol\u00edticos, invitando a la reflexi\u00f3n y al cambio. A lo largo de los a\u00f1os, han sabido mantenerse relevantes, evolucionando con el tiempo pero siempre fieles a sus ra\u00edces y principios.<\/p>\n\n\n\n<p>Pante\u00f3n Rococ\u00f3, una banda ic\u00f3nica en el panorama musical de M\u00e9xico y reconocida internacionalmente, celebra hoy 29 a\u00f1os de una carrera ininterrumpida, marcada por \u00e9xitos inolvidables y giras que han llevado su m\u00fasica m\u00e1s all\u00e1 de las fronteras nacionales, conquistando corazones en Estados Unidos, Sudam\u00e9rica y Europa. Este aniversario no es solo un hito en su trayectoria, sino tambi\u00e9n un testimonio de su capacidad para evolucionar y adaptarse a los cambiantes gustos musicales, manteni\u00e9ndose relevantes en una industria que nunca se detiene.<\/p>\n\n\n\n<p>Mirando hacia el futuro, Pante\u00f3n Rococ\u00f3 se enfrenta a un panorama lleno de posibilidades. Su habilidad para conectar con el p\u00fablico a trav\u00e9s de letras que hablan de realidades sociales, amor y desamor, su energ\u00eda inigualable en el escenario, son elementos que sin duda seguir\u00e1n siendo su carta de presentaci\u00f3n. Con la mirada puesta en seguir cumpliendo metas y expandiendo su legado musical, Pante\u00f3n Rococ\u00f3 est\u00e1 listo para escribir el pr\u00f3ximo cap\u00edtulo de su historia, demostrando que la m\u00fasica es un lenguaje universal capaz de unir a las personas, sin importar el paso del tiempo.<\/p>\n\n\n\n<p>En el mundo de la m\u00fasica, el \u00e9xito de una banda no solo recae en el talento y la dedicaci\u00f3n de sus integrantes sobre el escenario, sino tambi\u00e9n en el inmenso trabajo en equipo que sucede detr\u00e1s de bambalinas. Para Dar\u00edo Espinosa ( bajo) , Don Gorri ( guitarra) , Monel (guitarra), Missael ( saxofon), Paco Barajas ( tromb\u00f3n) ,Dr. Shenka (voz principal) , Felipe Bustamante (teclado) y Tanis Huerta ( percusiones) &nbsp;componentes de una agrupaci\u00f3n que ha cautivado corazones por casi tres d\u00e9cadas, este concepto va mucho m\u00e1s all\u00e1 de una simple noci\u00f3n. Cada uno de ellos, con su arte y pasi\u00f3n, reconoce que su m\u00fasica y sus logros son el resultado de un esfuerzo colectivo gigantesco.<\/p>\n\n\n\n<p>&nbsp;M\u00e1s all\u00e1 de los engranajes internos, est\u00e1 el motor que impulsa a la banda a superarse d\u00eda con d\u00eda: su p\u00fablico. Los aplausos, los cantos, las sonrisas y los gritos de emoci\u00f3n de sus seguidores son la mayor recompensa y el testimonio del impacto profundo que su m\u00fasica tiene en las vidas de tantas personas. Este v\u00ednculo especial, construido sobre la base del amor y el apoyo mutuo, ha permitido que su arte&nbsp;trascienda&nbsp;y se mantenga vibrante a trav\u00e9s de los a\u00f1os. Por todo ello, el simple pero poderoso mensaje de &#8220;\u00a1Gracias!&#8221; resuena no&nbsp;solo&nbsp;como un eco de gratitud, sino como un compromiso de seguir creando, inspirando y compartiendo su pasi\u00f3n con el mundo.<\/p>\n\n\n\n<p>Pr\u00f3ximos conciertos<\/p>\n\n\n\n<p>28 de marzo -Cd del Carmen<\/p>\n\n\n\n<p>30 de marzo -Oaxaca<\/p>\n\n\n\n<p>5 de abril- Coatzacoalcos<\/p>\n\n\n\n<p>12 de abril- Bogot\u00e1, Colombia<\/p>\n\n\n\n<p>27 de abril \u2013 Quer\u00e9taro<\/p>\n\n\n\n<p>3 de mayo- Mexicali<\/p>\n\n\n\n<p>4 de mayo- Tijuana<\/p>\n\n\n\n<p>18 de mayo- Guadalajara<\/p>\n\n\n\n<p>Agosto- Alemania<\/p>\n\n\n\n<p><strong>M\u00e1s informaci\u00f3n:<\/strong><\/p>\n\n\n\n<p>X @rococotweets. \/ IG: @rococopix \/ Fb: Pante\u00f3n Rococ\u00f3<\/p>\n\n\n\n<p>YT: Pante\u00f3n Rococ\u00f3\u00a0 \/ TK: Panteonrococotiktok<\/p>\n\n\n\n<p><a href=\"https:\/\/www.facebook.com\/hashtag\/panteonrococo?__eep__=6&amp;__cft__[0]=AZWfB942PIUXzEMMIBl8FpT18X8L0VzeoArBgRO_LhOlYAA8YwoVPKHwWAOff7Vqrrg3WaAKGke19iXV27XA4r0tUYLiUvjeACQ4vnyfxA74TGX1qwtS7B5J8TPlHdSJ0WM&amp;__tn__=*NK-R\">#PanteonRococo<\/a><\/p>\n\n\n\n<p><a href=\"https:\/\/www.facebook.com\/hashtag\/bitacoracdmx?__eep__=6&amp;__cft__[0]=AZWfB942PIUXzEMMIBl8FpT18X8L0VzeoArBgRO_LhOlYAA8YwoVPKHwWAOff7Vqrrg3WaAKGke19iXV27XA4r0tUYLiUvjeACQ4vnyfxA74TGX1qwtS7B5J8TPlHdSJ0WM&amp;__tn__=*NK-R\">#bitacoracdmx<\/a><\/p>\n","protected":false},"excerpt":{"rendered":"<p>REDACCI\u00d3N Pante\u00f3n Rococ\u00f3, desde su nacimiento el 27 de marzo de 1995, ha trascendido las barreras de la m\u00fasica para convertirse en un \u00edcono cultural y social dentro y fuera de M\u00e9xico. Su habilidad para fusionar g\u00e9neros tan diversos como el ska, la cumbia, el rock y el punk, no solo ha definido un sonido \u00fanico sino que tambi\u00e9n ha creado un espacio donde diferentes culturas y pensamientos convergen. Esta banda no solo es conocida por su energ\u00e9tica m\u00fasica, sino tambi\u00e9n por sus letras, que a menudo abordan temas sociales y pol\u00edticos, invitando a la reflexi\u00f3n y al cambio. A [&hellip;]<\/p>\n","protected":false},"author":1,"featured_media":55938,"comment_status":"closed","ping_status":"closed","sticky":false,"template":"","format":"standard","meta":{"footnotes":""},"categories":[9,11],"tags":[],"_links":{"self":[{"href":"https:\/\/www.bitacoracdmx.com\/index.php?rest_route=\/wp\/v2\/posts\/55937"}],"collection":[{"href":"https:\/\/www.bitacoracdmx.com\/index.php?rest_route=\/wp\/v2\/posts"}],"about":[{"href":"https:\/\/www.bitacoracdmx.com\/index.php?rest_route=\/wp\/v2\/types\/post"}],"author":[{"embeddable":true,"href":"https:\/\/www.bitacoracdmx.com\/index.php?rest_route=\/wp\/v2\/users\/1"}],"replies":[{"embeddable":true,"href":"https:\/\/www.bitacoracdmx.com\/index.php?rest_route=%2Fwp%2Fv2%2Fcomments&post=55937"}],"version-history":[{"count":1,"href":"https:\/\/www.bitacoracdmx.com\/index.php?rest_route=\/wp\/v2\/posts\/55937\/revisions"}],"predecessor-version":[{"id":55939,"href":"https:\/\/www.bitacoracdmx.com\/index.php?rest_route=\/wp\/v2\/posts\/55937\/revisions\/55939"}],"wp:featuredmedia":[{"embeddable":true,"href":"https:\/\/www.bitacoracdmx.com\/index.php?rest_route=\/wp\/v2\/media\/55938"}],"wp:attachment":[{"href":"https:\/\/www.bitacoracdmx.com\/index.php?rest_route=%2Fwp%2Fv2%2Fmedia&parent=55937"}],"wp:term":[{"taxonomy":"category","embeddable":true,"href":"https:\/\/www.bitacoracdmx.com\/index.php?rest_route=%2Fwp%2Fv2%2Fcategories&post=55937"},{"taxonomy":"post_tag","embeddable":true,"href":"https:\/\/www.bitacoracdmx.com\/index.php?rest_route=%2Fwp%2Fv2%2Ftags&post=55937"}],"curies":[{"name":"wp","href":"https:\/\/api.w.org\/{rel}","templated":true}]}}