{"id":56000,"date":"2024-04-02T04:11:08","date_gmt":"2024-04-02T04:11:08","guid":{"rendered":"https:\/\/www.bitacoracdmx.com\/?p=56000"},"modified":"2024-04-02T04:11:09","modified_gmt":"2024-04-02T04:11:09","slug":"anuncia-marti-batres-jefe-de-gobierno-de-la-ciudad-de-mexico-concierto-gratuito-de-interpol-en-el-zocalo","status":"publish","type":"post","link":"https:\/\/www.bitacoracdmx.com\/?p=56000","title":{"rendered":"Anuncia MART\u00cd BATRES, JEFE DE GOBIERNO DE LA CIUDAD DE M\u00c9XICO, CONCIERTO GRATUITO de INTERPOL en el Z\u00d3CALO"},"content":{"rendered":"\n<p>REDACCION<\/p>\n\n\n\n<p>\u25cf Destac\u00f3 que a la diversidad de g\u00e9neros que se han presentado en el Z\u00f3calo se suma el rock con la presentaci\u00f3n de&nbsp;<em>Interpol<\/em>, que tendr\u00e1 lugar el s\u00e1bado 20 de abril a las 19:00 horas, en beneficio de los derechos culturales de habitantes y visitantes de la Ciudad de M\u00e9xico<\/p>\n\n\n\n<p>\u25cf La secretaria de Cultura, Claudia Curiel de Icaza, tambi\u00e9n invit\u00f3 al tercer concierto de la Orquesta Filarm\u00f3nica de la Ciudad de M\u00e9xico (OFCM), que se llevar\u00e1 a cabo el 13 de abril a las 18:00 horas en el barrio de Cuautepec, Alcald\u00eda Gustavo A. Madero con el objetivo de democratizar la cultura<\/p>\n\n\n\n<p>El Jefe de Gobierno, Mart\u00ed Batres Guadarrama, anunci\u00f3 en conferencia de prensa que el&nbsp;<strong>s\u00e1bado 20 de abril<\/strong>&nbsp;a las&nbsp;<strong>19:00 horas<\/strong>, la banda neoyorquina Interpol ofrecer\u00e1 un concierto gratuito en el&nbsp;<strong>Z\u00f3calo de la Ciudad de M\u00e9xico<\/strong>.<\/p>\n\n\n\n<p>\u201cAs\u00ed como hemos tenido a la Sonora Santanera y a Julieta Venegas, ahora tenemos otro g\u00e9nero musical, bueno, tuvimos en la Noche de Primavera a los sonideros y ahora tenemos otro g\u00e9nero musical que es esta banda de rock,&nbsp;<em>Interpol<\/em>, que tambi\u00e9n tiene su pegue muy importante en nuestra ciudad. (&#8230;) As\u00ed tambi\u00e9n, en un concierto gratuito se permite el acceso de la gente, de todos los que quieran escuchar, disfrutar a esta banda de m\u00fasica&nbsp;<em>Interpol<\/em>, que ha estado en lugares cerrados donde se cobra una entrada, porque son lugares privados, pero aqu\u00ed va a estar ahora en el Z\u00f3calo de la Ciudad de M\u00e9xico\u201d, inform\u00f3.<\/p>\n\n\n\n<p>Tambi\u00e9n comparti\u00f3 que el s\u00e1bado 13 de abril a las 18:00 horas tendr\u00e1 lugar el tercer concierto de la Orquesta Filarm\u00f3nica de la Ciudad de M\u00e9xico (OFCM) en el barrio de Cuautepec de Madero, en la Alcald\u00eda Gustavo A. Madero, con el objetivo de eliminar las barreras sociales.<\/p>\n\n\n\n<p>\u201cSe va a desarrollar el tercer concierto de la Orquesta Filarm\u00f3nica de la Ciudad de M\u00e9xico en barrios emblem\u00e1ticos. Se acuerdan ustedes que fue a Tepito, luego estuvo en San Miguel Teotongo, en Iztapalapa, en la Sierra de Santa Catarina, y ahora va a estar en Cuautepec. (\u2026) Con esto seguimos trabajando para romper barreras sociales en el acceso a la cultura, al arte y a la m\u00fasica que muchas veces es considerada como m\u00fasica de sala de conciertos, para grupos electos, pero ahora la Orquesta Filarm\u00f3nica est\u00e1 saliendo a los lugares m\u00e1s lejanos y socialmente, muchas veces, con poco acceso para este tipo de actividades\u201d, se\u00f1al\u00f3.<\/p>\n\n\n\n<p>Por su parte, la secretaria de Cultura, Claudia Curiel de Icaza, destac\u00f3 la importancia de que el Z\u00f3calo capitalino, el espacio p\u00fablico m\u00e1s importante del pa\u00eds, sea escenario de diferentes g\u00e9neros musicales y permita acotar la brecha de desigualdad.<\/p>\n\n\n\n<p>Mencion\u00f3 que&nbsp;<em>Interpol<\/em>&nbsp;se ha presentado en M\u00e9xico en siete ocasiones, el a\u00f1o pasado lo hizo con la la exposici\u00f3n Big Shot City, en el marco del lanzamiento de su nuevo disco&nbsp;<em>The Other Side of Make-Believe<\/em>; y ahora lo har\u00e1n con un concierto completamente gratuito.<\/p>\n\n\n\n<p>\u201cEsta banda es emblem\u00e1tica, tiene m\u00e1s de 20 a\u00f1os, desde los 2000 fue muy importante, est\u00e1 integrada por Paul Banks, Daniel Kessler y Sam Fogarino. \u00bfY por qu\u00e9 Interpol ahora en esta diversidad de g\u00e9neros? Nos han pedido tambi\u00e9n mucho rock y rock anglo, y hemos buscado atender a los distintos p\u00fablicos. (\u2026)&nbsp;<em>Interpol<\/em>&nbsp;se muere de ganas de tocar en el Z\u00f3calo desde hace mucho tiempo, desde hace unos a\u00f1os nos hab\u00edan buscado para presentarse en el Z\u00f3calo, no hab\u00eda la coyuntura. (&#8230;) Hay una efervescencia muy importante de esta ciudad como capital cultural del mundo, no lo decimos nosotros, lo dicen&nbsp;<em>Time Out<\/em>, lo dicen en&nbsp;<em>Billboard<\/em>, lo dice mucha gente fuera del pa\u00eds\u201d, explic\u00f3.<\/p>\n\n\n\n<p>Claudia Curiel tambi\u00e9n dio detalles del repertorio que presentar\u00e1 la Orquesta Filarm\u00f3nica de la Ciudad de M\u00e9xico en Cuautepec de Madero y que permitir\u00e1 democratizar la cultura.<\/p>\n\n\n\n<p>\u201cVamos a tener m\u00fasica del siglo XVIII, XIX y XX, m\u00fasica muy emblem\u00e1tica, por ejemplo, de Rossini, de Mozart, de Paul Dukas, de Manuel de Falla, pero tambi\u00e9n de Pablo Moncayo, el Huapango, que es parte tambi\u00e9n de visibilizar el trabajo de m\u00fasica mexicana en la orquesta. En ese sentido, mencionar que en esta ocasi\u00f3n invitamos a una directora de orquesta para hacer la actividad en espacio p\u00fablico, ella es originaria de Espa\u00f1a, de Valencia, y tiene una vocaci\u00f3n social muy importante, por eso la invitamos. Ella es Julia Cruz, va a ser la directora hu\u00e9sped y tambi\u00e9n es parte de un trabajo de visibilizar el trabajo de las mujeres, no solo a nivel de composici\u00f3n, sino tambi\u00e9n en direcci\u00f3n de orquesta\u201d, finaliz\u00f3.<\/p>\n\n\n\n<p><a href=\"https:\/\/www.facebook.com\/hashtag\/interpol?__eep__=6&amp;__cft__[0]=AZUmxJXrcI5MSvRb3ateGjIOjjRts2R_fXF7CH86dEvCEs1lJ-F7Rl5r4w1iFlMIvNH5NWgrD5z37XmdwXcyORKjos699g3Fo4PNVSiL6_JppII3YuwjWlddF4Nm0rb0bpM&amp;__tn__=*NK-R\">#Interpol<\/a><\/p>\n\n\n\n<p><a href=\"https:\/\/www.facebook.com\/hashtag\/zocalo?__eep__=6&amp;__cft__[0]=AZUmxJXrcI5MSvRb3ateGjIOjjRts2R_fXF7CH86dEvCEs1lJ-F7Rl5r4w1iFlMIvNH5NWgrD5z37XmdwXcyORKjos699g3Fo4PNVSiL6_JppII3YuwjWlddF4Nm0rb0bpM&amp;__tn__=*NK-R\">#zocalo<\/a><\/p>\n\n\n\n<p><a href=\"https:\/\/www.facebook.com\/hashtag\/zocalocdmx?__eep__=6&amp;__cft__[0]=AZUmxJXrcI5MSvRb3ateGjIOjjRts2R_fXF7CH86dEvCEs1lJ-F7Rl5r4w1iFlMIvNH5NWgrD5z37XmdwXcyORKjos699g3Fo4PNVSiL6_JppII3YuwjWlddF4Nm0rb0bpM&amp;__tn__=*NK-R\">#zocalocdmx<\/a><\/p>\n\n\n\n<p><a href=\"https:\/\/www.facebook.com\/hashtag\/gobiernocdmx?__eep__=6&amp;__cft__[0]=AZUmxJXrcI5MSvRb3ateGjIOjjRts2R_fXF7CH86dEvCEs1lJ-F7Rl5r4w1iFlMIvNH5NWgrD5z37XmdwXcyORKjos699g3Fo4PNVSiL6_JppII3YuwjWlddF4Nm0rb0bpM&amp;__tn__=*NK-R\">#GobiernoCDMX<\/a><\/p>\n\n\n\n<p><a href=\"https:\/\/www.facebook.com\/hashtag\/gobiernodelacdmx?__eep__=6&amp;__cft__[0]=AZUmxJXrcI5MSvRb3ateGjIOjjRts2R_fXF7CH86dEvCEs1lJ-F7Rl5r4w1iFlMIvNH5NWgrD5z37XmdwXcyORKjos699g3Fo4PNVSiL6_JppII3YuwjWlddF4Nm0rb0bpM&amp;__tn__=*NK-R\">#GOBIERNODELACDMX<\/a><\/p>\n\n\n\n<p><a href=\"https:\/\/www.facebook.com\/hashtag\/secretariadeculturacdmx?__eep__=6&amp;__cft__[0]=AZUmxJXrcI5MSvRb3ateGjIOjjRts2R_fXF7CH86dEvCEs1lJ-F7Rl5r4w1iFlMIvNH5NWgrD5z37XmdwXcyORKjos699g3Fo4PNVSiL6_JppII3YuwjWlddF4Nm0rb0bpM&amp;__tn__=*NK-R\">#secretariadeculturacdmx<\/a><\/p>\n\n\n\n<p><a href=\"https:\/\/www.facebook.com\/hashtag\/bitacoracdmx?__eep__=6&amp;__cft__[0]=AZUmxJXrcI5MSvRb3ateGjIOjjRts2R_fXF7CH86dEvCEs1lJ-F7Rl5r4w1iFlMIvNH5NWgrD5z37XmdwXcyORKjos699g3Fo4PNVSiL6_JppII3YuwjWlddF4Nm0rb0bpM&amp;__tn__=*NK-R\">#bitacoracdmx<\/a><\/p>\n","protected":false},"excerpt":{"rendered":"<p>REDACCION \u25cf Destac\u00f3 que a la diversidad de g\u00e9neros que se han presentado en el Z\u00f3calo se suma el rock con la presentaci\u00f3n de&nbsp;Interpol, que tendr\u00e1 lugar el s\u00e1bado 20 de abril a las 19:00 horas, en beneficio de los derechos culturales de habitantes y visitantes de la Ciudad de M\u00e9xico \u25cf La secretaria de Cultura, Claudia Curiel de Icaza, tambi\u00e9n invit\u00f3 al tercer concierto de la Orquesta Filarm\u00f3nica de la Ciudad de M\u00e9xico (OFCM), que se llevar\u00e1 a cabo el 13 de abril a las 18:00 horas en el barrio de Cuautepec, Alcald\u00eda Gustavo A. Madero con el objetivo [&hellip;]<\/p>\n","protected":false},"author":1,"featured_media":56001,"comment_status":"closed","ping_status":"closed","sticky":false,"template":"","format":"standard","meta":{"footnotes":""},"categories":[9,11],"tags":[],"_links":{"self":[{"href":"https:\/\/www.bitacoracdmx.com\/index.php?rest_route=\/wp\/v2\/posts\/56000"}],"collection":[{"href":"https:\/\/www.bitacoracdmx.com\/index.php?rest_route=\/wp\/v2\/posts"}],"about":[{"href":"https:\/\/www.bitacoracdmx.com\/index.php?rest_route=\/wp\/v2\/types\/post"}],"author":[{"embeddable":true,"href":"https:\/\/www.bitacoracdmx.com\/index.php?rest_route=\/wp\/v2\/users\/1"}],"replies":[{"embeddable":true,"href":"https:\/\/www.bitacoracdmx.com\/index.php?rest_route=%2Fwp%2Fv2%2Fcomments&post=56000"}],"version-history":[{"count":1,"href":"https:\/\/www.bitacoracdmx.com\/index.php?rest_route=\/wp\/v2\/posts\/56000\/revisions"}],"predecessor-version":[{"id":56002,"href":"https:\/\/www.bitacoracdmx.com\/index.php?rest_route=\/wp\/v2\/posts\/56000\/revisions\/56002"}],"wp:featuredmedia":[{"embeddable":true,"href":"https:\/\/www.bitacoracdmx.com\/index.php?rest_route=\/wp\/v2\/media\/56001"}],"wp:attachment":[{"href":"https:\/\/www.bitacoracdmx.com\/index.php?rest_route=%2Fwp%2Fv2%2Fmedia&parent=56000"}],"wp:term":[{"taxonomy":"category","embeddable":true,"href":"https:\/\/www.bitacoracdmx.com\/index.php?rest_route=%2Fwp%2Fv2%2Fcategories&post=56000"},{"taxonomy":"post_tag","embeddable":true,"href":"https:\/\/www.bitacoracdmx.com\/index.php?rest_route=%2Fwp%2Fv2%2Ftags&post=56000"}],"curies":[{"name":"wp","href":"https:\/\/api.w.org\/{rel}","templated":true}]}}